{"id":219659,"date":"2025-12-12T22:34:22","date_gmt":"2025-12-13T01:34:22","guid":{"rendered":"https:\/\/radioacuariofm.com.ar\/?p=219659"},"modified":"2025-12-12T22:34:23","modified_gmt":"2025-12-13T01:34:23","slug":"la-ciudad-de-chile-donde-desembarco-el-crimen-organizado-centro-de-torturas-hallazgos-del-horror-y-una-frontera-caliente","status":"publish","type":"post","link":"https:\/\/radioacuariofm.com.ar\/?p=219659","title":{"rendered":"La ciudad de Chile donde desembarc\u00f3 el crimen organizado: centro de torturas, hallazgos del horror y una frontera caliente"},"content":{"rendered":"<p> <br \/>\n<\/p>\n<div>\n<p class=\"com-paragraph  --capital --s\">ARICA, Chile.\u2013 En lo alto de Cerro Chu\u00f1o, en el norte de Chile, donde el sol golpea con fuerza todo el a\u00f1o, hay un sector que sobresale incluso entre las viviendas m\u00e1s precarias: un terreno bald\u00edo convertido en basural improvisado que se desliza por la ladera y se abre hacia el desierto de Atacama, <strong>uno de los lugares m\u00e1s \u00e1ridos del planeta.<\/strong><\/p>\n<p class=\"com-paragraph   --s\">En ese mismo sector funcion\u00f3 hasta hace pocos a\u00f1os una de las llamadas casas de tortura del<strong> <\/strong><a href=\"https:\/\/www.lanacion.com.ar\/el-mundo\/luis-cordero-ministro-de-seguridad-de-chile-gestionar-el-miedo-a-la-inseguridad-como-estrategia-nid31052025\/\" target=\"_self\" title=\"https:\/\/www.lanacion.com.ar\/el-mundo\/luis-cordero-ministro-de-seguridad-de-chile-gestionar-el-miedo-a-la-inseguridad-como-estrategia-nid31052025\/\" class=\"com-link break-word\" data-mrf-recirculation=\"n_link_parrafo\"><strong>Tren de Aragua<\/strong>, <\/a>un engranaje central para el control territorial y disciplinario de la organizaci\u00f3n criminal venezolana. De acuerdo con las investigaciones de la Fiscal\u00eda Regional de Arica y Parinacota y la Polic\u00eda de Investigaciones (PDI), hasta all\u00ed eran llevadas personas retenidas \u2014miembros que desobedec\u00edan \u00f3rdenes, rivales o v\u00edctimas de extorsi\u00f3n\u2014 por su c\u00e9lula local, Los Gallegos, para ser sometidas a <strong>castigos f\u00edsicos y psicol\u00f3gicos. <\/strong><\/p>\n<p class=\"com-paragraph   --s\">En 2022, la Fiscal\u00eda hall\u00f3 en ese lugar<strong> el cuerpo de un integrante de la banda que hab\u00eda sido enterrado vivo<\/strong>.<\/p>\n<p class=\"com-paragraph   --s\">El centro de torturas fue demolido. Pero la violencia asociada a ese enclave volvi\u00f3 a quedar expuesta hace siete meses, a pocos metros de ese bald\u00edo. En la casa 63, fiscales y detectives encontraron una valija enterrada a menos de un metro de profundidad. Dentro hab\u00eda un cuerpo. Seg\u00fan los investigadores, se trataba de <strong>un \u201cterrateniente\u201d de Los Gallegos, castigado por quedarse con dinero de la organizaci\u00f3n. Tambi\u00e9n fue enterrado vivo<\/strong>.<\/p>\n<p class=\"com-paragraph   --s\">La imagen recorri\u00f3 el pa\u00eds y condens\u00f3, en una escena brutal, un fen\u00f3meno que domina el debate p\u00fablico chileno. En plena <a href=\"https:\/\/www.lanacion.com.ar\/el-mundo\/chile-se-acerca-al-balotaje-con-un-kast-confiado-en-su-ventaja-y-jara-con-un-giro-a-un-modo-mas-nid11122025\/\" target=\"_self\" title=\"https:\/\/www.lanacion.com.ar\/el-mundo\/chile-se-acerca-al-balotaje-con-un-kast-confiado-en-su-ventaja-y-jara-con-un-giro-a-un-modo-mas-nid11122025\/\" class=\"com-link break-word\" data-mrf-recirculation=\"n_link_parrafo\">campa\u00f1a presidencial,<strong> <\/strong><\/a><strong>la expansi\u00f3n del crimen organizado y el aumento de la delincuencia<\/strong> se consolidaron como <a href=\"https:\/\/www.lanacion.com.ar\/el-mundo\/chile-se-volvio-un-pais-peligroso-los-discursos-de-mano-dura-ganan-apoyo-frente-al-panico-antes-de-nid15112025\/\" target=\"_self\" title=\"https:\/\/www.lanacion.com.ar\/el-mundo\/chile-se-volvio-un-pais-peligroso-los-discursos-de-mano-dura-ganan-apoyo-frente-al-panico-antes-de-nid15112025\/\" class=\"com-link break-word\" data-mrf-recirculation=\"n_link_parrafo\">ejes centrales de la discusi\u00f3n pol\u00edtica, <\/a>alimentando promesas de mano dura, control migratorio y endurecimiento de las pol\u00edticas de seguridad. <\/p>\n<div class=\"content-media\">\n<section role=\"button\" class=\"mod-media   \">\n<figure role=\"button\" class=\"mod-figure \"><figcaption class=\"mod-figcaption\"><span class=\"com-text --caption --twoxs\">Cerro Chu\u00f1o, una de las zonas m\u00e1s castigadas del norte de Chile<\/span><span class=\"com-text --credit --twoxs\">Pilar Castillo<\/span><\/figcaption><\/figure>\n<\/section>\n<\/div>\n<p class=\"com-paragraph   --s\">En ese clima, tanto <strong>Jos\u00e9 Antonio Kast<\/strong>, referente de la derecha conservadora, como <strong>Jeannette Jara<\/strong>, candidata de la izquierda, compiten en un escenario atravesado por el miedo y la demanda de respuestas urgentes del Estado.<\/p>\n<p class=\"com-paragraph   --s\">En Arica, sin embargo, el hallazgo no sorprendi\u00f3. En 2023, en ese mismo cerro, ya hab\u00edan aparecido los cuerpos de dos hermanos colombianos enterrados vivos. Y un a\u00f1o antes, en 2022, la tasa de homicidios roz\u00f3 los <strong>18 por cada 100.000 habitantes, la m\u00e1s alta del pa\u00eds<\/strong> y en niveles comparables con los de algunas de las ciudades m\u00e1s violentas de la regi\u00f3n.<\/p>\n<p class=\"com-paragraph   --s\">\u201cEl cambio fue brutal y muy r\u00e1pido\u201d, resume en di\u00e1logo con <strong>LA NACION <\/strong>el fiscal regional Mario Carrera. \u201cAntes el homicidio t\u00edpico era una pelea que se sal\u00eda de control. En 2022 casi todos fueron homicidios del crimen organizado: <strong>ejecuciones, torturas, cuerpos enterrados en el desierto<\/strong>\u201d.<\/p>\n<p class=\"com-paragraph   --s\">Hoy la cifra baj\u00f3, pero Arica sigue teniendo la tasa m\u00e1s alta de Chile, en torno a <strong>9 asesinatos por cada 100.000 habitantes<\/strong>, frente a un promedio nacional que ronda los 6.<\/p>\n<div class=\"content-media\">\n<section role=\"button\" class=\"mod-media   \">\n<figure role=\"button\" class=\"mod-figure \"><figcaption class=\"mod-figcaption\"><span class=\"com-text --caption --twoxs\">Un oficial de polic\u00eda dirige el tr\u00e1fico en el cruce fronterizo de Chacalluta en Arica, Chile<\/span><span class=\"com-text --credit --twoxs\">Ibar Silva &#8211; AP<\/span><\/figcaption><\/figure>\n<\/section>\n<\/div>\n<p class=\"com-paragraph   --s\">Cerro Chu\u00f1o condensa ese giro. La \u00fanica manera de entrar all\u00ed para la Fiscal\u00eda es<strong> en camioneta blindada, con chaleco antibalas y casco. <\/strong><\/p>\n<p class=\"com-paragraph   --s\">\u201cCerro Chu\u00f1o es un lugar contaminado con plomo y ars\u00e9nico, no habilitado para recibir poblaci\u00f3n, pero ah\u00ed vive la mayor\u00eda de la poblaci\u00f3n migrante. Es<strong> un asentamiento irregular donde no hay presencia del Estado ni de sociedad civil<\/strong>. Es tierra de nadie\u201d, describe Stephanie Coscing Seguel, coordinadora territorial de la ONG World Vision en Arica.<\/p>\n<p class=\"com-paragraph   --s\">No siempre fue as\u00ed. Originalmente, Cerro Chu\u00f1o estaba ocupado por viviendas sociales. Cuando se descubri\u00f3 la contaminaci\u00f3n por polimetales, el Estado reubic\u00f3 a las familias chilenas. Pero el cerro qued\u00f3 a medio demoler, con casas vac\u00edas, calles polvorientas, postes de luz sin mantenci\u00f3n. Con el correr de los a\u00f1os, primero grupos de colombianos y luego de venezolanos fueron ocupando esas estructuras abandonadas. La combinaci\u00f3n de terreno t\u00f3xico, ausencia institucional y rutas cercanas a la frontera lo convirti\u00f3 en <strong>el escenario ideal para que se instalara el Tren de Aragua.<\/strong><\/p>\n<div class=\"content-media\">\n<section role=\"button\" class=\"mod-media   \">\n<figure role=\"button\" class=\"mod-figure \"><figcaption class=\"mod-figcaption\"><span class=\"com-text --caption --twoxs\">Migrantes avanzan a pie cerca del paso fronterizo de Arica en Chile<\/span><span class=\"com-text --credit --twoxs\">PATRICIO ARANA  &#8211; AFP <\/span><\/figcaption><\/figure>\n<\/section>\n<\/div>\n<p class=\"com-paragraph   --s\">Fue en marzo de 2022 cuando la Fiscal\u00eda tuvo su primera se\u00f1al n\u00edtida. En una escucha telef\u00f3nica, dos narcotraficantes chilenos mencionaron que en ese cerro exist\u00eda una \u201ccasa de torturas\u201d. <strong>\u201cLos huevones tienen una huevada donde torturan a los locos all\u00e1 arriba\u201d<\/strong>, dijo uno de ellos, antes de describir c\u00f3mo un tercero hab\u00eda sido amarrado, apu\u00f1alado y llevado a ese lugar. Con ese indicio, Carrera y la PDI pusieron en marcha una operaci\u00f3n encubierta in\u00e9dita: agentes infiltrados, caracterizados como indigentes, comenzaron a deambular por el lugar.<\/p>\n<p class=\"com-paragraph   --s\">El m\u00e1s decisivo fue el agente D1, un polic\u00eda que se hizo pasar por fletero chileno. Durante el d\u00eda hac\u00eda fletes reales en la ciudad; de noche sub\u00eda al cerro, sin protecci\u00f3n, para ganarse la confianza de Los Gallegos. <\/p>\n<p class=\"com-paragraph   --s\">Su infiltraci\u00f3n permiti\u00f3 reconstruir el organigrama y reunir pruebas que ser\u00edan claves para un operativo masivo: <strong>m\u00e1s de cuarenta detenidos en un solo golpe, el desmontaje de buena parte de la c\u00e9lula local.<\/strong><\/p>\n<p class=\"com-paragraph   --s\">La llegada del crimen organizado internacional coincidi\u00f3 con la gran ola migratoria desde 2018, agudizada por el cierre de fronteras durante la pandemia. Con los pasos regulares clausurados, <strong>miles de venezolanos, colombianos y ecuatorianos comenzaron a cruzar por pasos no habilitados, guiados por \u201ctrocheros\u201d (coyotes)<\/strong>.<\/p>\n<div class=\"content-media\">\n<section role=\"button\" class=\"mod-media   \">\n<figure role=\"button\" class=\"mod-figure \"><figcaption class=\"mod-figcaption\"><span class=\"com-text --caption --twoxs\">Agentes de la Polic\u00eda Nacional hacen guardia previo a una conferencia de prensa sobre la extradici\u00f3n desde Estados Unidos de miembros de la pandilla Tren de Aragua y su llegada a una penitenciar\u00eda de m\u00e1xima seguridad en Santiago, Chile, el mi\u00e9rcoles 1 de octubre de 2025. (AP Foto\/Esteban F\u00e9lix)<\/span><span class=\"com-text --credit --twoxs\">Esteban Felix &#8211; AP<\/span><\/figcaption><\/figure>\n<\/section>\n<\/div>\n<p class=\"com-paragraph   --s\">\u201cEn esos desplazamientos migratorios van actores criminales, pero lo realmente importante es c\u00f3mo las organizaciones utilizan ese proceso para generar una econom\u00eda il\u00edcita rentable: cobran por el paso, hacen trata de personas, usan las mismas rutas para drogas, armas y municiones\u201d, explica el experto en seguridad Pablo Zeballos. \u201cCuando alguien no tiene para pagar, queda con una deuda impagable con la estructura criminal y pasa a una forma permanente de sumisi\u00f3n\u201d, a\u00f1ade.<\/p>\n<p class=\"com-paragraph   --s\">La expansi\u00f3n se dio por etapas. Primero, una fase de exploraci\u00f3n: bandas mixtas empezaron a probar el terreno, cobrando peajes por las <strong>\u201ctrochas\u201d <\/strong>y ofreciendo \u201cprotecci\u00f3n\u201d a cambio de pagos semanales. Luego una fase de penetraci\u00f3n, la m\u00e1s violenta, en 2021\u20132022. All\u00ed, organizaciones m\u00e1s sofisticadas como el Tren de Aragua desplazaron a los grupos peque\u00f1os y tomaron el control de los puntos estrat\u00e9gicos: <strong>la frontera, el terminal de buses, el cerro.<\/strong><\/p>\n<p class=\"com-paragraph   --s\">\u201cSon avasalladores, no respetan fronteras internas ni l\u00edmites t\u00e1citos. Su objetivo es ocupar cada espacio\u201d, resume un investigador. El resultado fue un salto brutal en la violencia: homicidios con sello de ejecuci\u00f3n, cuerpos enterrados en el desierto, secuestros extorsivos, descuartizamientos usados como mensaje disciplinario.<\/p>\n<p class=\"com-paragraph   --s\">Arica, muy cerca de la frontera con Per\u00fa, no fue elegida al azar. \u201cA esta regi\u00f3n nadie trae droga para venderla ac\u00e1. Arica es una cabeza de playa: por geograf\u00eda estamos entre dos pa\u00edses productores, tenemos puerto y libre tr\u00e1nsito hacia Bolivia. <strong>Desde aqu\u00ed la droga baja al sur o sale al mundo<\/strong>\u201d, sintetiza Carrera. El puerto arique\u00f1o, sumado al r\u00e9gimen de libre tr\u00e1nsito para la carga boliviana acordado tras la Guerra del Pac\u00edfico, permite que contenedores sellados entren y salgan con menores sospechas que en otros puertos de la regi\u00f3n.<\/p>\n<div class=\"content-media\">\n<section role=\"button\" class=\"mod-media   \">\n<figure role=\"button\" class=\"mod-figure \"><figcaption class=\"mod-figcaption\"><span class=\"com-text --caption --twoxs\">Migrantes a la espera de cruzar desde Chile hacia Per\u00fa<\/span><span class=\"com-text --credit --twoxs\">Anadolu &#8211; Anadolu<\/span><\/figcaption><\/figure>\n<\/section>\n<\/div>\n<p class=\"com-paragraph   --s\">Cuando empez\u00f3 esta transformaci\u00f3n, la institucionalidad no estaba preparada. \u201c\u00c9ramos una fiscal\u00eda ingenua. Ten\u00edamos una excelente brigada de homicidios, pero pensada para homicidios ocasionales\u201d, admite Carrera.<\/p>\n<p class=\"com-paragraph   --s\">La irrupci\u00f3n del crimen organizado oblig\u00f3 a cambiar todo. El fiscal present\u00f3 proyectos al gobierno regional, a la Delegaci\u00f3n Presidencial y al Ministerio del Interior para montar un modelo nuevo de persecuci\u00f3n penal. Con esos recursos contrat\u00f3 equipos multidisciplinarios -psic\u00f3logos, antrop\u00f3logos, soci\u00f3logos, ingenieros, contadores, programadores-, digitaliz\u00f3 <strong>unas 300.000 causas de los \u00faltimos 20 a\u00f1os<\/strong> y desarroll\u00f3 software de an\u00e1lisis que hoy se utiliza en todo Chile.<\/p>\n<p class=\"com-paragraph   --s\">La unidad ECOH (Equipo contra el Crimen Organizado y Homicidios) convirti\u00f3 a Arica en un laboratorio. <\/p>\n<p class=\"com-paragraph   --s\">Lo que Arica vivi\u00f3 hace tres a\u00f1os hoy se siente en el resto de Chile. A nivel nacional, <strong>la tasa de homicidios pas\u00f3 de niveles cercanos a 3 por cada 100.000 habitantes hace una d\u00e9cada a alrededor de 6 homicidios por 100.000 en 2024<\/strong>, seg\u00fan cifras oficiales del Ministerio del Interior.<\/p>\n<p class=\"com-paragraph   --s\">Paralelamente, los delitos asociados al crimen organizado aumentaron un 8,4% entre 2022 y 2023, hasta llegar a una tasa de 775,49 delitos por cada 100.000 habitantes, de acuerdo con el Indicador Nacional de Crimen Organizado elaborado por el Centro de Estudios en Seguridad y Crimen Organizado (Cescro) de la Universidad San Sebasti\u00e1n. Las regiones m\u00e1s afectadas son precisamente<strong> Tarapac\u00e1, Arica y Parinacota y Antofagasta<\/strong>, que concentran tanto la mayor frecuencia como las tasas m\u00e1s altas de delitos ligados a estas estructuras.<\/p>\n<div class=\"content-media\">\n<section role=\"button\" class=\"mod-media   \">\n<figure role=\"button\" class=\"mod-figure \"><figcaption class=\"mod-figcaption\"><span class=\"com-text --caption --twoxs\">Polic\u00eda y forenses trabajan en la zona donde se encontr\u00f3 el cuerpo del exmilitar venezolano Ronald Ojeda, secuestrado ocho d\u00edas antes, en Santiago, Chile, el 1 de marzo de 2024. <\/span><span class=\"com-text --credit --twoxs\">Esteban Felix &#8211; AP<\/span><\/figcaption><\/figure>\n<\/section>\n<\/div>\n<p class=\"com-paragraph   --s\">La sensaci\u00f3n ciudadana acompa\u00f1a ese deterioro. Seg\u00fan la \u00faltima Encuesta Nacional Urbana de Seguridad Ciudadana (Enusc), <strong>un 38,5% de los hogares declar\u00f3 haber sido v\u00edctima de alg\u00fan delito en los \u00faltimos 12 meses<\/strong> y el 28% de las personas dijo haber sufrido al menos un delito en ese per\u00edodo.<\/p>\n<p class=\"com-paragraph   --s\">Una medici\u00f3n de la Fundaci\u00f3n Paz Ciudadana mostr\u00f3 que un 23,8% de los consultados considera <strong>\u201cbastante o muy probable\u201d <\/strong>ser v\u00edctima de un homicidio en los pr\u00f3ximos 12 meses y un 21,3% cree que podr\u00eda ser secuestrado.<\/p>\n<p class=\"com-paragraph   --s\">\u201cEn etapa electoral la epidermis social est\u00e1 muy activa. Un peque\u00f1o al\u00e9rgeno puede generar una reacci\u00f3n gigantesca que no necesariamente refleja la realidad\u201d, advierte Zeballos. <\/p>\n<p class=\"com-paragraph   --s\">En una d\u00e9cada, Chile vivi\u00f3 uno de los procesos migratorios m\u00e1s r\u00e1pidos de su historia reciente. Seg\u00fan datos del Servicio Nacional de Migraciones y el Instituto Nacional de Estad\u00edsticas (INE), <strong>hasta 2023 se estimaban 1.918.583 personas extranjeras residentes en el pa\u00eds, casi el 10% de la poblaci\u00f3n tota<\/strong>l. La mayor\u00eda son venezolanos, haitianos, peruanos y colombianos. Una porci\u00f3n importante est\u00e1 en situaci\u00f3n irregular por haber ingresado por pasos no habilitados o por trabas burocr\u00e1ticas en la regularizaci\u00f3n.<\/p>\n<div class=\"content-media\">\n<section role=\"button\" class=\"mod-media   \">\n<figure role=\"button\" class=\"mod-figure \"><figcaption class=\"mod-figcaption\"><span class=\"com-text --caption --twoxs\">Decenas de migrantes, en su mayor\u00eda venezolanos, aguardan para cruzar a Per\u00fa en el paso fronterizo de Arica<\/span><span class=\"com-text --credit --twoxs\">Ibar Silva  &#8211; AP <\/span><\/figcaption><\/figure>\n<\/section>\n<\/div>\n<p class=\"com-paragraph   --s\">\u201cEn Chile no hay gesti\u00f3n migratoria. Todo est\u00e1 colapsado y el debate se centra solo en control\u201d, critica el soci\u00f3logo e investigador Ignacio Eissmann. <\/p>\n<p class=\"com-paragraph   --s\">El soci\u00f3logo Pablo Roessler va m\u00e1s all\u00e1 y describe un problema de fondo: \u201cHay un problema de cohesi\u00f3n social en Chile hoy y esto se intensifica entre chilenos y extranjeros\u201d.<\/p>\n<p class=\"com-paragraph   --s\">Sobre esa matriz identitaria se monta el miedo al delito. \u201cHay un tratamiento medi\u00e1tico y pol\u00edtico de la migraci\u00f3n que la asocia m\u00e1s fuertemente de lo que realmente es con la delincuencia\u201d, afirma Roessler. \u201cAparecen cr\u00edmenes que no se ve\u00edan antes y son amplificados en los medios y en los discursos pol\u00edticos. Estos elementos de la identidad chilena actual pueden llevar a votar por alguien que aborde la migraci\u00f3n desde el control\u201d, advierte.<\/p>\n<p class=\"com-paragraph   --s\">As\u00ed, en los d\u00edas previos al balotaje, las c\u00e1maras se concentraron en el complejo fronterizo Chacalluta\u2013Santa Rosa, entre Arica y Tacna (Per\u00fa). Im\u00e1genes de familias con valijas bajo el sol, polic\u00edas peruanos con uniforme militar y largas filas de migrantes esperando tr\u00e1mites alimentaron la idea de una<strong> \u201ccrisis\u201d en la frontera<\/strong>, con personas que supuestamente hu\u00edan de Chile por temor a una eventual victoria de Kast. En ese contexto, el gobierno peruano lleg\u00f3 a decretar el estado de emergencia en la zona fronteriza, ante el temor de una afluencia repentina de migrantes desde Chile. <\/p>\n<p class=\"com-paragraph   --s\">Sin embargo, sobre el terreno, autoridades y organizaciones coinciden en que se trat\u00f3 de <strong>un episodio acotado, amplificado por el clima electoral<\/strong> y por la centralidad que la migraci\u00f3n y la seguridad hab\u00edan adquirido en la campa\u00f1a.<\/p>\n<p class=\"com-paragraph   --s\">Pero la inquietud es palpable.<strong> \u201cSe vienen las elecciones y tenemos mucho miedo de lo que pueda pasar\u201d<\/strong>, dice a LA NACION Ana, una venezolana de 28 a\u00f1os que pasea a su perro por la playa de Arica. <\/p>\n<p class=\"com-paragraph   --s\">En ese contexto, la migraci\u00f3n irregular y el crimen organizado se convirtieron en ejes centrales de la campa\u00f1a. Kast, referente de la derecha, hizo del tema su bandera, con planes que prometen ampliar las facultades de Carabineros, desplegar Fuerzas Armadas en zonas cr\u00edticas y acelerar las expulsiones de migrantes sin papeles o con antecedentes.<\/p>\n<p class=\"com-paragraph   --s\">La experta en seguridad Luc\u00eda Dammert considera que ese \u00e9nfasis responde m\u00e1s a una l\u00f3gica electoral que a la realidad actual. \u201c<strong>Cerrar la frontera es imposible. Chile tiene una de las fronteras m\u00e1s largas del mundo.<\/strong> La idea de seguir insistiendo en la frontera tiene un resorte mucho m\u00e1s electoral que una respuesta a un problema real. La sensaci\u00f3n que transmite Kast es la de un desborde. Y eso ya no est\u00e1 sucediendo\u201d, considera.<\/p>\n<div class=\"content-media\">\n<section role=\"button\" class=\"mod-media   \">\n<figure role=\"button\" class=\"mod-figure \"><figcaption class=\"mod-figcaption\"><span class=\"com-text --caption --twoxs\">Un militar peruano, en la frontera con Chile<\/span><span class=\"com-text --credit --twoxs\">Anadolu &#8211; Anadolu<\/span><\/figcaption><\/figure>\n<\/section>\n<\/div>\n<p class=\"com-paragraph   --s\">Dammert tambi\u00e9n desmonta la promesa de expulsiones masivas: \u201c<strong>Para expulsar a todos los migrantes irregulares necesitar\u00edas un avi\u00f3n de cien personas diario por nueve a\u00f1os. <\/strong>Es ret\u00f3rica electoralista, no una pol\u00edtica aplicable\u201d. <\/p>\n<p class=\"com-paragraph   --s\">Lo que s\u00ed es posible, coinciden los especialistas, es un escenario de endurecimiento, como prometen desde los dos comandos que llegaron al balotaje: m\u00e1s trabas a la regularizaci\u00f3n, expulsiones selectivas, mayores requisitos para renovar visas. Eso basta para encender el temor entre quienes viven en la irregularidad. <\/p>\n<p class=\"com-paragraph   --s\">\u201cS\u00ed, hay miedo. Especialmente entre la poblaci\u00f3n irregular\u201d, reconoce Eissmann. <\/p>\n<p class=\"com-paragraph   --s\">Roessler matiza: \u201cDecirte que habr\u00e1 un \u00e9xodo ser\u00eda irresponsable, <strong>pero la cuenta regresiva que plantea el candidato puede motivar a algunos a irse voluntariamente<\/strong>\u201d.<\/p>\n<section class=\"container-center-100 mb-40 border border-bottom border-thin border-neutral-light-700\">\n<hr\/>\n<\/section>\n<\/div>\n\n","protected":false},"excerpt":{"rendered":"<p>ARICA, Chile.\u2013 En lo alto de Cerro Chu\u00f1o, en el norte de Chile, donde el sol golpea con fuerza todo el a\u00f1o, hay un sector que sobresale incluso entre las viviendas m\u00e1s precarias: un terreno bald\u00edo convertido en basural improvisado que se desliza por la ladera y se abre hacia el desierto de Atacama, uno [&hellip;]<\/p>\n","protected":false},"author":2,"featured_media":219660,"comment_status":"closed","ping_status":"closed","sticky":false,"template":"","format":"standard","meta":{"footnotes":""},"categories":[1],"tags":[],"class_list":["post-219659","post","type-post","status-publish","format-standard","has-post-thumbnail","hentry","category-uncategorized"],"_links":{"self":[{"href":"https:\/\/radioacuariofm.com.ar\/index.php?rest_route=\/wp\/v2\/posts\/219659","targetHints":{"allow":["GET"]}}],"collection":[{"href":"https:\/\/radioacuariofm.com.ar\/index.php?rest_route=\/wp\/v2\/posts"}],"about":[{"href":"https:\/\/radioacuariofm.com.ar\/index.php?rest_route=\/wp\/v2\/types\/post"}],"author":[{"embeddable":true,"href":"https:\/\/radioacuariofm.com.ar\/index.php?rest_route=\/wp\/v2\/users\/2"}],"replies":[{"embeddable":true,"href":"https:\/\/radioacuariofm.com.ar\/index.php?rest_route=%2Fwp%2Fv2%2Fcomments&post=219659"}],"version-history":[{"count":1,"href":"https:\/\/radioacuariofm.com.ar\/index.php?rest_route=\/wp\/v2\/posts\/219659\/revisions"}],"predecessor-version":[{"id":219661,"href":"https:\/\/radioacuariofm.com.ar\/index.php?rest_route=\/wp\/v2\/posts\/219659\/revisions\/219661"}],"wp:featuredmedia":[{"embeddable":true,"href":"https:\/\/radioacuariofm.com.ar\/index.php?rest_route=\/wp\/v2\/media\/219660"}],"wp:attachment":[{"href":"https:\/\/radioacuariofm.com.ar\/index.php?rest_route=%2Fwp%2Fv2%2Fmedia&parent=219659"}],"wp:term":[{"taxonomy":"category","embeddable":true,"href":"https:\/\/radioacuariofm.com.ar\/index.php?rest_route=%2Fwp%2Fv2%2Fcategories&post=219659"},{"taxonomy":"post_tag","embeddable":true,"href":"https:\/\/radioacuariofm.com.ar\/index.php?rest_route=%2Fwp%2Fv2%2Ftags&post=219659"}],"curies":[{"name":"wp","href":"https:\/\/api.w.org\/{rel}","templated":true}]}}