{"id":218523,"date":"2025-12-03T02:40:07","date_gmt":"2025-12-03T05:40:07","guid":{"rendered":"https:\/\/radioacuariofm.com.ar\/?p=218523"},"modified":"2025-12-03T02:40:08","modified_gmt":"2025-12-03T05:40:08","slug":"crisis-economica-un-presidente-impopular-y-acorralado-por-un-parlamento-en-manos-opositoras","status":"publish","type":"post","link":"https:\/\/radioacuariofm.com.ar\/?p=218523","title":{"rendered":"crisis econ\u00f3mica, un presidente impopular y acorralado por un Parlamento en manos opositoras"},"content":{"rendered":"<p> <br \/>\n<\/p>\n<div id=\"element-body-0\">\n<p><strong>La inesperada declaraci\u00f3n de la ley marcial<\/strong>  y de emergencia por parte del presidente surcoreano, Yoon Suk-yeol, quien culpabiliz\u00f3 al principal bloque opositor de \u00abfuerza pronorcoreana\u00bb, <strong>se produce tras una serie de tensiones entre ambas formaciones <\/strong>y con el dirigente en m\u00ednimos de popularidad.<\/p>\n<\/div>\n<div id=\"element-body-1\">\n<p>Yoon anunci\u00f3 la ley marcial en una declaraci\u00f3n televisada para proteger el \u00aborden constitucional\u00bb de<strong> actividades \u00abanti-estatales\u00bb<\/strong>, de las que acusa al principal bloque de la oposici\u00f3n, el Partido Democr\u00e1tico (PD), al que tild\u00f3 de llevar a cabo \u00abactividades anti-estatales\u00bb.<\/p>\n<\/div>\n<div id=\"element-body-2\">\n<p>El sorprendente anuncio llega despu\u00e9s de que el PD, que tiene mayor\u00eda en la Asamblea Nacional (Parlamento), aprobara sin contar con el apoyo del gobernante Partido del Poder Popular (PPP) de Yoon<strong> unos presupuestos generales para 2025 con m\u00faltiples recortes<\/strong>, adem\u00e1s de mociones para destituir al fiscal general y al responsable de la Junta de Auditor\u00eda e Inspecci\u00f3n, encargada de monitorizar las cuentas de los organismos p\u00fablicos.<\/p>\n<\/div>\n<div id=\"element-body-3\">\n<p><strong>La presidencia de Yoon qued\u00f3 muy debilitada<\/strong> desde que el opositor Partido Democr\u00e1tico gan\u00f3 las elecciones legislativas el pasado abril, y desde entonces su Gobierno no ha podido sacar adelante las leyes que se hab\u00eda propuesto.<\/p>\n<\/div>\n<div id=\"element-body-5\">\n<p>El mismo Yoon justific\u00f3 hoy en su discurso televisado que desde que jur\u00f3 el cargo en mayo de 2022 <strong>se han registrado 22 procesos de destituci\u00f3n contra miembros de su Gobierno<\/strong>, con la oposici\u00f3n impulsando su d\u00e9cimo intento desde que se reanud\u00f3 la Asamblea Nacional tras los comicios legislativos.<\/p>\n<\/div>\n<div id=\"element-body-6\">\n<p>El mandatario conservador dijo que la situaci\u00f3n \u00abno tiene precedentes\u00bb en la historia del pa\u00eds y en la pol\u00edtica global, alegando que <strong>las acciones han socavado la capacidad de gesti\u00f3n del Ejecutivo.<\/strong><\/p>\n<\/div>\n<div id=\"element-body-7\">\n<p>Acerca de los presupuestos generales recortados para este a\u00f1o, Yoon denunci\u00f3 que minar\u00edan las funciones \u00abesenciales\u00bb del Gobierno, <strong>incluyendo la prevenci\u00f3n de cr\u00edmenes relacionados con las drogas y las medidas de seguridad p\u00fablicas<\/strong>, abocando al pa\u00eds, dijo, a convertirse en un \u00abpara\u00edso para las drogas\u00bb.<\/p>\n<\/div>\n<div id=\"element-body-8\">\n<p>La declaraci\u00f3n de la ley marcial, <strong>cuya revocaci\u00f3n ha sido votada esta misma noche<\/strong> por la Asamblea Nacional en una sesi\u00f3n extraordinaria con 190 votos a favor -lo que seg\u00fan la Constituci\u00f3n surcoreana obliga al presidente a retirarla-, se produce con el \u00edndice m\u00e1s bajo de respaldo popular de Yoon en todo su mandato.<\/p>\n<\/div>\n<div id=\"element-body-9\">\n<p>Seg\u00fan datos de la agencia de sondeos Gallup Korea de comienzos de noviembre, su aprobaci\u00f3n popular <strong>cay\u00f3 hasta el 17% y su valoraci\u00f3n negativa alcanz\u00f3 un m\u00e1ximo hist\u00f3rico al ubicarse en el 74%.<\/strong><\/p>\n<\/div>\n<div id=\"element-body-10\">\n<p>Los motivos tras estos bajos niveles de popularidad son varios, como la gesti\u00f3n que se ha hecho de las acusaciones dirigidas a la primera dama Kim Keon-hee,<strong> la situaci\u00f3n de la econom\u00eda<\/strong> o la falta de comunicaci\u00f3n por parte del presidente.<\/p>\n<\/div>\n<div id=\"element-body-11\">\n<p>Su esposa se ha enfrentado a cr\u00edticas por las acusaciones relacionadas con su aceptaci\u00f3n de <strong>un bolso de lujo para un supuesto trato de favor<\/strong>, la manipulaci\u00f3n de acciones y su implicaci\u00f3n en la interferencia en las nominaciones de candidatos del gobernante Partido del Poder Popular de cara a las elecciones de abril.<\/p>\n<\/div>\n<div id=\"element-body-13\">\n<p><strong>Yoon lleg\u00f3 a pedir disculpas p\u00fablicamente<\/strong> en medio de las controversias en torno a la primera dama y dijo: \u00abCreo que el papel del presidente no es poner excusas. Todo esto se debe a mis propias deficiencias y falta de virtud\u00bb.<\/p>\n<\/div>\n<div id=\"element-body-14\">\n<p>Asimismo, la encuesta realizada por Gallup recogi\u00f3 que el apoyo al opositor Partido Democr\u00e1tico (PD) <strong>subi\u00f3 un 4%, hasta los 36 puntos.<\/strong><\/p>\n<\/div>\n<div id=\"element-body-15\">\n<p>Miles de personas se congregaron hoy frente a la Asamblea Nacional de Se\u00fal para protestar contra la ley marcial y reclamar la dimisi\u00f3n de Yoon, mientras las tropas surcoreanas trataban de tomar la sede del poder legislativo bajo esa medida de excepci\u00f3n.<\/p>\n<\/div>\n\n","protected":false},"excerpt":{"rendered":"<p>La inesperada declaraci\u00f3n de la ley marcial y de emergencia por parte del presidente surcoreano, Yoon Suk-yeol, quien culpabiliz\u00f3 al principal bloque opositor de \u00abfuerza pronorcoreana\u00bb, se produce tras una serie de tensiones entre ambas formaciones y con el dirigente en m\u00ednimos de popularidad. Yoon anunci\u00f3 la ley marcial en una declaraci\u00f3n televisada para proteger [&hellip;]<\/p>\n","protected":false},"author":2,"featured_media":218524,"comment_status":"closed","ping_status":"closed","sticky":false,"template":"","format":"standard","meta":{"footnotes":""},"categories":[33],"tags":[],"class_list":["post-218523","post","type-post","status-publish","format-standard","has-post-thumbnail","hentry","category-el-mundo"],"_links":{"self":[{"href":"https:\/\/radioacuariofm.com.ar\/index.php?rest_route=\/wp\/v2\/posts\/218523","targetHints":{"allow":["GET"]}}],"collection":[{"href":"https:\/\/radioacuariofm.com.ar\/index.php?rest_route=\/wp\/v2\/posts"}],"about":[{"href":"https:\/\/radioacuariofm.com.ar\/index.php?rest_route=\/wp\/v2\/types\/post"}],"author":[{"embeddable":true,"href":"https:\/\/radioacuariofm.com.ar\/index.php?rest_route=\/wp\/v2\/users\/2"}],"replies":[{"embeddable":true,"href":"https:\/\/radioacuariofm.com.ar\/index.php?rest_route=%2Fwp%2Fv2%2Fcomments&post=218523"}],"version-history":[{"count":1,"href":"https:\/\/radioacuariofm.com.ar\/index.php?rest_route=\/wp\/v2\/posts\/218523\/revisions"}],"predecessor-version":[{"id":218525,"href":"https:\/\/radioacuariofm.com.ar\/index.php?rest_route=\/wp\/v2\/posts\/218523\/revisions\/218525"}],"wp:featuredmedia":[{"embeddable":true,"href":"https:\/\/radioacuariofm.com.ar\/index.php?rest_route=\/wp\/v2\/media\/218524"}],"wp:attachment":[{"href":"https:\/\/radioacuariofm.com.ar\/index.php?rest_route=%2Fwp%2Fv2%2Fmedia&parent=218523"}],"wp:term":[{"taxonomy":"category","embeddable":true,"href":"https:\/\/radioacuariofm.com.ar\/index.php?rest_route=%2Fwp%2Fv2%2Fcategories&post=218523"},{"taxonomy":"post_tag","embeddable":true,"href":"https:\/\/radioacuariofm.com.ar\/index.php?rest_route=%2Fwp%2Fv2%2Ftags&post=218523"}],"curies":[{"name":"wp","href":"https:\/\/api.w.org\/{rel}","templated":true}]}}