{"id":218374,"date":"2025-12-02T08:23:24","date_gmt":"2025-12-02T11:23:24","guid":{"rendered":"https:\/\/radioacuariofm.com.ar\/?p=218374"},"modified":"2025-12-02T08:23:25","modified_gmt":"2025-12-02T11:23:25","slug":"culmino-el-south-american-rally-race-en-san-juan","status":"publish","type":"post","link":"https:\/\/radioacuariofm.com.ar\/?p=218374","title":{"rendered":"Culmin\u00f3 el South American Rally Race en San Juan"},"content":{"rendered":"<p><\/p>\n<div>\n<p>El <strong>South American Rally Race (S.A.R.R)<\/strong> pas\u00f3 otra vez por nuestra provincia, como ocurri\u00f3 en a\u00f1os anteriores, esta vez para cerrar la competencia, donde los pilotos de motos, UTV, cuatriciclos y camionetas, cumplieron de esta manera los cinco d\u00edas en este evento.<\/p>\n<p>El mejor rally raid de Sudam\u00e9rica, cont\u00f3 con pilotos de <strong>Argentina, Brasil, Paraguay, Uruguay y Chile<\/strong>, entre otros, en su cuarta fecha, que fue coincidente con la s\u00e9ptima y octava del argentino.<\/p>\n<p>La competencia uni\u00f3 estos d\u00edas Tinogasta con San Juan, comenzando la competencia en la provincia de <strong>Catamarca<\/strong> con administrativa y t\u00e9cnica el d\u00eda martes 25 de noviembre, etapa 1 y largada simb\u00f3lica el mi\u00e9rcoles 26, etapa 2 el jueves 27, tercera etapa el viernes 28, donde llegaron los competidores a nuestra provincia, para disputar el s\u00e1bado 29 la etapa 4 y el domingo 30 de noviembre la quinta y \u00faltima etapa, que adem\u00e1s tuvo su vivac en el Centro de Convenciones. En este lugar el p\u00fablico pudo tomar im\u00e1genes con los veh\u00edculos y pilotos.<\/p>\n<p><strong>Resultados en todas las categor\u00edas:<\/strong><\/p>\n<p>M1 (motos)<br \/>1-Jerem\u00edas Pascual (Villa Dolores) 20:24:42<br \/>2-Joaqu\u00edn Debeljuh (Buenos Aires) a 02:01:00<br \/>3-Juli\u00e1n S\u00e1nchez Dablin (Mendoza) a 03:49.48<br \/>4-Chun Sapag (Paraguay) a 09:19:10 <br \/>5-Gerardo Silicani (Santa Fe) a 10:04:09 <br \/>6-Benjam\u00edn Pascual (C\u00f3rdoba) NO TERMIN\u00d3<\/p>\n<p>M2 (motos)<br \/>1-Baltazar Frezze (Salta) 24:16:25 <br \/>2-Juan Andr\u00e9s Pico (La Pampa) a 03:00:15 <br \/>3-Picho Frois (La Pampa) <br \/>4-Sebasti\u00e1n Elices (Santa Fe)<\/p>\n<p>Q1 (cuatriciclos) <br \/>1-Giuliano Giordana (C\u00f3rdoba) 22:16:26 <br \/>2-Santino Camacho (C\u00f3rdoba) a 01:02:29 <br \/>3-Jos\u00e9 Faule (Santiago del Estero) a 06:31:55 <br \/>4-Agust\u00edn Cadamuro (C\u00f3rdoba) NO TERMIN\u00d3<\/p>\n<p>T4.1 (UTV) <br \/>1-Jerem\u00edas Gonz\u00e1lez Ferioli\/Gonzalo Rinaldi (C\u00f3rdoba) 19:01:56 <br \/>2-Gustavo Gallegos\/Santiago de la Vega (Buenos Aires) a 01:57:11<br \/>3-Nazareno L\u00f3pez\/Sergio Lafuente (Chubut) a 04:40.34<\/p>\n<p>T3.1 (camionetas) <br \/>1-Ricardo Silicani\/Laureano Acosta (Santa Fe) 22:38:46 <br \/>2-Karina Dobal\/Lisandro Sisterna (Buenos Aires) a 03:28:45 <br \/>3-Fernando Castelblanco\/Andr\u00e9s S\u00e1nchez (Colombia) a 03:48:23 <br \/>4-Omar G\u00e1ndara\/Adriano Battista (Buenos Aires) a 04:17:54 <br \/>5-Manuel \u00c1lvarez\/Daniel L\u00f3pez (Uruguay) a 04:48:08<\/p>\n<p>T4.2 (camionetas) <br \/>1-Breno Ferreira\/Nicol\u00e1s Bollero (Brasil) 21:06:42 <br \/>2-Leandro Mokfa\/Gabriel Dall Agnol (Brasil) a 03:45:24<br \/>3-Rodrigo Bianchini\/Fabio Zeller (Brasil) NO TERMIN\u00d3<\/p>\n<p>T1.1 (camionetas)<br \/>1-Ramiro Corval\u00e1n (San Luis) 30:22:18<\/p>\n<p>T2.1 (camionetas)<br \/>1-Jos\u00e9 Antonio Mart\u00ednez\/Juan Carlos Pereira (Mendoza) 36:29:45<\/p>\n<\/p><\/div>\n<p><script async defer crossorigin=\"anonymous\" src=\"https:\/\/connect.facebook.net\/es_ES\/sdk.js#xfbml=1&#038;version=v3.3\"><\/script><\/p>\n","protected":false},"excerpt":{"rendered":"<p>El South American Rally Race (S.A.R.R) pas\u00f3 otra vez por nuestra provincia, como ocurri\u00f3 en a\u00f1os anteriores, esta vez para cerrar la competencia, donde los pilotos de motos, UTV, cuatriciclos y camionetas, cumplieron de esta manera los cinco d\u00edas en este evento. El mejor rally raid de Sudam\u00e9rica, cont\u00f3 con pilotos de Argentina, Brasil, Paraguay, [&hellip;]<\/p>\n","protected":false},"author":2,"featured_media":218375,"comment_status":"closed","ping_status":"closed","sticky":false,"template":"","format":"standard","meta":{"footnotes":""},"categories":[27],"tags":[],"class_list":["post-218374","post","type-post","status-publish","format-standard","has-post-thumbnail","hentry","category-san-juan"],"_links":{"self":[{"href":"https:\/\/radioacuariofm.com.ar\/index.php?rest_route=\/wp\/v2\/posts\/218374","targetHints":{"allow":["GET"]}}],"collection":[{"href":"https:\/\/radioacuariofm.com.ar\/index.php?rest_route=\/wp\/v2\/posts"}],"about":[{"href":"https:\/\/radioacuariofm.com.ar\/index.php?rest_route=\/wp\/v2\/types\/post"}],"author":[{"embeddable":true,"href":"https:\/\/radioacuariofm.com.ar\/index.php?rest_route=\/wp\/v2\/users\/2"}],"replies":[{"embeddable":true,"href":"https:\/\/radioacuariofm.com.ar\/index.php?rest_route=%2Fwp%2Fv2%2Fcomments&post=218374"}],"version-history":[{"count":1,"href":"https:\/\/radioacuariofm.com.ar\/index.php?rest_route=\/wp\/v2\/posts\/218374\/revisions"}],"predecessor-version":[{"id":218376,"href":"https:\/\/radioacuariofm.com.ar\/index.php?rest_route=\/wp\/v2\/posts\/218374\/revisions\/218376"}],"wp:featuredmedia":[{"embeddable":true,"href":"https:\/\/radioacuariofm.com.ar\/index.php?rest_route=\/wp\/v2\/media\/218375"}],"wp:attachment":[{"href":"https:\/\/radioacuariofm.com.ar\/index.php?rest_route=%2Fwp%2Fv2%2Fmedia&parent=218374"}],"wp:term":[{"taxonomy":"category","embeddable":true,"href":"https:\/\/radioacuariofm.com.ar\/index.php?rest_route=%2Fwp%2Fv2%2Fcategories&post=218374"},{"taxonomy":"post_tag","embeddable":true,"href":"https:\/\/radioacuariofm.com.ar\/index.php?rest_route=%2Fwp%2Fv2%2Ftags&post=218374"}],"curies":[{"name":"wp","href":"https:\/\/api.w.org\/{rel}","templated":true}]}}