{"id":217669,"date":"2025-11-25T14:56:24","date_gmt":"2025-11-25T17:56:24","guid":{"rendered":"https:\/\/radioacuariofm.com.ar\/?p=217669"},"modified":"2025-11-25T14:56:25","modified_gmt":"2025-11-25T17:56:25","slug":"comienzan-las-preinscripciones-para-el-curso-provincial-de-guardavidas","status":"publish","type":"post","link":"https:\/\/radioacuariofm.com.ar\/?p=217669","title":{"rendered":"Comienzan las preinscripciones para el Curso Provincial de Guardavidas"},"content":{"rendered":"<p><\/p>\n<div>\n<p style=\"text-align: justify;\">La <strong>Direcci\u00f3n de N\u00e1utica y Deportes al Aire Libre<\/strong>, dependiente de la Secretar\u00eda de Deporte, informa a la comunidad sanjuanina sobre el inicio de las <strong>preinscripciones para el CURSO PROVINCIAL DE GUARDAVIDAS PROFESIONAL N\u00c1UTICO<\/strong>, cuya instrucci\u00f3n se dictar\u00e1 de marzo a noviembre del 2026.<\/p>\n<p style=\"text-align: justify;\">La preinscripci\u00f3n es el paso previo a la inscripci\u00f3n definitiva, que se realizar\u00e1 del 9 al 27 de febrero de 2026.<\/p>\n<p style=\"text-align: justify;\">Para realizar la preinscripci\u00f3n, se debe llenar en forma r\u00e1pida un formulario con los datos del aspirante, y en cuyo texto, figuran los requisitos a presentar al momento de la inscripci\u00f3n, la que deber\u00e1 realizarse en forma presencial en las oficinas del Departamento N\u00e1utico, ubicadas en la esquina de calles San Luis y Aberastain.<\/p>\n<p style=\"text-align: justify;\">El formulario de preinscripci\u00f3n es el siguiente: <a href=\"https:\/\/docs.google.com\/forms\/d\/e\/1FAIpQLSe13iqr97-ReEiHd29CN4XPK-7BMryJ6ybklariRhx2N6os_g\/viewform\" target=\"_blank\" rel=\"noopener noreferrer\">FORMULARIO PREINSCRIPCION CURSO DE GUARDAVIDAS PROFESIONAL N\u00c1UTICO 2026<\/a><\/p>\n<p style=\"text-align: justify;\">Para mayor comunicaci\u00f3n y\/o consultas, comunicarse por correo electr\u00f3nico: <span id=\"cloakde822e51fcbd705a0a4505df50832eab\">Esta direcci\u00f3n de correo electr\u00f3nico est\u00e1 siendo protegida contra los robots de spam. Necesita tener JavaScript habilitado para poder verlo.<\/span><\/p>\n<\/p><\/div>\n<p><script async defer crossorigin=\"anonymous\" src=\"https:\/\/connect.facebook.net\/es_ES\/sdk.js#xfbml=1&#038;version=v3.3\"><\/script><\/p>\n","protected":false},"excerpt":{"rendered":"<p>La Direcci\u00f3n de N\u00e1utica y Deportes al Aire Libre, dependiente de la Secretar\u00eda de Deporte, informa a la comunidad sanjuanina sobre el inicio de las preinscripciones para el CURSO PROVINCIAL DE GUARDAVIDAS PROFESIONAL N\u00c1UTICO, cuya instrucci\u00f3n se dictar\u00e1 de marzo a noviembre del 2026. La preinscripci\u00f3n es el paso previo a la inscripci\u00f3n definitiva, que [&hellip;]<\/p>\n","protected":false},"author":2,"featured_media":217670,"comment_status":"closed","ping_status":"closed","sticky":false,"template":"","format":"standard","meta":{"footnotes":""},"categories":[27],"tags":[],"class_list":["post-217669","post","type-post","status-publish","format-standard","has-post-thumbnail","hentry","category-san-juan"],"_links":{"self":[{"href":"https:\/\/radioacuariofm.com.ar\/index.php?rest_route=\/wp\/v2\/posts\/217669","targetHints":{"allow":["GET"]}}],"collection":[{"href":"https:\/\/radioacuariofm.com.ar\/index.php?rest_route=\/wp\/v2\/posts"}],"about":[{"href":"https:\/\/radioacuariofm.com.ar\/index.php?rest_route=\/wp\/v2\/types\/post"}],"author":[{"embeddable":true,"href":"https:\/\/radioacuariofm.com.ar\/index.php?rest_route=\/wp\/v2\/users\/2"}],"replies":[{"embeddable":true,"href":"https:\/\/radioacuariofm.com.ar\/index.php?rest_route=%2Fwp%2Fv2%2Fcomments&post=217669"}],"version-history":[{"count":1,"href":"https:\/\/radioacuariofm.com.ar\/index.php?rest_route=\/wp\/v2\/posts\/217669\/revisions"}],"predecessor-version":[{"id":217671,"href":"https:\/\/radioacuariofm.com.ar\/index.php?rest_route=\/wp\/v2\/posts\/217669\/revisions\/217671"}],"wp:featuredmedia":[{"embeddable":true,"href":"https:\/\/radioacuariofm.com.ar\/index.php?rest_route=\/wp\/v2\/media\/217670"}],"wp:attachment":[{"href":"https:\/\/radioacuariofm.com.ar\/index.php?rest_route=%2Fwp%2Fv2%2Fmedia&parent=217669"}],"wp:term":[{"taxonomy":"category","embeddable":true,"href":"https:\/\/radioacuariofm.com.ar\/index.php?rest_route=%2Fwp%2Fv2%2Fcategories&post=217669"},{"taxonomy":"post_tag","embeddable":true,"href":"https:\/\/radioacuariofm.com.ar\/index.php?rest_route=%2Fwp%2Fv2%2Ftags&post=217669"}],"curies":[{"name":"wp","href":"https:\/\/api.w.org\/{rel}","templated":true}]}}