{"id":216756,"date":"2025-11-17T08:06:44","date_gmt":"2025-11-17T11:06:44","guid":{"rendered":"https:\/\/radioacuariofm.com.ar\/?p=216756"},"modified":"2025-11-17T08:06:45","modified_gmt":"2025-11-17T11:06:45","slug":"tras-las-marchas-y-la-violencia-sheinbaum-cargo-contra-la-oposicion-120-heridos-y-20-detenidos","status":"publish","type":"post","link":"https:\/\/radioacuariofm.com.ar\/?p=216756","title":{"rendered":"Tras las marchas y la violencia, Sheinbaum carg\u00f3 contra la oposici\u00f3n: 120 heridos y 20 detenidos"},"content":{"rendered":"<p> <br \/>\n<\/p>\n<div>\n<p class=\"com-paragraph  --capital --s\">CIUDAD DE M\u00c9XICO.-<strong> La protesta convocada inicialmente por j\u00f3venes de la Generaci\u00f3n Z y el Movimiento Sombrero en respuesta al asesinato del alcalde de Uruapan, Carlos Manzo<\/strong>, se transform\u00f3 en una escena violenta en el Z\u00f3calo, la principal plaza de la capital mexicana. <\/p>\n<p class=\"com-paragraph   --s\">El saldo de la jornada violenta incluy\u00f3 al menos <strong>20 arrestos y 120 personas heridas<\/strong>.<\/p>\n<p class=\"com-paragraph   --s\">La presidenta mexicana, <strong>Claudia Sheinbaum, insinu\u00f3 la posible participaci\u00f3n de una \u201cmano extranjera de derecha\u201d<\/strong> en las violentas manifestaciones.<\/p>\n<p class=\"com-paragraph   --s\">La l\u00edder progresista enfatiz\u00f3 que, aunque las personas tienen derecho a manifestarse si no est\u00e1n de acuerdo, \u201cnunca se debe recurrir a la violencia para cambiar las cosas\u201d. <\/p>\n<div class=\"content-media\">\n<section role=\"button\" class=\"mod-media   \">\n<figure role=\"button\" class=\"mod-figure \"><figcaption class=\"mod-figcaption\"><span class=\"com-text --caption --twoxs\">Manifestantes en la marcha contra Sheinbaum piden justicia por el alcalde asesinado Carlos Manzo<\/span><span class=\"com-text --credit --twoxs\">ULISES RUIZ  &#8211; AFP <\/span><\/figcaption><\/figure>\n<\/section>\n<\/div>\n<p class=\"com-paragraph   --s\">Sheinbaum hab\u00eda se\u00f1alado previamente, durante una conferencia de prensa, que la marcha hab\u00eda sido<strong> \u201cpromovida desde el extranjero\u201d<\/strong> en el marco de una campa\u00f1a de la derecha internacional.<\/p>\n<p class=\"com-paragraph   --s\">La manifestaci\u00f3n reuni\u00f3 a unas 17.000 personas y transcurri\u00f3 pac\u00edficamente durante varias horas.<\/p>\n<p class=\"com-paragraph   --s\">Sin embargo, la situaci\u00f3n escal\u00f3 cuando un grupo de aproximadamente mil encapuchados intent\u00f3 forzar las barricadas que proteg\u00edan el Palacio Nacional. <\/p>\n<p class=\"com-paragraph   --s\">Estos individuos emplearon martillos, cadenas, pinzas y proyectiles en su intento.<\/p>\n<p class=\"com-paragraph   --s\">En respuesta a la escalada de violencia, las autoridades dispararon gases lacrim\u00f3genos, activaron camiones hidrantes y formaron barreras humanas con agentes en uniforme antidisturbios.<\/p>\n<p class=\"com-paragraph   --s\">El balance final de heridos fue significativo. Entre las fuerzas del orden, se contabilizaron <strong>60 polic\u00edas heridos<\/strong>. <\/p>\n<p class=\"com-paragraph   --s\">De ellos, algunos fueron atendidos en el lugar, y <strong>40 fueron trasladados a hospitales<\/strong>. Adem\u00e1s, se registraron alrededor de <strong>20 personas con lesiones entre los manifestantes<\/strong>. En total, se efectuaron al menos 20 arrestos.<\/p>\n<p class=\"com-paragraph   --s\">La convocatoria original de la Generaci\u00f3n Z y el Movimiento Sombrero fue alentada por partidos de oposici\u00f3n y termin\u00f3 reuniendo a m\u00e1s cr\u00edticos del gobierno que a j\u00f3venes. <\/p>\n<div class=\"content-media\">\n<section role=\"button\" class=\"mod-media   \">\n<figure role=\"button\" class=\"mod-figure \"><figcaption class=\"mod-figcaption\"><span class=\"com-text --caption --twoxs\">Manifestantes protestan contra la presidenta Claudia Sheinbaum en el Z\u00f3calo<\/span><span class=\"com-text --credit --twoxs\">ALFREDO ESTRELLA  &#8211; AFP <\/span><\/figcaption><\/figure>\n<\/section>\n<\/div>\n<p class=\"com-paragraph   --s\">Los manifestantes, que proven\u00edan de distinto perfil y procedencia, estaban unidos por su descontento hacia la administraci\u00f3n de Sheinbaum.<\/p>\n<p class=\"com-paragraph   --s\"> Se escucharon gritos como <strong>\u201cFuera Morena\u201d<\/strong>, \u201cEstado, corrupto, por tu culpa estoy de luto\u201d y <strong>\u201cNarcopresidenta\u201d<\/strong>.<\/p>\n<p class=\"com-paragraph   --s\">El motivo central de la protesta era, en parte, el asesinato del popular alcalde de Michoac\u00e1n, Carlos Manzo, cuyo homicidio estaba por esclarecerse. Algunos manifestantes portaban banderas blancas pidiendo justicia y consideraban el crimen como una \u201cmuerte de Estado\u201d.<\/p>\n<p class=\"com-paragraph   --s\">Las figuras de la oposici\u00f3n, como el expresidente mexicano Vicente Fox, del conservador Partido de Acci\u00f3n Nacional, y el multimillonario empresario Ricardo Salinas Pliego, alentaron activamente la movilizaci\u00f3n.<\/p>\n<p class=\"com-paragraph   --s\">En l\u00ednea con las declaraciones de Sheinbaum sobre la promoci\u00f3n extranjera, el gobierno denunci\u00f3 que la cita era una <strong>\u201cconvocatoria manipulada y orquestada desde la derecha internacional y mediante la utilizaci\u00f3n de bots\u201d<\/strong>.<\/p>\n<p class=\"com-paragraph   --s\">Un informe presentado por el coordinador de Infodemia, Miguel Angel Elorza, atribuy\u00f3 la movilizaci\u00f3n en la capital a una \u201cestrategia digital articulada\u201d.<\/p>\n<p class=\"com-paragraph   --s\">El informe destac\u00f3 la participaci\u00f3n de bots, <em>influencers<\/em> y pol\u00edticos de la oposici\u00f3n, mencionando expl\u00edcitamente al empresario Ricardo Salinas Pliego.<\/p>\n<p class=\"com-paragraph   --s\">El reporte de Infodemia detall\u00f3 que esta campa\u00f1a utiliz\u00f3 200 perfiles de TikTok (al menos 50 creados recientemente), 359 grupos de Facebook (con 28 gestionados por extranjeros), y cerca de 20 p\u00e1ginas web que originalmente eran de viajes y entretenimiento pero fueron reconvertidas para esta ocasi\u00f3n.<\/p>\n<p class=\"com-paragraph   --s\">Aunque la presidenta Sheinbaum mantiene altos \u00edndices de popularidad, persisten problemas estructurales en el pa\u00eds, como la inseguridad, la corrupci\u00f3n y la impunidad.<\/p>\n<p class=\"com-paragraph   --s\">Recientes hechos de violencia, como los ocurridos en Michoac\u00e1n, han alentado este descontento generalizado. <\/p>\n<p class=\"com-paragraph   --s\">La marcha del 16 de noviembre fue solo una de varias protestas que se replicaron a menor escala en otras ciudades como Monterrey, Guadalajara y M\u00e9rida.<\/p>\n<p class=\"com-paragraph   --s\">El incidente en el Z\u00f3calo, marcado por los enfrentamientos y la acusaci\u00f3n gubernamental de manipulaci\u00f3n internacional, subraya la tensi\u00f3n latente entre el gobierno de Sheinbaum y sectores de la oposici\u00f3n y la ciudadan\u00eda.<\/p>\n<p class=\"com-paragraph   --s\">La situaci\u00f3n en el Z\u00f3calo fue como un globo inflado por el descontento social que, al ser pinchado por el elemento violento, explot\u00f3 en un enfrentamiento que dej\u00f3 un saldo de heridos en ambos bandos y reaviv\u00f3 la disputa pol\u00edtica sobre la legitimidad y el origen de las protestas.<\/p>\n<p class=\"com-paragraph   --s\"><strong>Agencias ANSA, AP y Reuters<\/strong><\/p>\n<section class=\"container-center-100 mb-40 border border-bottom border-thin border-neutral-light-700\">\n<hr\/>\n<\/section>\n<\/div>\n\n","protected":false},"excerpt":{"rendered":"<p>CIUDAD DE M\u00c9XICO.- La protesta convocada inicialmente por j\u00f3venes de la Generaci\u00f3n Z y el Movimiento Sombrero en respuesta al asesinato del alcalde de Uruapan, Carlos Manzo, se transform\u00f3 en una escena violenta en el Z\u00f3calo, la principal plaza de la capital mexicana. El saldo de la jornada violenta incluy\u00f3 al menos 20 arrestos y [&hellip;]<\/p>\n","protected":false},"author":2,"featured_media":216757,"comment_status":"closed","ping_status":"closed","sticky":false,"template":"","format":"standard","meta":{"footnotes":""},"categories":[1],"tags":[],"class_list":["post-216756","post","type-post","status-publish","format-standard","has-post-thumbnail","hentry","category-uncategorized"],"_links":{"self":[{"href":"https:\/\/radioacuariofm.com.ar\/index.php?rest_route=\/wp\/v2\/posts\/216756","targetHints":{"allow":["GET"]}}],"collection":[{"href":"https:\/\/radioacuariofm.com.ar\/index.php?rest_route=\/wp\/v2\/posts"}],"about":[{"href":"https:\/\/radioacuariofm.com.ar\/index.php?rest_route=\/wp\/v2\/types\/post"}],"author":[{"embeddable":true,"href":"https:\/\/radioacuariofm.com.ar\/index.php?rest_route=\/wp\/v2\/users\/2"}],"replies":[{"embeddable":true,"href":"https:\/\/radioacuariofm.com.ar\/index.php?rest_route=%2Fwp%2Fv2%2Fcomments&post=216756"}],"version-history":[{"count":1,"href":"https:\/\/radioacuariofm.com.ar\/index.php?rest_route=\/wp\/v2\/posts\/216756\/revisions"}],"predecessor-version":[{"id":216758,"href":"https:\/\/radioacuariofm.com.ar\/index.php?rest_route=\/wp\/v2\/posts\/216756\/revisions\/216758"}],"wp:featuredmedia":[{"embeddable":true,"href":"https:\/\/radioacuariofm.com.ar\/index.php?rest_route=\/wp\/v2\/media\/216757"}],"wp:attachment":[{"href":"https:\/\/radioacuariofm.com.ar\/index.php?rest_route=%2Fwp%2Fv2%2Fmedia&parent=216756"}],"wp:term":[{"taxonomy":"category","embeddable":true,"href":"https:\/\/radioacuariofm.com.ar\/index.php?rest_route=%2Fwp%2Fv2%2Fcategories&post=216756"},{"taxonomy":"post_tag","embeddable":true,"href":"https:\/\/radioacuariofm.com.ar\/index.php?rest_route=%2Fwp%2Fv2%2Ftags&post=216756"}],"curies":[{"name":"wp","href":"https:\/\/api.w.org\/{rel}","templated":true}]}}