{"id":216753,"date":"2025-11-17T07:05:27","date_gmt":"2025-11-17T10:05:27","guid":{"rendered":"https:\/\/radioacuariofm.com.ar\/?p=216753"},"modified":"2025-11-17T07:05:28","modified_gmt":"2025-11-17T10:05:28","slug":"quien-es-jeanette-jara-la-candidata-comunista-que-enfrentara-un-camino-dificil-hacia-el-balotaje-en-chile","status":"publish","type":"post","link":"https:\/\/radioacuariofm.com.ar\/?p=216753","title":{"rendered":"Qui\u00e9n es Jeanette Jara, la candidata comunista que enfrentar\u00e1 un camino dif\u00edcil hacia el balotaje en Chile"},"content":{"rendered":"<p> <br \/>\n<\/p>\n<div>\n<p class=\"com-paragraph  --capital --s\">SANTIAGO, Chile.- <strong>Jeannette Jara, <\/strong>militante del Partido Comunista (PC) desde los tiempos en que el comunismo estaba lejos del poder, lleg\u00f3 a esta <a href=\"https:\/\/www.lanacion.com.ar\/el-mundo\/elecciones-en-chile-quienes-son-y-que-proponen-los-cuatro-candidatos-que-encabezan-la-carrera-nid14112025\/\" target=\"_self\" title=\"https:\/\/www.lanacion.com.ar\/el-mundo\/elecciones-en-chile-quienes-son-y-que-proponen-los-cuatro-candidatos-que-encabezan-la-carrera-nid14112025\/\" class=\"com-link break-word\" data-mrf-recirculation=\"n_link_parrafo\">primera vuelta <\/a>como la favorita del oficialismo y termin\u00f3 confirm\u00e1ndolo con una distancia menor de la prevista. <\/p>\n<p class=\"com-paragraph   --s\"><strong>Su victoria era esperada, <\/strong>pero desde este lunes enfrenta un escenario distinto: su filiaci\u00f3n ser\u00e1 el eje del ataque opositor y <strong>necesitar\u00e1 ampliar apoyos en un pa\u00eds donde buena parte del electorado todav\u00eda mira con recelo al PC.<\/strong><\/p>\n<p class=\"com-paragraph   --s\">Su estilo directo le permiti\u00f3 conectar con sectores populares, pero no alcanza para todos. No es solo <strong>el empresariado el que la observa con distancia; <\/strong>tambi\u00e9n un Chile socialdem\u00f3crata golpeado por el estallido y cansado de <strong>un gobierno que no cumpli\u00f3 las reformas prometidas. <\/strong>Ese bloque, decisivo en todas las elecciones recientes, a\u00fan no define si la ve como una continuidad moderada o como un riesgo.<\/p>\n<p class=\"com-paragraph   --s\">A eso se suma un equilibrio delicado: <strong>calibrar su relaci\u00f3n con Gabriel Boric. <\/strong>Durante la campa\u00f1a marc\u00f3 distancia sin romper, pero ahora deber\u00e1 decidir <strong>cu\u00e1nto espacio darle al presidente saliente. <\/strong>Acercarse demasiado la expone al desgaste del gobierno; alejarse en exceso puede debilitar su propia base. Ser\u00e1 <strong>uno de los c\u00e1lculos centrales del balotaje.<\/strong><\/p>\n<div class=\"content-media\">\n<section role=\"button\" class=\"mod-media   \">\n<figure role=\"button\" class=\"mod-figure \"><figcaption class=\"mod-figcaption\"><span class=\"com-text --caption --twoxs\">a candidata presidencial chilena Jeannette Jara, representante de la izquierda y del oficialismo, emite su voto en Santiago durante las elecciones presidenciales<\/span><span class=\"com-text --credit --twoxs\">[e]JORGE VILLEGAS  &#8211; XinHua <\/span><\/figcaption><\/figure>\n<\/section>\n<\/div>\n<p class=\"com-paragraph   --s\">Su biograf\u00eda es parte de su identidad pol\u00edtica. Naci\u00f3 en Conchal\u00ed en 1974, la mayor de cinco hermanos, en una casa estrecha y con responsabilidades tempranas. Pas\u00f3 parte de su infancia en la mediagua de su abuela, cambi\u00f3 varias veces de colegio y egres\u00f3 del Liceo Isaura Dinator. Luego prob\u00f3 Derecho en la Universidad Cat\u00f3lica, pero termin\u00f3 en Administraci\u00f3n P\u00fablica en la Universidad de Santiago de Chile (Usach), convirti\u00e9ndose en <strong>la primera persona de su familia en recibirse de la universidad.<\/strong><\/p>\n<p class=\"com-paragraph   --s\">A los 19 a\u00f1os <strong>se cas\u00f3 contra la voluntad de su madre. <\/strong>Dos a\u00f1os despu\u00e9s enviud\u00f3, un golpe que defini\u00f3 su car\u00e1cter. M\u00e1s tarde volvi\u00f3 a formar pareja y, a los 33, tuvo a su hijo, hoy estudiante de teatro. Antes de llegar al gabinete de Boric, <strong>fue funcionaria del Servicio de Impuestos Internos, dirigente sindical y figura activa en organizaciones laborales.<\/strong><\/p>\n<div class=\"content-media\">\n<section role=\"button\" class=\"mod-media   \">\n<figure role=\"button\" class=\"mod-figure \"><figcaption class=\"mod-figcaption\"><span class=\"com-text --caption --twoxs\">El presidente Gabriel Boric dejar\u00e1 el cargo en marzo de 2026<\/span><span class=\"com-text --credit --twoxs\">Getty Images<\/span><\/figcaption><\/figure>\n<\/section>\n<\/div>\n<p class=\"com-paragraph   --s\">Su trayectoria p\u00fablica como ministra de Trabajo incluye <strong>reformas emblem\u00e1ticas del actual gobierno: <\/strong>la jornada laboral de 40 horas, la ley contra el acoso laboral y negociaciones previsionales que marcaron al gobierno. Ese curr\u00edculum la proyect\u00f3 como <strong>una figura disciplinada y pragm\u00e1tica, <\/strong>aunque no disip\u00f3 completamente los temores que su militancia genera en sectores moderados.<\/p>\n<p class=\"com-paragraph   --s\">La comparaci\u00f3n con la expresidenta <strong>Michelle Bachelet <\/strong>surge cada cierto tiempo, sobre todo por su v\u00ednculo con mujeres de sectores medios y populares. Pero la equivalencia se quiebra r\u00e1pidamente. Bachelet ven\u00eda de la tradici\u00f3n socialdem\u00f3crata; Jara llega desde el Partido Comunista, un sello que sigue generando resistencia en parte del electorado que decide elecciones.<\/p>\n<p class=\"com-paragraph   --s\">Adem\u00e1s carga con <strong>un fantasma instalado por sus adversarios: Am\u00e9rica Latina. <\/strong>A lo largo de la campa\u00f1a la asociaron con experiencias como <strong>Venezuela o Nicaragua, <\/strong>pese a que toda su carrera se ha desarrollado en el Estado chileno y dentro de m\u00e1rgenes institucionales. El ataque seguir\u00e1. Para ella, la dificultad no es responder, sino convencer a votantes que reaccionan m\u00e1s a percepciones que a argumentos.<\/p>\n<p class=\"com-paragraph   --s\"><strong>Dentro del oficialismo tampoco hay un camino despejado. <\/strong>El <strong>Frente Amplio, <\/strong>de Boric, espera un rol protag\u00f3nico en la campa\u00f1a; la <strong>ex Concertaci\u00f3n <\/strong>-de centroizquierda- ofrece apoyo, pero sin cheques en blanco; y <strong>el PC buscar\u00e1 capitalizar el resultado <\/strong>sin ceder espacio. Jara deber\u00e1 administrar esas presiones sin quedar atrapada por ninguna facci\u00f3n.<\/p>\n<div class=\"content-media\">\n<section role=\"button\" class=\"mod-media   \">\n<figure role=\"button\" class=\"mod-figure \"><figcaption class=\"mod-figcaption\"><span class=\"com-text --caption --twoxs\">M\u00e1s de 15,7 millones de personas fueron convocadas a participar en los primeros comicios con voto obligatorio<\/span><span class=\"com-text --credit --twoxs\">Luis Hidalgo  &#8211; AP <\/span><\/figcaption><\/figure>\n<\/section>\n<\/div>\n<p class=\"com-paragraph   --s\"><strong>Su desempe\u00f1o electoral tambi\u00e9n mostr\u00f3 l\u00edmites. <\/strong>Gan\u00f3 con claridad en zonas urbanas y retuvo apoyos en sectores populares. Pero retrocedi\u00f3 en comunas rurales, en territorios marcados por la inseguridad y en zonas agr\u00edcolas donde la izquierda ha perdido influencia. Esa geograf\u00eda ser\u00e1 clave.<\/p>\n<p class=\"com-paragraph   --s\">El factor econ\u00f3mico tampoco es menor. Sus reformas laborales entusiasmaron a trabajadores, pero generaron inquietud en gremios empresariales que temen una agenda m\u00e1s intervencionista y temen un aumento del Estado. <strong>Jara afirma que su proyecto es compatible con estabilidad, pero a\u00fan no convence a todos los actores que deber\u00e1 sentar a la mesa si quiere gobernar.<\/strong><\/p>\n<div class=\"content-media\">\n<section role=\"button\" class=\"mod-media   \">\n<figure role=\"button\" class=\"mod-figure \"><figcaption class=\"mod-figcaption\"><span class=\"com-text --caption --twoxs\">Jeannette Jara, de la coalici\u00f3n Unidad para Chile,  camina entre militantes tras emitir su voto <\/span><span class=\"com-text --credit --twoxs\">Anadolu &#8211; Anadolu<\/span><\/figcaption><\/figure>\n<\/section>\n<\/div>\n<p class=\"com-paragraph   --s\">El <strong>clima social <\/strong>tambi\u00e9n ser\u00e1 determinante. Aunque la participaci\u00f3n aument\u00f3 por el voto obligatorio, sigue habiendo un electorado desmovilizado, vol\u00e1til y dispuesto a castigar m\u00e1s que a respaldar. Ah\u00ed se jugar\u00e1 <strong>una parte importante del balotaje.<\/strong><\/p>\n<p class=\"com-paragraph   --s\">Con todo, Jara llega a la final con un triunfo claro, pero con un techo todav\u00eda incierto. Lo que consigui\u00f3 en la primera vuelta la instal\u00f3 en la disputa. <strong>Lo que haga en las pr\u00f3ximas cuatro semanas definir\u00e1 si puede ampliarse y si la desconfianza hacia su partido termina siendo m\u00e1s fuerte que su ventaja inicial.<\/strong><\/p>\n<section class=\"container-center-100 mb-40 border border-bottom border-thin border-neutral-light-700\">\n<hr\/>\n<\/section>\n<\/div>\n\n","protected":false},"excerpt":{"rendered":"<p>SANTIAGO, Chile.- Jeannette Jara, militante del Partido Comunista (PC) desde los tiempos en que el comunismo estaba lejos del poder, lleg\u00f3 a esta primera vuelta como la favorita del oficialismo y termin\u00f3 confirm\u00e1ndolo con una distancia menor de la prevista. Su victoria era esperada, pero desde este lunes enfrenta un escenario distinto: su filiaci\u00f3n ser\u00e1 [&hellip;]<\/p>\n","protected":false},"author":2,"featured_media":216754,"comment_status":"closed","ping_status":"closed","sticky":false,"template":"","format":"standard","meta":{"footnotes":""},"categories":[1],"tags":[],"class_list":["post-216753","post","type-post","status-publish","format-standard","has-post-thumbnail","hentry","category-uncategorized"],"_links":{"self":[{"href":"https:\/\/radioacuariofm.com.ar\/index.php?rest_route=\/wp\/v2\/posts\/216753","targetHints":{"allow":["GET"]}}],"collection":[{"href":"https:\/\/radioacuariofm.com.ar\/index.php?rest_route=\/wp\/v2\/posts"}],"about":[{"href":"https:\/\/radioacuariofm.com.ar\/index.php?rest_route=\/wp\/v2\/types\/post"}],"author":[{"embeddable":true,"href":"https:\/\/radioacuariofm.com.ar\/index.php?rest_route=\/wp\/v2\/users\/2"}],"replies":[{"embeddable":true,"href":"https:\/\/radioacuariofm.com.ar\/index.php?rest_route=%2Fwp%2Fv2%2Fcomments&post=216753"}],"version-history":[{"count":1,"href":"https:\/\/radioacuariofm.com.ar\/index.php?rest_route=\/wp\/v2\/posts\/216753\/revisions"}],"predecessor-version":[{"id":216755,"href":"https:\/\/radioacuariofm.com.ar\/index.php?rest_route=\/wp\/v2\/posts\/216753\/revisions\/216755"}],"wp:featuredmedia":[{"embeddable":true,"href":"https:\/\/radioacuariofm.com.ar\/index.php?rest_route=\/wp\/v2\/media\/216754"}],"wp:attachment":[{"href":"https:\/\/radioacuariofm.com.ar\/index.php?rest_route=%2Fwp%2Fv2%2Fmedia&parent=216753"}],"wp:term":[{"taxonomy":"category","embeddable":true,"href":"https:\/\/radioacuariofm.com.ar\/index.php?rest_route=%2Fwp%2Fv2%2Fcategories&post=216753"},{"taxonomy":"post_tag","embeddable":true,"href":"https:\/\/radioacuariofm.com.ar\/index.php?rest_route=%2Fwp%2Fv2%2Ftags&post=216753"}],"curies":[{"name":"wp","href":"https:\/\/api.w.org\/{rel}","templated":true}]}}