{"id":216750,"date":"2025-11-17T06:04:30","date_gmt":"2025-11-17T09:04:30","guid":{"rendered":"https:\/\/radioacuariofm.com.ar\/?p=216750"},"modified":"2025-11-17T06:04:31","modified_gmt":"2025-11-17T09:04:31","slug":"jose-antonio-kast-el-candidato-que-modero-su-mensaje-para-ampliar-su-base-y-alcanzar-la-presidencia","status":"publish","type":"post","link":"https:\/\/radioacuariofm.com.ar\/?p=216750","title":{"rendered":"Jos\u00e9 Antonio Kast, el candidato que moder\u00f3 su mensaje para ampliar su base y alcanzar la presidencia"},"content":{"rendered":"<p> <br \/>\n<\/p>\n<div>\n<p class=\"com-paragraph  --capital --s\">SANTIAGO.- Dice que, si pudiera elegir un compa\u00f1ero de karaoke entre los pol\u00edticos, \u201ctraer\u00eda de la muerte\u201d al expresidente estadounidense<strong> Ronald Reagan.<\/strong> Tiene sentido: quiz\u00e1 no compartan el gusto musical \u2014<strong>Jos\u00e9 Antonio Kast <\/strong>ha contado que le gusta Ricardo Arjona\u2014, pero s\u00ed una larga lista de afinidades pol\u00edticas e ideol\u00f3gicas. <\/p>\n<p class=\"com-paragraph   --s\">Ambos encarnan un <strong>conservadurismo optimista<\/strong>, la idea de un pa\u00eds que debe \u201crecuperar su grandeza\u201d y una fe casi doctrinaria en el libre mercado.<\/p>\n<div class=\"content-media\">\n<section role=\"button\" class=\"mod-media   \">\n<figure role=\"button\" class=\"mod-figure \"><figcaption class=\"mod-figcaption\"><span class=\"com-text --caption --twoxs\">El candidato presidencial chileno Jos\u00e9 Antonio Kast, del Partido Republicano, toma una foto con su tel\u00e9fono celular junto a su esposa Mar\u00eda P\u00eda Adriasola durante su acto de cierre de campa\u00f1a en el Movistar Arena, en Santiago, el 11 de noviembre de 2025<\/span><span class=\"com-text --credit --twoxs\">MARVIN RECINOS  &#8211; AFP <\/span><\/figcaption><\/figure>\n<\/section>\n<\/div>\n<p class=\"com-paragraph   --s\">Tambi\u00e9n comparten <strong>valores tradicionales<\/strong> \u2014familia, patria, religi\u00f3n\u2014 y un relato moral que delimita con claridad al adversario: para Reagan fue el comunismo sovi\u00e9tico; <strong>para Kast, la izquierda radical que, sostiene, desvi\u00f3 a Chile de su rumbo.<\/strong><\/p>\n<p class=\"com-paragraph   --s\">La promesa de <strong>restaurar el orden <\/strong>es otro puente evidente. <\/p>\n<p class=\"com-paragraph   --s\">Aunque la<strong> \u201cguerra contra las drogas<\/strong>\u201d hab\u00eda sido declarada en los a\u00f1os 70, fue Reagan quien la endureci\u00f3 al multiplicar el presupuesto, elevar penas y expandir el encarcelamiento masivo. <\/p>\n<p class=\"com-paragraph   --s\">Kast recoge ese registro, pero lo adapta a los desaf\u00edos actuales de Chile: <strong>propone endurecer sanciones penales, militarizar las fronteras y enfrentar al crimen organizado y la migraci\u00f3n irregular <\/strong>como amenazas centrales para la seguridad nacional.<\/p>\n<p class=\"com-paragraph   --s\">Ese discurso <a href=\"https:\/\/www.lanacion.com.ar\/el-mundo\/elecciones-chile-2025-en-vivo-la-espera-por-los-resultados-minuto-a-minuto-y-las-ultimas-noticias-nid16112025\/\" target=\"_self\" title=\"https:\/\/www.lanacion.com.ar\/el-mundo\/elecciones-chile-2025-en-vivo-la-espera-por-los-resultados-minuto-a-minuto-y-las-ultimas-noticias-nid16112025\/\" class=\"com-link break-word\" data-mrf-recirculation=\"n_link_parrafo\">lo impuls\u00f3 nuevamente al balotaje este domingo, <\/a>tras <strong>obtener alrededor de 24% de los votos, <\/strong>y quedar apenas dos puntos debajo de la candidata oficialista, <strong>Jeannette Jara,<\/strong> con el 62% de los votos escrutados. Como ninguno alcanz\u00f3 la mayor\u00eda absoluta, ambos se enfrentar\u00e1n en una segunda vuelta <strong>el 14 de diciembre.<\/strong><\/p>\n<div class=\"content-media\">\n<section role=\"button\" class=\"mod-media   \">\n<figure role=\"button\" class=\"mod-figure \"><figcaption class=\"mod-figcaption\"><span class=\"com-text --caption --twoxs\">La candidata a la Presidencia chilena, abanderada de la izquierda y el oficialismo, Jeannette Jara (c), emite su voto<\/span><span class=\"com-text --credit --twoxs\">[e]JORGE VILLEGAS  &#8211; XinHua <\/span><\/figcaption><\/figure>\n<\/section>\n<\/div>\n<p class=\"com-paragraph   --s\">Todo indica que el escenario del balotaje favorece a Kast. Si los votos de los otros candidatos de derecha \u2014Johannes Kaiser, del Partido Nacional Libertario, con 13,9%, y Evelyn Matthei, de la Uni\u00f3n Dem\u00f3crata Independiente (UDI), de centroderecha, con 13%\u2014 terminan confluyendo en su candidatura, Kast llegar\u00eda con una ventaja considerable para convertirse <strong>en el pr\u00f3ximo presidente de Chile.<\/strong><\/p>\n<p class=\"com-paragraph   --s\">No es la primera vez que compite en segunda vuelta. En 2021 perdi\u00f3 con claridad frente a <strong>Gabriel Boric<\/strong>, en un pa\u00eds marcado por las heridas del estallido social y por un electorado que entonces priorizaba las demandas de cambio. <\/p>\n<div class=\"content-media\">\n<section role=\"button\" class=\"mod-media   \">\n<figure role=\"button\" class=\"mod-figure \"><figcaption class=\"mod-figcaption\"><span class=\"com-text --caption --twoxs\">El candidato Jos\u00e9 Antonio Kast emite su voto<\/span><span class=\"com-text --credit --twoxs\">Esteban Felix  &#8211; AP <\/span><\/figcaption><\/figure>\n<\/section>\n<\/div>\n<p class=\"com-paragraph   --s\">Hoy el clima es distinto: <strong>la seguridad desplaz\u00f3 a la agenda social, <\/strong>el avance del crimen organizado redefini\u00f3 prioridades y el desgaste del proceso constituyente debilit\u00f3 la \u00e9pica transformadora de 2019. <\/p>\n<p class=\"com-paragraph   --s\">En este nuevo escenario, su mensaje de firmeza encuentra un terreno mucho m\u00e1s f\u00e9rtil.<\/p>\n<p class=\"com-paragraph   --s\">Su ascenso, sin embargo, no comenz\u00f3 ahora. En 2017 se postul\u00f3 por primera vez a la presidencia y no pas\u00f3 al balotaje, pero aquella campa\u00f1a \u2014frontal, anti-establishment y marcada por la \u201cbatalla cultural\u201d\u2014 sirvi\u00f3 para instalar su nombre a nivel nacional. <\/p>\n<p class=\"com-paragraph   --s\">Desde entonces construy\u00f3 un espacio propio dentro de la derecha y fue comparado con <strong>Donald Trump, Jair Bolsonaro o Javier Milei <\/strong>por su estilo directo y su ret\u00f3rica polarizante.<\/p>\n<div class=\"content-media\">\n<section role=\"button\" class=\"mod-media   \">\n<figure role=\"button\" class=\"mod-figure \"><figcaption class=\"mod-figcaption\"><span class=\"com-text --caption --twoxs\">Kast dej\u00f3 atr\u00e1s los temas m\u00e1s ideol\u00f3gicos y el tono confrontativo, y se concentr\u00f3 en ofrecer respuestas a preocupaciones duras, como econom\u00eda, seguridad, orden p\u00fablico y migraci\u00f3n, que son los temas que hoy ocupan la agenda chilena<br \/>\n<\/span><span class=\"com-text --credit --twoxs\">Esteban Felix  &#8211; AP <\/span><\/figcaption><\/figure>\n<\/section>\n<\/div>\n<p class=\"com-paragraph   --s\">A lo largo de ese crecimiento pol\u00edtico, Kast tambi\u00e9n carg\u00f3 con una de las pol\u00e9micas m\u00e1s persistentes de su trayectoria:<strong> su postura frente a la dictadura militar. <\/strong><\/p>\n<p class=\"com-paragraph   --s\">Aunque evita hablar de \u201creivindicaci\u00f3n\u201d, ha defendido aspectos del r\u00e9gimen de <strong>Augusto Pinochet<\/strong>, especialmente en materia econ\u00f3mica y de orden p\u00fablico, y ha cuestionado lo que considera \u201cuna mirada sesgada\u201d sobre las violaciones a los derechos humanos. <\/p>\n<p class=\"com-paragraph   --s\">En 2021, por ejemplo, declar\u00f3 que <strong>\u201csi Pinochet estuviera vivo, votar\u00eda por m\u00ed\u201d<\/strong>, una frase que gener\u00f3 un fuerte rechazo entre organismos de derechos humanos y sectores de centroizquierda. Tambi\u00e9n ha sostenido que en Chile <strong>\u201cno hubo una dictadura t\u00edpica latinoamericana\u201d y que la izquierda \u201cha exagerado cifras\u201d.<\/strong><\/p>\n<p class=\"com-paragraph   --s\">Estas afirmaciones, que sus detractores interpretan como una validaci\u00f3n del pasado autoritario, lo han acompa\u00f1ado en cada campa\u00f1a y siguen siendo una de las aristas m\u00e1s controvertidas de su figura p\u00fablica.<\/p>\n<p class=\"com-paragraph   --s\">Con el tiempo, <strong>Kast suaviz\u00f3 la versi\u00f3n m\u00e1s dura de s\u00ed mismo. <\/strong><\/p>\n<p class=\"com-paragraph   --s\">Si en sus primeras campa\u00f1as se presentaba como un cruzado de las guerras culturales, en esta elecci\u00f3n decidi\u00f3 reposicionarse: dej\u00f3 atr\u00e1s los temas m\u00e1s ideol\u00f3gicos y el tono confrontativo, y se concentr\u00f3 en ofrecer respuestas a preocupaciones duras <strong>\u2014econom\u00eda, seguridad, orden p\u00fablico, migraci\u00f3n\u2014 <\/strong>que hoy dominan la agenda chilena. <\/p>\n<div class=\"content-media\">\n<section role=\"button\" class=\"mod-media   \">\n<figure role=\"button\" class=\"mod-figure \"><figcaption class=\"mod-figcaption\"><span class=\"com-text --caption --twoxs\">Jos\u00e9 Antonio Kast se construy\u00f3 un espacio propio dentro de la derecha y fue comparado con Donald Trump, Jair Bolsonaro o Javier Milei por su estilo directo y su ret\u00f3rica polarizante<\/span><span class=\"com-text --credit --twoxs\">Cristian Carvallo Foix \/ El Mercurio<\/span><\/figcaption><\/figure>\n<\/section>\n<\/div>\n<p class=\"com-paragraph   --s\">Ese giro le <strong>permiti\u00f3 ampliar su base m\u00e1s all\u00e1 del votante conservador <\/strong>y acercarse a sectores de centro y clase media que buscan certidumbre.<\/p>\n<p class=\"com-paragraph   --s\">Kast comenz\u00f3 su carrera pol\u00edtica a inicios de los a\u00f1os 90, reci\u00e9n egresado de Derecho en la Universidad Cat\u00f3lica, en pleno per\u00edodo de transici\u00f3n democr\u00e1tica. <\/p>\n<p class=\"com-paragraph   --s\">Ingres\u00f3 a la UDI, fundada por Jaime Guzm\u00e1n \u2014a quien Kast suele citar como una de sus mayores influencias\u2014, y r\u00e1pidamente escal\u00f3 posiciones: fue dirigente juvenil, concejal en Buin y luego diputado durante cuatro per\u00edodos consecutivos.<\/p>\n<p class=\"com-paragraph   --s\">All\u00ed se consolid\u00f3 como un pol\u00edtico disciplinado, conservador y cercano a las bases territoriales.<\/p>\n<p class=\"com-paragraph   --s\">La ruptura con la UDI en 2016 marc\u00f3 un punto de inflexi\u00f3n:<strong> decidi\u00f3 construir un proyecto propio<\/strong>, convencido de que <strong>la derecha tradicional \u201chab\u00eda perdido sus convicciones\u201d.<\/strong><\/p>\n<div class=\"content-media\">\n<section role=\"button\" class=\"mod-media   \">\n<figure role=\"button\" class=\"mod-figure \"><figcaption class=\"mod-figcaption\"><span class=\"com-text --caption --twoxs\">Jos\u00e9 Antonio Kast, candidato a presidente de Chile, resumi\u00f3 con una frase que refleja su intento de proyectar pragmatismo y urgencia: \u201cEste futuro gobierno es un gobierno de emergencia\u00bb<\/span><span class=\"com-text --credit --twoxs\">Cristian Carvallo Foix \/ El Mercurio<\/span><\/figcaption><\/figure>\n<\/section>\n<\/div>\n<p class=\"com-paragraph   --s\">El candidato proviene de una familia con presencia sostenida en la vida p\u00fablica. La figura m\u00e1s influyente fue <strong>Miguel Kast, su hermano mayor, uno de los economistas clave de los a\u00f1os 80 y miembro de los \u201cChicago Boys\u201d. <\/strong>Fue ministro de Planificaci\u00f3n, presidente del Banco Central y un actor central en las reformas de mercado de la dictadura. <\/p>\n<p class=\"com-paragraph   --s\">Otros miembros tambi\u00e9n han tenido roles p\u00fablicos: <strong>Christian Kast <\/strong>fue concejal en Buin, Pablo Kast particip\u00f3 en iniciativas comunitarias, y <strong>Felipe Kast, <\/strong>su sobrino, es hoy uno de los referentes de la centroderecha liberal.<\/p>\n<p class=\"com-paragraph   --s\">La historia familiar tambi\u00e9n ha estado marcada por controversias. <strong>Su padre, Michael Kast Schindele, lleg\u00f3 a Chile en los a\u00f1os 50 tras haber servido en la Wehrmacht, las fuerzas de la Alemania nazi.<\/strong><\/p>\n<p class=\"com-paragraph   --s\">Documentos del archivo federal alem\u00e1n revelaron su afiliaci\u00f3n al Partido Nacionalsocialista en 1942, un antecedente que reaparece en cada ciclo electoral. <strong>Kast ha sostenido que su padre \u201cfue un soldado que sigui\u00f3 \u00f3rdenes\u201d y \u201cno un nazi activo\u201d, <\/strong>intentando separar el contexto hist\u00f3rico de la biograf\u00eda personal.<\/p>\n<p class=\"com-paragraph   --s\">M\u00e1s all\u00e1 de esa sombra hist\u00f3rica, los Kast se integraron r\u00e1pidamente en Chile. La familia se estableci\u00f3 en Buin, donde Michael Kast abri\u00f3 una f\u00e1brica de embutidos, y se vincul\u00f3 estrechamente con la comunidad, la parroquia local y el movimiento de Schoenstatt. <\/p>\n<p class=\"com-paragraph   --s\">En ese entorno cat\u00f3lico, austero y disciplinado creci\u00f3 Jos\u00e9 Antonio Kast, <strong>el menor de diez hermanos.<\/strong><\/p>\n<p class=\"com-paragraph   --s\">Ese arraigo familiar sigue siendo parte central de su identidad p\u00fablica. Est\u00e1 casado con P\u00eda Adriasola y es padre de nueve hijos. Uno de ellos, Jos\u00e9 Antonio \u201cTo\u00f1o\u201d Kast Rist, se postula este a\u00f1o como diputado, lo que consolida la continuidad del clan en la pol\u00edtica chilena.<\/p>\n<p class=\"com-paragraph   --s\">Ya en un plano m\u00e1s personal y pol\u00edtico, Kast busc\u00f3 explicar c\u00f3mo imagina un eventual gobierno suyo. <a href=\"https:\/\/www.lanacion.com.ar\/el-mundo\/jose-antonio-kast-respetamos-a-la-prensa-y-creemos-en-los-acuerdos-politicos-para-gobernar-nid28092025\/\" target=\"_self\" title=\"https:\/\/www.lanacion.com.ar\/el-mundo\/jose-antonio-kast-respetamos-a-la-prensa-y-creemos-en-los-acuerdos-politicos-para-gobernar-nid28092025\/\" class=\"com-link break-word\" data-mrf-recirculation=\"n_link_parrafo\">En una entrevista reciente con LA NACION<\/a>, lo resumi\u00f3 con una frase que refleja su intento de proyectar pragmatismo y urgencia: \u201cEste futuro gobierno es <strong>un gobierno de emergencia. <\/strong>Y que todas aquellas materias que nos dividan las vamos a dejar de lado para enfrentar aquellos problemas sociales urgentes. Estamos mirando hacia el futuro\u201d.<\/p>\n<section class=\"container-center-100 mb-40 border border-bottom border-thin border-neutral-light-700\">\n<hr\/>\n<\/section>\n<\/div>\n\n","protected":false},"excerpt":{"rendered":"<p>SANTIAGO.- Dice que, si pudiera elegir un compa\u00f1ero de karaoke entre los pol\u00edticos, \u201ctraer\u00eda de la muerte\u201d al expresidente estadounidense Ronald Reagan. Tiene sentido: quiz\u00e1 no compartan el gusto musical \u2014Jos\u00e9 Antonio Kast ha contado que le gusta Ricardo Arjona\u2014, pero s\u00ed una larga lista de afinidades pol\u00edticas e ideol\u00f3gicas. Ambos encarnan un conservadurismo optimista, [&hellip;]<\/p>\n","protected":false},"author":2,"featured_media":216751,"comment_status":"closed","ping_status":"closed","sticky":false,"template":"","format":"standard","meta":{"footnotes":""},"categories":[1],"tags":[],"class_list":["post-216750","post","type-post","status-publish","format-standard","has-post-thumbnail","hentry","category-uncategorized"],"_links":{"self":[{"href":"https:\/\/radioacuariofm.com.ar\/index.php?rest_route=\/wp\/v2\/posts\/216750","targetHints":{"allow":["GET"]}}],"collection":[{"href":"https:\/\/radioacuariofm.com.ar\/index.php?rest_route=\/wp\/v2\/posts"}],"about":[{"href":"https:\/\/radioacuariofm.com.ar\/index.php?rest_route=\/wp\/v2\/types\/post"}],"author":[{"embeddable":true,"href":"https:\/\/radioacuariofm.com.ar\/index.php?rest_route=\/wp\/v2\/users\/2"}],"replies":[{"embeddable":true,"href":"https:\/\/radioacuariofm.com.ar\/index.php?rest_route=%2Fwp%2Fv2%2Fcomments&post=216750"}],"version-history":[{"count":1,"href":"https:\/\/radioacuariofm.com.ar\/index.php?rest_route=\/wp\/v2\/posts\/216750\/revisions"}],"predecessor-version":[{"id":216752,"href":"https:\/\/radioacuariofm.com.ar\/index.php?rest_route=\/wp\/v2\/posts\/216750\/revisions\/216752"}],"wp:featuredmedia":[{"embeddable":true,"href":"https:\/\/radioacuariofm.com.ar\/index.php?rest_route=\/wp\/v2\/media\/216751"}],"wp:attachment":[{"href":"https:\/\/radioacuariofm.com.ar\/index.php?rest_route=%2Fwp%2Fv2%2Fmedia&parent=216750"}],"wp:term":[{"taxonomy":"category","embeddable":true,"href":"https:\/\/radioacuariofm.com.ar\/index.php?rest_route=%2Fwp%2Fv2%2Fcategories&post=216750"},{"taxonomy":"post_tag","embeddable":true,"href":"https:\/\/radioacuariofm.com.ar\/index.php?rest_route=%2Fwp%2Fv2%2Ftags&post=216750"}],"curies":[{"name":"wp","href":"https:\/\/api.w.org\/{rel}","templated":true}]}}