{"id":216747,"date":"2025-11-17T05:03:38","date_gmt":"2025-11-17T08:03:38","guid":{"rendered":"https:\/\/radioacuariofm.com.ar\/?p=216747"},"modified":"2025-11-17T05:03:39","modified_gmt":"2025-11-17T08:03:39","slug":"cuando-es-el-balotaje-presidencial-de-chile-2025","status":"publish","type":"post","link":"https:\/\/radioacuariofm.com.ar\/?p=216747","title":{"rendered":"Cu\u00e1ndo es el balotaje presidencial de Chile 2025"},"content":{"rendered":"<p> <br \/>\n<\/p>\n<div>\n<p class=\"com-paragraph  --capital --s\">Luego de que<strong> Jeannette Jara<\/strong> y<strong> Jos\u00e9 Antonio Kast<\/strong> quedaran a casi tres puntos de diferencia en <a href=\"https:\/\/www.lanacion.com.ar\/el-mundo\/resultados-en-vivo-en-chile-como-van-las-elecciones-para-presidente-2025-nid16112025\/\" target=\"_self\" title=\"https:\/\/www.lanacion.com.ar\/el-mundo\/resultados-en-vivo-en-chile-como-van-las-elecciones-para-presidente-2025-nid16112025\/\" class=\"com-link break-word\" data-mrf-recirculation=\"n_link_parrafo\"><strong>las elecciones presidenciales de Chile 2025,<\/strong><\/a> ambos candidatos deber\u00e1n ir a <strong>balotaje el pr\u00f3ximo 14 de diciembre.<\/strong><\/p>\n<p class=\"com-paragraph   --s\">Este domingo 16 de noviembre, <strong>los chilenos vivieron una jornada clave,<\/strong> dado que fue la <strong>primera elecci\u00f3n obligatoria<\/strong> en su historia. Debido a que ninguno de los ocho candidatos a presidente obtuvo la <strong>mayor\u00eda absoluta de los votos <\/strong>(lo que significa conseguir m\u00e1s de la mitad de los sufragios v\u00e1lidamente emitidos) los dos que m\u00e1s puntos obtuvieron <strong>deber\u00e1n medirse en segunda vuelta.<\/strong><\/p>\n<div class=\"content-media cursor-pointer container-center-100\">\n<section class=\"media-container relative ratio-16-9 mod-media pb-32\">\n<figure class=\"mod-video\">\n<div class=\"video-player bg-black ratio-16-9\">\n<div id=\"facade-ZRd7x1fm\" class=\"content-facade-jw relative bg-black ratio-16-9\"><picture><source media=\"(max-width: 767px)\" srcset=\"https:\/\/resizer.glanacion.com\/resizer\/v2\/https%3A%2F%2Fcdn.jwplayer.com%2Fv2%2Fmedia%2FZRd7x1fm%2Fposter.jpg%3Fwidth%3D720?auth=782006d4c351c6a3c01d47cc438c78fc273a4d7f73332fa06995463860a6a185&amp;width=480&amp;quality=70&amp;smart=false\"\/><\/picture><\/div>\n<\/div><figcaption class=\"border border-1 border-bottom border-light-300 relative px-16 py-8 min-h-36 w-100_md px-0_l mb-8 bg-white\"><span class=\"text ln-text text-16 block\">Jara habla con los medios en la jornada electoral en Chile<\/span><\/figcaption><\/figure>\n<\/section>\n<\/div>\n<p class=\"com-paragraph   --s\">En esta primera vuelta, <strong>Jara<\/strong>, la<strong> candidata oficialista<\/strong> y primera militante comunista en liderar una coalici\u00f3n de izquierda y centroizquierda en una elecci\u00f3n presidencial, alcanz\u00f3 el 26,82% de los votos. En tanto, <strong>Kast, candidato de la derecha conservadora, <\/strong>que se presenta a su tercera carrera presidencial, qued\u00f3 segundo con el 23,97%. Ambos aspirantes a suceder a Gabriel Boric se medir\u00e1n nuevamente en las urnas en un mes.<\/p>\n<p class=\"com-paragraph   --s\"><strong>Jeannette Jara,<\/strong> militante del <strong>Partido Comunista<\/strong>, emerge como la candidata \u00fanica de los <strong>partidos oficialistas<\/strong> que respaldan al <strong>gobierno de Gabriel Boric en Chile. <\/strong>La pol\u00edtica busca ser la<strong> primera presidenta comunista<\/strong> desde el retorno a la democracia.<\/p>\n<div class=\"content-media\">\n<section role=\"button\" class=\"mod-media   \">\n<figure role=\"button\" class=\"mod-figure \"><figcaption class=\"mod-figcaption\"><span class=\"com-text --caption --twoxs\">Qui\u00e9n es Jeannette Jara y qu\u00e9 propone<\/span><span class=\"com-text --credit --twoxs\">[e]JORGE VILLEGAS &#8211; XinHua<\/span><\/figcaption><\/figure>\n<\/section>\n<\/div>\n<p class=\"com-paragraph   --s\"><a href=\"https:\/\/www.lanacion.com.ar\/el-mundo\/elecciones-en-chile-quienes-son-y-que-proponen-los-cuatro-candidatos-que-encabezan-la-carrera-nid14112025\/\" target=\"_self\" title=\"https:\/\/www.lanacion.com.ar\/el-mundo\/elecciones-en-chile-quienes-son-y-que-proponen-los-cuatro-candidatos-que-encabezan-la-carrera-nid14112025\/\" class=\"com-link break-word\" data-mrf-recirculation=\"n_link_parrafo\">Abogada de origen humilde<\/a>, nacida en Conchal\u00ed y proveniente de una poblaci\u00f3n, su ascenso pol\u00edtico se consolid\u00f3 como <strong>ministra del Trabajo<\/strong> en la actual administraci\u00f3n. Durante su mandato, fue clave en la promulgaci\u00f3n de leyes significativas, como la <strong>reducci\u00f3n de la jornada laboral a 40 horas semanales<\/strong> y el avance en la reforma previsional. Estos hitos la posicionaron prominentemente en el <strong>panorama pol\u00edtico chileno actual<\/strong>.<\/p>\n<p class=\"com-paragraph   --s\">En materia <strong>econ\u00f3mica<\/strong>, Jara plantea preservar y profundizar los beneficios impulsados durante la administraci\u00f3n de Boric. Su propuesta principal es establecer un ingreso vital de 750.000 pesos chilenos (unos 795 d\u00f3lares) para los trabajadores, con el objetivo de garantizar una base econ\u00f3mica m\u00ednima m\u00e1s robusta. La ampliaci\u00f3n de estos programas sociales se presenta como un componente central de su plataforma.<\/p>\n<div class=\"content-media\">\n<section role=\"button\" class=\"mod-media   \">\n<figure role=\"button\" class=\"mod-figure \"><figcaption class=\"mod-figcaption\"><span class=\"com-text --caption --twoxs\">Jara ser\u00eda la continuadora del gobierno de Boric<\/span><span class=\"com-text --credit --twoxs\">Getty Images<\/span><\/figcaption><\/figure>\n<\/section>\n<\/div>\n<p class=\"com-paragraph   --s\">Por su parte, busca impulsar el levantamiento del secreto bancario con el objetivo de trazar una <strong>ruta del dinero il\u00edcito. <\/strong>Tambi\u00e9n tiene como iniciativa el control de armas para reducir el poder de fuego de bandas criminales y la implementaci\u00f3n de un registro biom\u00e9trico.<\/p>\n<p class=\"com-paragraph   --s\"><strong>Jos\u00e9 Antonio Kast<\/strong> se presenta a su tercera carrera presidencial (tras 2017 y 2021) como el l\u00edder del <strong>Partido Republicano<\/strong>, apoyado tambi\u00e9n por el <strong>Partido Social Cristiano<\/strong>. En 2021 gan\u00f3 la primera vuelta, pero fue derrotado en el balotaje por el actual presidente Gabriel.<\/p>\n<p class=\"com-paragraph   --s\">Es abogado y fue diputado. En el escenario pol\u00edtico, es un referente de la <strong>derecha conservadora<\/strong>.<\/p>\n<div class=\"content-media\">\n<section role=\"button\" class=\"mod-media   \">\n<figure role=\"button\" class=\"mod-figure \"><figcaption class=\"mod-figcaption\"><span class=\"com-text --caption --twoxs\">Qui\u00e9n es Jos\u00e9 Antonio Kast y qu\u00e9 piensa<\/span><span class=\"com-text --credit --twoxs\">Esteban Felix  &#8211; AP <\/span><\/figcaption><\/figure>\n<\/section>\n<\/div>\n<p class=\"com-paragraph   --s\">Kast propone convertir la migraci\u00f3n irregular en un delito y busca impulsar expulsiones masivas.<\/p>\n<p class=\"com-paragraph   --s\">Otro de los temas centrales en la campa\u00f1a de Kast fue la <strong>seguridad p\u00fablica<\/strong>, donde propone el <strong>Plan Implacable<\/strong> para frenar el crimen organizado. Este plan incluye la instalaci\u00f3n de c\u00e1rceles de m\u00e1xima seguridad con aislamiento total para cabecillas narcos y el endurecimiento de penas para miembros de las bandas criminales.<\/p>\n<p class=\"com-paragraph   --s\">Una de sus propuestas destacadas es la revisi\u00f3n de la aplicaci\u00f3n de la leg\u00edtima defensa, buscando el <strong>\u201cfin de la criminalizaci\u00f3n de v\u00edctimas que se defienden\u201d<\/strong>. Pese a su enfoque de mano dura, el conservador manifest\u00f3 su oposici\u00f3n a la pena de muerte, considerando la cadena perpetua como la pena m\u00e1s dura.<\/p>\n<div class=\"content-media cursor-pointer container-center-100\">\n<section class=\"media-container relative ratio-16-9 mod-media pb-32\">\n<figure class=\"mod-video\">\n<div class=\"video-player bg-black ratio-16-9\">\n<div id=\"facade-K2A9hYiH\" class=\"content-facade-jw relative bg-black ratio-16-9\"><picture><source media=\"(max-width: 767px)\" srcset=\"https:\/\/resizer.glanacion.com\/resizer\/v2\/https%3A%2F%2Fcdn.jwplayer.com%2Fv2%2Fmedia%2FK2A9hYiH%2Fposter.jpg%3Fwidth%3D720?auth=9391aa0f2971208f952ca926584a19b178524960d2caf93e268c489ab2b625dd&amp;width=480&amp;quality=70&amp;smart=false\"\/><img class=\"image flex com-image --cover\" decoding=\"async\" fetchpriority=\"low\" loading=\"lazy\" src=\"https:\/\/radioacuariofm.com.ar\/wp-content\/uploads\/2025\/11\/https:\/\/cdn.jwplayer.com\/v2\/media\/K2A9hYiH\/poster.jpg\" alt=\"Festejos en el b\u00fanker de Kast tras la difusi\u00f3n de los primeros resultados\"\/><\/picture><\/div>\n<\/div><figcaption class=\"border border-1 border-bottom border-light-300 relative px-16 py-8 min-h-36 w-100_md px-0_l mb-8 bg-white\"><span class=\"text ln-text text-16 block\">Festejos en el b\u00fanker de Kast tras la difusi\u00f3n de los primeros resultados<\/span><\/figcaption><\/figure>\n<\/section>\n<\/div>\n<p class=\"com-paragraph   --s\">En la <strong>econom\u00eda<\/strong>, el candidato republicano provoc\u00f3 cr\u00edticas al proponer un <strong>recorte fiscal de 6000 millones de d\u00f3lares en 18 meses<\/strong>. Si bien no detall\u00f3 la f\u00f3rmula, planea reducir gastos eliminando funcionarios que consiguieron sus puestos por acomodo y regulando la entrega de licencias m\u00e9dicas. <\/p>\n<section class=\"container-center-100 mb-40 border border-bottom border-thin border-neutral-light-700\"\/><\/div>\n\n","protected":false},"excerpt":{"rendered":"<p>Luego de que Jeannette Jara y Jos\u00e9 Antonio Kast quedaran a casi tres puntos de diferencia en las elecciones presidenciales de Chile 2025, ambos candidatos deber\u00e1n ir a balotaje el pr\u00f3ximo 14 de diciembre. Este domingo 16 de noviembre, los chilenos vivieron una jornada clave, dado que fue la primera elecci\u00f3n obligatoria en su historia. [&hellip;]<\/p>\n","protected":false},"author":2,"featured_media":216748,"comment_status":"closed","ping_status":"closed","sticky":false,"template":"","format":"standard","meta":{"footnotes":""},"categories":[1],"tags":[],"class_list":["post-216747","post","type-post","status-publish","format-standard","has-post-thumbnail","hentry","category-uncategorized"],"_links":{"self":[{"href":"https:\/\/radioacuariofm.com.ar\/index.php?rest_route=\/wp\/v2\/posts\/216747","targetHints":{"allow":["GET"]}}],"collection":[{"href":"https:\/\/radioacuariofm.com.ar\/index.php?rest_route=\/wp\/v2\/posts"}],"about":[{"href":"https:\/\/radioacuariofm.com.ar\/index.php?rest_route=\/wp\/v2\/types\/post"}],"author":[{"embeddable":true,"href":"https:\/\/radioacuariofm.com.ar\/index.php?rest_route=\/wp\/v2\/users\/2"}],"replies":[{"embeddable":true,"href":"https:\/\/radioacuariofm.com.ar\/index.php?rest_route=%2Fwp%2Fv2%2Fcomments&post=216747"}],"version-history":[{"count":1,"href":"https:\/\/radioacuariofm.com.ar\/index.php?rest_route=\/wp\/v2\/posts\/216747\/revisions"}],"predecessor-version":[{"id":216749,"href":"https:\/\/radioacuariofm.com.ar\/index.php?rest_route=\/wp\/v2\/posts\/216747\/revisions\/216749"}],"wp:featuredmedia":[{"embeddable":true,"href":"https:\/\/radioacuariofm.com.ar\/index.php?rest_route=\/wp\/v2\/media\/216748"}],"wp:attachment":[{"href":"https:\/\/radioacuariofm.com.ar\/index.php?rest_route=%2Fwp%2Fv2%2Fmedia&parent=216747"}],"wp:term":[{"taxonomy":"category","embeddable":true,"href":"https:\/\/radioacuariofm.com.ar\/index.php?rest_route=%2Fwp%2Fv2%2Fcategories&post=216747"},{"taxonomy":"post_tag","embeddable":true,"href":"https:\/\/radioacuariofm.com.ar\/index.php?rest_route=%2Fwp%2Fv2%2Ftags&post=216747"}],"curies":[{"name":"wp","href":"https:\/\/api.w.org\/{rel}","templated":true}]}}