{"id":216741,"date":"2025-11-17T03:01:31","date_gmt":"2025-11-17T06:01:31","guid":{"rendered":"https:\/\/radioacuariofm.com.ar\/?p=216741"},"modified":"2025-11-17T03:01:32","modified_gmt":"2025-11-17T06:01:32","slug":"un-micro-de-pasajeros-cayo-por-un-abismo-12-personas-murieron-y-10-resultaron-heridas","status":"publish","type":"post","link":"https:\/\/radioacuariofm.com.ar\/?p=216741","title":{"rendered":"Un micro de pasajeros cay\u00f3 por un abismo: 12 personas murieron y 10 resultaron heridas"},"content":{"rendered":"<p> <br \/>\n<\/p>\n<div>\n<p class=\"com-paragraph  --capital --s\">Al menos <strong>12 personas murieron<\/strong> y otras <strong>10 resultaron heridas<\/strong> luego de que un micro de pasajeros cayera por un abismo en <strong>Ecuador<\/strong>. El accidente ocurri\u00f3 este domingo en la ruta que une las ciudades de Guaranda y Ambato, a la altura de la parroquia <strong>Simi\u00e1tug<\/strong>. <\/p>\n<p class=\"com-paragraph   --s\">La tragedia fue confirmada por la Secretar\u00eda Nacional de Gesti\u00f3n de Riesgos a trav\u00e9s de su cuenta oficial en X. El servicio de emergencias ECU 911 detall\u00f3 que <strong>el veh\u00edculo cay\u00f3 por una pronunciada pendiente<\/strong> y qued\u00f3 en el fondo de un barranco, en una zona de dif\u00edcil acceso.<\/p>\n<p class=\"com-paragraph   --s\">El fatal accidente ocurri\u00f3 alrededor de las 12 del mediod\u00eda, seg\u00fan inform\u00f3 el medio ecuatoriano <a href=\"https:\/\/www.teleamazonas.com\/actualidad\/noticias\/ecuador\/bus-cayo-abismo-guaranda-ambato-domingo-16-noviembre-106429\/\" rel=\"nofollow\" target=\"_blank\" title=\"https:\/\/www.teleamazonas.com\/actualidad\/noticias\/ecuador\/bus-cayo-abismo-guaranda-ambato-domingo-16-noviembre-106429\/\" class=\"com-link break-word\" data-mrf-recirculation=\"n_link_parrafo\"><em>TeleAmazonas<\/em><\/a>, cuando el \u00f3mnibus -perteneciente a la cooperativa Ambate\u00f1ita- <strong>circulaba con plena capacidad de pasajeros por la mencionada ruta.<\/strong> <\/p>\n<p class=\"com-paragraph   --s\">Equipos de rescate, bomberos, personal m\u00e9dico y efectivos policiales prestaron asistencia en el lugar, mientras vecinos de la zona colaboraron en las primeras maniobras para ayudar a los sobrevivientes. Las autoridades <strong>trasladaron a los heridos a centros de salud cercanos<\/strong>.<\/p>\n<p class=\"com-paragraph   --s\">La <strong>Secretar\u00eda Nacional de Gesti\u00f3n de Riesgos<\/strong> public\u00f3 un mensaje oficial en el que se\u00f1al\u00f3: \u201cEn Simiatug (La Gerrana), se registr\u00f3 el volcamiento de una unidad de transporte, dejando preliminarmente 12 personas fallecidas y 10 heridas\u201d. <\/p>\n<p class=\"com-paragraph   --s\">Adem\u00e1s, indic\u00f3 que la Secretar\u00eda, l<strong>a Polic\u00eda Nacional, el Ministerio de Salud P\u00fablica y los cuerpos de bomberos \u201cmantienen las acciones de atenci\u00f3n, traslado y levantamiento correspondiente en el sitio\u201d<\/strong>. El comunicado tambi\u00e9n incluy\u00f3 un mensaje de solidaridad dirigido a las familias de las v\u00edctimas.<\/p>\n<p class=\"com-paragraph   --s\">Ecuador report\u00f3 en <strong>2024 <\/strong>m\u00e1s de <strong>21.000 accidentes de tr\u00e1nsito<\/strong>, en los que <strong>fallecieron 2302 personas<\/strong>. Por esa cantidad de siniestros, los percances de tr\u00e1nsito figuran en ese pa\u00eds entre las principales causas de muerte.<\/p>\n<p class=\"com-paragraph   --s\"><em>Con informaci\u00f3n de AFP.<\/em><\/p>\n<section class=\"container-center-100 mb-40 border border-bottom border-thin border-neutral-light-700\">\n<hr\/>\n<\/section>\n<\/div>\n\n","protected":false},"excerpt":{"rendered":"<p>Al menos 12 personas murieron y otras 10 resultaron heridas luego de que un micro de pasajeros cayera por un abismo en Ecuador. El accidente ocurri\u00f3 este domingo en la ruta que une las ciudades de Guaranda y Ambato, a la altura de la parroquia Simi\u00e1tug. La tragedia fue confirmada por la Secretar\u00eda Nacional de [&hellip;]<\/p>\n","protected":false},"author":2,"featured_media":216742,"comment_status":"closed","ping_status":"closed","sticky":false,"template":"","format":"standard","meta":{"footnotes":""},"categories":[1],"tags":[],"class_list":["post-216741","post","type-post","status-publish","format-standard","has-post-thumbnail","hentry","category-uncategorized"],"_links":{"self":[{"href":"https:\/\/radioacuariofm.com.ar\/index.php?rest_route=\/wp\/v2\/posts\/216741","targetHints":{"allow":["GET"]}}],"collection":[{"href":"https:\/\/radioacuariofm.com.ar\/index.php?rest_route=\/wp\/v2\/posts"}],"about":[{"href":"https:\/\/radioacuariofm.com.ar\/index.php?rest_route=\/wp\/v2\/types\/post"}],"author":[{"embeddable":true,"href":"https:\/\/radioacuariofm.com.ar\/index.php?rest_route=\/wp\/v2\/users\/2"}],"replies":[{"embeddable":true,"href":"https:\/\/radioacuariofm.com.ar\/index.php?rest_route=%2Fwp%2Fv2%2Fcomments&post=216741"}],"version-history":[{"count":1,"href":"https:\/\/radioacuariofm.com.ar\/index.php?rest_route=\/wp\/v2\/posts\/216741\/revisions"}],"predecessor-version":[{"id":216743,"href":"https:\/\/radioacuariofm.com.ar\/index.php?rest_route=\/wp\/v2\/posts\/216741\/revisions\/216743"}],"wp:featuredmedia":[{"embeddable":true,"href":"https:\/\/radioacuariofm.com.ar\/index.php?rest_route=\/wp\/v2\/media\/216742"}],"wp:attachment":[{"href":"https:\/\/radioacuariofm.com.ar\/index.php?rest_route=%2Fwp%2Fv2%2Fmedia&parent=216741"}],"wp:term":[{"taxonomy":"category","embeddable":true,"href":"https:\/\/radioacuariofm.com.ar\/index.php?rest_route=%2Fwp%2Fv2%2Fcategories&post=216741"},{"taxonomy":"post_tag","embeddable":true,"href":"https:\/\/radioacuariofm.com.ar\/index.php?rest_route=%2Fwp%2Fv2%2Ftags&post=216741"}],"curies":[{"name":"wp","href":"https:\/\/api.w.org\/{rel}","templated":true}]}}