{"id":216738,"date":"2025-11-17T02:00:48","date_gmt":"2025-11-17T05:00:48","guid":{"rendered":"https:\/\/radioacuariofm.com.ar\/?p=216738"},"modified":"2025-11-17T02:00:49","modified_gmt":"2025-11-17T05:00:49","slug":"los-dos-triunfos-de-la-derecha-y-el-votante-que-definira-al-proximo-presidente-de-chile","status":"publish","type":"post","link":"https:\/\/radioacuariofm.com.ar\/?p=216738","title":{"rendered":"Los dos triunfos de la derecha y el votante que definir\u00e1 al pr\u00f3ximo presidente de Chile"},"content":{"rendered":"<p> <br \/>\n<\/p>\n<div>\n<p class=\"com-paragraph  --capital --s\">SANTIAGO, Chile.- Jeannette <a href=\"https:\/\/www.lanacion.com.ar\/el-mundo\/elecciones-en-chile-quien-es-jeanette-jara-la-candidata-comunista-que-enfrentara-un-camino-dificil-nid16112025\/\" target=\"_self\" title=\"https:\/\/www.lanacion.com.ar\/el-mundo\/elecciones-en-chile-quien-es-jeanette-jara-la-candidata-comunista-que-enfrentara-un-camino-dificil-nid16112025\/\" class=\"com-link break-word\" data-mrf-recirculation=\"n_link_parrafo\">Jara<\/a> primera, Jos\u00e9 Antonio <a href=\"https:\/\/www.lanacion.com.ar\/el-mundo\/elecciones-en-chile-jose-antonio-kast-el-candidato-que-modero-su-mensaje-para-ampliar-su-base-y-nid16112025\/\" target=\"_self\" title=\"https:\/\/www.lanacion.com.ar\/el-mundo\/elecciones-en-chile-jose-antonio-kast-el-candidato-que-modero-su-mensaje-para-ampliar-su-base-y-nid16112025\/\" class=\"com-link break-word\" data-mrf-recirculation=\"n_link_parrafo\">Kast<\/a> segundo. La <a href=\"https:\/\/www.lanacion.com.ar\/el-mundo\/elecciones-chile-2025-en-vivo-la-espera-por-los-resultados-minuto-a-minuto-y-las-ultimas-noticias-nid16112025\/\" target=\"_self\" title=\"https:\/\/www.lanacion.com.ar\/el-mundo\/elecciones-chile-2025-en-vivo-la-espera-por-los-resultados-minuto-a-minuto-y-las-ultimas-noticias-nid16112025\/\" class=\"com-link break-word\" data-mrf-recirculation=\"n_link_parrafo\">elecci\u00f3n chilena<\/a> dej\u00f3 un <a href=\"https:\/\/www.lanacion.com.ar\/el-mundo\/elecciones-en-chile-jara-gano-y-se-enfrentara-en-un-balotaje-con-kast-que-suma-apoyos-y-arranca-con-nid16112025\/\" target=\"_self\" title=\"https:\/\/www.lanacion.com.ar\/el-mundo\/elecciones-en-chile-jara-gano-y-se-enfrentara-en-un-balotaje-con-kast-que-suma-apoyos-y-arranca-con-nid16112025\/\" class=\"com-link break-word\" data-mrf-recirculation=\"n_link_parrafo\">resultado <\/a>ajustado, con un final abierto. Una <strong>militante comunista<\/strong> y un <strong>representante de la derecha conservadora <\/strong>disputar\u00e1n la presidencia en un balotaje en un <strong>pa\u00eds que hace a\u00f1os busca un centro que no logra consolidarse. <\/strong><\/p>\n<p class=\"com-paragraph   --s\">Junto a ellos irrumpi\u00f3 un tercer actor inesperado: <strong>Franco Parisi (Partido de la Gente), <\/strong>que volvi\u00f3 a instalarse como fuerza relevante y alter\u00f3 cualquier lectura tradicional del mapa pol\u00edtico.<\/p>\n<p class=\"com-paragraph   --s\">El panorama exhibe una <strong>fractura evidente<\/strong> que la pol\u00edtica evit\u00f3 mirar de frente: <strong>los polos dominaron la primera vuelta, pero ahora deber\u00e1n apuntar a lo que no tienen \u2014el centro\u2014 si quieren gobernar. <\/strong>Chile aparece dividido en dos orillas n\u00edtidas, con un espacio moderado debilitado y una centroizquierda de capa ca\u00edda e incapaz de articular una alternativa competitiva.<\/p>\n<div class=\"content-media\">\n<section role=\"button\" class=\"mod-media   \">\n<figure role=\"button\" class=\"mod-figure \"><figcaption class=\"mod-figcaption\"><span class=\"com-text --caption --twoxs\">Jeannette Jara y Jos\u00e9 Antonio Kast se encaminan al balotaje de dicembre en Chile.<\/span><span class=\"com-text --credit --twoxs\">Collage<\/span><\/figcaption><\/figure>\n<\/section>\n<\/div>\n<p class=\"com-paragraph   --s\">Para Jara, el triunfo es relevante, le quita cierta presi\u00f3n, pero no definitivo. <strong>Ganar la primera vuelta no asegura nada<\/strong>. Su desaf\u00edo reci\u00e9n comienza:<strong> ampliar su electorado <\/strong>m\u00e1s all\u00e1 del oficialismo, atraer a votantes moderados y superar la desconfianza que genera el Partido Comunista en un sector amplio del pa\u00eds. La derecha ya defini\u00f3 ese flanco como su eje de ataque. Y lo har\u00e1 sin matices.<\/p>\n<p class=\"com-paragraph   --s\">Kast llega a la final con un mensaje simple: \u00e9l<strong> encarna el \u201corden\u201d frente a un gobierno que no logr\u00f3 controlar la seguridad ni reanimar la econom\u00eda<\/strong>. Su base es disciplinada y homog\u00e9nea. Puede sumar con facilidad a la derecha liberal, a conservadores duros y a votantes que recurren al castigo. Pero enfrenta un l\u00edmite evidente: el techo. La primera vuelta mostr\u00f3 que su apoyo es s\u00f3lido, pero el desaf\u00edo ser\u00e1 ver cu\u00e1nto logra seducir a los moderados.<\/p>\n<p class=\"com-paragraph   --s\">La <strong>sorpresa de la noche fue Franco Parisi<\/strong>. El abanderado del Partido de la Gente volvi\u00f3 a instalarse como tercera fuerza. Su propuesta \u2014una mezcla de <strong>populismo digital, antipol\u00edtica y discurso pro-emprendimiento<\/strong>\u2014 volvi\u00f3 a capturar a una clase media cansada, desconfiada y cada vez m\u00e1s distante de los partidos. <\/p>\n<p class=\"com-paragraph   --s\">\u00bfSu f\u00f3rmula? Su electorado no sigue \u00f3rdenes, no acata endosos y decide en solitario. Parisi mantuvo el misterio: <strong>no comprometi\u00f3 apoyo a nadie<\/strong>. Ese <strong>caudal, vol\u00e1til y decisivo, no ser\u00e1 patrimonio autom\u00e1tico de Jara ni de Kast.<\/strong><\/p>\n<p class=\"com-paragraph   --s\">La centroizquierda qued\u00f3 en un terreno particularmente inc\u00f3modo. Sin candidato propio, sin estructura territorial s\u00f3lida y sin conducci\u00f3n reconocible, deber\u00e1 definir su postura. <\/p>\n<p class=\"com-paragraph   --s\">Pero su votante no es uniforme: abarca almas democratacristianas tradicionales, sectores \u201camarillos\u201d, profesionales moderados y quienes eligieron a Evelyn Matthei para evitar la polarizaci\u00f3n. Ese mundo \u2014determinante en todos los balotajes desde 1999\u2014 ser\u00e1 disputado intensamente. Y es, al mismo tiempo, el que m\u00e1s recelo expresa frente a una candidata del Partido Comunista.<\/p>\n<div class=\"content-media\">\n<section role=\"button\" class=\"mod-media   \">\n<figure role=\"button\" class=\"mod-figure \"><figcaption class=\"mod-figcaption\"><span class=\"com-text --caption --twoxs\">El candidato presidencial chileno Jos\u00e9 Antonio Kast, del Partido Republicano, saluda a sus seguidores tras conocerse los primeros resultados de las encuestas a pie de urna de las elecciones generales celebradas en Santiago el 16 de noviembre de 2025<\/span><span class=\"com-text --credit --twoxs\">VICTOR RUIZ &#8211; AFP<\/span><\/figcaption><\/figure>\n<\/section>\n<\/div>\n<p class=\"com-paragraph   --s\">Para Kast, la noche fue celebratoria. Su comando ley\u00f3 la votaci\u00f3n como la confirmaci\u00f3n de su narrativa: la <strong>derecha logr\u00f3 instalarse como la alternativa clara frente al oficialismo<\/strong>. Para \u00e9l, llegar segundo no es una derrota, sino una oportunidad. Su equipo ya empez\u00f3 a posicionar la idea de que el balotaje ser\u00e1 \u201cuna elecci\u00f3n entre orden y desorden\u201d.<\/p>\n<p class=\"com-paragraph   --s\">Los <strong>resultados parlamentarios fueron a\u00fan m\u00e1s duros para el gobierno<\/strong>. La<strong> oposici\u00f3n logr\u00f3 un desempe\u00f1o contundente en las senatoriales<\/strong>, ampliando su presencia en regiones clave y asegurando un contrapeso institucional de gran magnitud. Fue <strong>un segundo triunfo para la derecha: <\/strong>desde ahora, <strong>controla la mayor\u00eda del Senado y la C\u00e1mara de Diputados, <\/strong>un dato que condicionar\u00e1 cualquier agenda legislativa futura, gane quien gane la presidencial.<\/p>\n<p class=\"com-paragraph   --s\">En t\u00e9rminos territoriales, <strong>Jara se impuso con claridad en Santiago<\/strong>, pero las regiones movieron la aguja. En<strong> zonas rurales, agr\u00edcolas y en buena parte del sur,<\/strong> como la conflictiva Araucan\u00eda, el voto <strong>se inclin\u00f3 mayoritariamente hacia la derecha<\/strong>. El contraste vuelve a mostrar un patr\u00f3n que se repite desde hace a\u00f1os: la izquierda domina la capital, pero no logra equilibrar su desempe\u00f1o m\u00e1s all\u00e1 de ella. <\/p>\n<p class=\"com-paragraph   --s\"><strong>El votante del medio<\/strong> \u2014ese que no milita ni se identifica con ning\u00fan bloque\u2014 <strong>ser\u00e1 el territorio m\u00e1s codiciado<\/strong>. Parisi, con su discurso antipol\u00edtico y aspiracional, volvi\u00f3 a captar a profesionales j\u00f3venes, emprendedores y trabajadores independientes que rechazan las etiquetas ideol\u00f3gicas. Y ese electorado no se transa. No aceptar\u00e1 instrucciones ni pactos entre c\u00fapulas. Decidir\u00e1 solo.<\/p>\n<p class=\"com-paragraph   --s\">En ese tablero desequilibrado, <strong>la segunda vuelta no se jugar\u00e1 solo en el voto urbano<\/strong>. La disputa ser\u00e1 en comunas que han definido elecciones anteriores por diferencias inferiores al 2%. Ah\u00ed, en esos m\u00e1rgenes m\u00ednimos, se resolver\u00e1 la presidencia.<\/p>\n<section class=\"container-center-100 mb-40 border border-bottom border-thin border-neutral-light-700\">\n<hr\/>\n<\/section>\n<\/div>\n\n","protected":false},"excerpt":{"rendered":"<p>SANTIAGO, Chile.- Jeannette Jara primera, Jos\u00e9 Antonio Kast segundo. La elecci\u00f3n chilena dej\u00f3 un resultado ajustado, con un final abierto. Una militante comunista y un representante de la derecha conservadora disputar\u00e1n la presidencia en un balotaje en un pa\u00eds que hace a\u00f1os busca un centro que no logra consolidarse. Junto a ellos irrumpi\u00f3 un tercer [&hellip;]<\/p>\n","protected":false},"author":2,"featured_media":216739,"comment_status":"closed","ping_status":"closed","sticky":false,"template":"","format":"standard","meta":{"footnotes":""},"categories":[1],"tags":[],"class_list":["post-216738","post","type-post","status-publish","format-standard","has-post-thumbnail","hentry","category-uncategorized"],"_links":{"self":[{"href":"https:\/\/radioacuariofm.com.ar\/index.php?rest_route=\/wp\/v2\/posts\/216738","targetHints":{"allow":["GET"]}}],"collection":[{"href":"https:\/\/radioacuariofm.com.ar\/index.php?rest_route=\/wp\/v2\/posts"}],"about":[{"href":"https:\/\/radioacuariofm.com.ar\/index.php?rest_route=\/wp\/v2\/types\/post"}],"author":[{"embeddable":true,"href":"https:\/\/radioacuariofm.com.ar\/index.php?rest_route=\/wp\/v2\/users\/2"}],"replies":[{"embeddable":true,"href":"https:\/\/radioacuariofm.com.ar\/index.php?rest_route=%2Fwp%2Fv2%2Fcomments&post=216738"}],"version-history":[{"count":1,"href":"https:\/\/radioacuariofm.com.ar\/index.php?rest_route=\/wp\/v2\/posts\/216738\/revisions"}],"predecessor-version":[{"id":216740,"href":"https:\/\/radioacuariofm.com.ar\/index.php?rest_route=\/wp\/v2\/posts\/216738\/revisions\/216740"}],"wp:featuredmedia":[{"embeddable":true,"href":"https:\/\/radioacuariofm.com.ar\/index.php?rest_route=\/wp\/v2\/media\/216739"}],"wp:attachment":[{"href":"https:\/\/radioacuariofm.com.ar\/index.php?rest_route=%2Fwp%2Fv2%2Fmedia&parent=216738"}],"wp:term":[{"taxonomy":"category","embeddable":true,"href":"https:\/\/radioacuariofm.com.ar\/index.php?rest_route=%2Fwp%2Fv2%2Fcategories&post=216738"},{"taxonomy":"post_tag","embeddable":true,"href":"https:\/\/radioacuariofm.com.ar\/index.php?rest_route=%2Fwp%2Fv2%2Ftags&post=216738"}],"curies":[{"name":"wp","href":"https:\/\/api.w.org\/{rel}","templated":true}]}}