{"id":216735,"date":"2025-11-17T00:59:33","date_gmt":"2025-11-17T03:59:33","guid":{"rendered":"https:\/\/radioacuariofm.com.ar\/?p=216735"},"modified":"2025-11-17T00:59:34","modified_gmt":"2025-11-17T03:59:34","slug":"franco-parisi-el-outsider-que-volvio-a-sorprender-en-las-elecciones-en-chile-que-pasara-con-sus-votos","status":"publish","type":"post","link":"https:\/\/radioacuariofm.com.ar\/?p=216735","title":{"rendered":"Franco Parisi, el outsider que volvi\u00f3 a sorprender en las elecciones en Chile: qu\u00e9 pasar\u00e1 con sus votos"},"content":{"rendered":"<p> <br \/>\n<\/p>\n<div>\n<p class=\"com-paragraph  --capital --s\">SANTIAGO, Chile.- <strong>Franco Aldo Parisi Fern\u00e1ndez, <\/strong>de 58 a\u00f1os, se consolid\u00f3 como una de las figuras m\u00e1s disruptivas y controversiales en el panorama pol\u00edtico chileno reciente. <\/p>\n<p class=\"com-paragraph   --s\"><strong>En las<\/strong><a href=\"https:\/\/www.lanacion.com.ar\/el-mundo\/elecciones-en-chile-jara-gano-y-se-enfrentara-en-un-balotaje-con-kast-que-suma-apoyos-y-arranca-con-nid16112025\/\" target=\"_self\" title=\"https:\/\/www.lanacion.com.ar\/el-mundo\/elecciones-en-chile-jara-gano-y-se-enfrentara-en-un-balotaje-con-kast-que-suma-apoyos-y-arranca-con-nid16112025\/\" class=\"com-link break-word\" data-mrf-recirculation=\"n_link_parrafo\"><strong> elecciones de este domingo, <\/strong><\/a><strong>volvi\u00f3 a ser la sorpresa. <\/strong>No solo repiti\u00f3 su tercer puesto, sino que <a href=\"https:\/\/www.lanacion.com.ar\/el-mundo\/elecciones-en-chile-franco-parisi-el-candidato-mediatico-que-hizo-campana-sin-pisar-el-pais-nid17112021\/\" target=\"_self\" title=\"https:\/\/www.lanacion.com.ar\/el-mundo\/elecciones-en-chile-franco-parisi-el-candidato-mediatico-que-hizo-campana-sin-pisar-el-pais-nid17112021\/\" class=\"com-link break-word\" data-mrf-recirculation=\"n_link_parrafo\">super\u00f3 su voto de 2021, <\/a>fue primera fuerza en todo el macro-norte de Chile y logr\u00f3 llevar al menos <strong>doce diputados al Congreso. <\/strong>Su base se fortaleci\u00f3 especialmente en Antofagasta, Arica y Tarapac\u00e1.<\/p>\n<p class=\"com-paragraph   --s\">\u201cEstuvimos a nada de pasar a segunda vuelta&#8230;. a nada, a nada, a nada\u201d, reivindic\u00f3, despu\u00e9s de reunir el 19,7% de los votos, cuatro puntos menos que <strong>Jos\u00e9 Antonio Kast<\/strong>, el candidato de la derecha que qued\u00f3 en segundo lugar, detr\u00e1s de la comunista <strong>Jeannette Jara. <\/strong>Eso convierte a <strong>su electorado en un blanco a seducir por los dos candidatos que se disputar\u00e1n el balotaje el 14 de diciembre.<\/strong><\/p>\n<p class=\"com-paragraph   --s\">Economista con una s\u00f3lida formaci\u00f3n acad\u00e9mica, Parisi supo transformar su perfil t\u00e9cnico en una plataforma populista, repitiendo el lema de que <strong>\u201cChile no es facho ni comunacho\u201d.<\/strong> <\/p>\n<p class=\"com-paragraph   --s\">Cofundador y l\u00edder del Partido de la Gente (PDG) desde 2019, Parisi ha intentado llegar a la presidencia en tres ocasiones: 2013, 2021 y nuevamente en 2025, demostrando una persistencia que desaf\u00eda las convenciones pol\u00edticas tradicionales.<\/p>\n<div class=\"content-media\">\n<section role=\"button\" class=\"mod-media   \">\n<figure role=\"button\" class=\"mod-figure \"><figcaption class=\"mod-figcaption\"><span class=\"com-text --caption --twoxs\">Franco Parisi se desempe\u00f1\u00f3 como profesor visitante en universidades de prestigio en EE. UU., como Rice y Georgetown<\/span><\/figcaption><\/figure>\n<\/section>\n<\/div>\n<p class=\"com-paragraph   --s\">Su irrupci\u00f3n se ciment\u00f3 mucho antes de sus aventuras electorales. Su base es netamente t\u00e9cnica: se gradu\u00f3 de<strong> ingeniero comercial<\/strong> en la Universidad de Chile y obtuvo un doctorado en Finanzas en la Universidad de Georgia, Estados Unidos. Lleg\u00f3 a ser vicedecano y decano interino en la Facultad de Econom\u00eda y Negocios de la Universidad de Chile, adem\u00e1s de decano de la Escuela de Negocios de la Universidad Andr\u00e9s Bello. <\/p>\n<p class=\"com-paragraph   --s\">Tambi\u00e9n se desempe\u00f1\u00f3 como<strong> profesor visitante <\/strong>en universidades de Estados Unidos, como Rice y Georgetown. Esta pericia le permiti\u00f3 incursionar en la asesor\u00eda gubernamental en los a\u00f1os 90 y servir como consejero de la Comisi\u00f3n Chilena del Cobre (Cochilco) entre 2010 y 2012.<\/p>\n<p class=\"com-paragraph   --s\">No obstante, su verdadera fama se dispar\u00f3 en la televisi\u00f3n. Junto a su hermano, protagoniz\u00f3 programas de radio y TV sobre econom\u00eda, gan\u00e1ndose el apodo de <strong>\u201cel economista del pueblo\u201d<\/strong>. Su programa <em>Los Parisi: el poder de la gente<\/em> (2012) le dio el rostro conocido que luego capitalizar\u00eda en la pol\u00edtica.<\/p>\n<div class=\"content-media\">\n<section role=\"button\" class=\"mod-media   \">\n<figure role=\"button\" class=\"mod-figure \"><figcaption class=\"mod-figcaption\"><span class=\"com-text --caption --twoxs\">El candidato presidencial chileno Franco Parisi, del Partido de la Gente, saluda a sus seguidores durante el acto de cierre de campa\u00f1a en La Pintana, Santiago, el 12 de noviembre de 2025. <\/span><span class=\"com-text --credit --twoxs\">JAVIER TORRES  &#8211; AFP <\/span><\/figcaption><\/figure>\n<\/section>\n<\/div>\n<p class=\"com-paragraph   --s\">En 2013, Parisi se lanz\u00f3 por primera vez a la carrera presidencial como independiente<strong>. Su discurso, fuertemente antipol\u00edtica, cal\u00f3 hondo en un electorado desencantado.<\/strong> <\/p>\n<p class=\"com-paragraph   --s\">Se presentaba como un <em>outsider<\/em>, \u201cun vecino de la calle y un profe que quiere ser presidente\u201d.<\/p>\n<p class=\"com-paragraph   --s\">Su campa\u00f1a de 2013 fue descrita como un \u201cespect\u00e1culo de televisi\u00f3n\u201d. Entraba a los escenarios con la m\u00fasica de Queen y ofrec\u00eda soluciones directas, aunque delirantes o impracticables.<\/p>\n<p class=\"com-paragraph   --s\">Con este enfoque, logr\u00f3 un sorprendente <strong>10,11%<\/strong> de los votos, quedando en cuarto lugar y capitalizando un voto de castigo al <em>establishment<\/em>.<\/p>\n<p class=\"com-paragraph   --s\">Tras un intento fallido de postularse al Senado en 2017 y un per\u00edodo de ostracismo, Parisi cofund\u00f3 el Partido de la Gente (PDG) a fines de 2019, legalizado en 2021. Ese a\u00f1o, se convirti\u00f3 en un fen\u00f3meno electoral in\u00e9dito. Se present\u00f3 por el PDG y realiz\u00f3 una campa\u00f1a <strong>100% digital y desde el extranjero<\/strong>. <\/p>\n<p class=\"com-paragraph   --s\">El hito de esa elecci\u00f3n fue su ausencia f\u00edsica en Chile, ya que ten\u00eda vigente una orden de arraigo por una millonaria deuda de pensi\u00f3n alimenticia con sus dos hijos. Esta situaci\u00f3n le vali\u00f3 ser bautizado por la prensa como el <strong>\u201ccandidato fantasma\u201d<\/strong> o <strong>\u201ctelecandidato\u201d<\/strong>.<\/p>\n<p class=\"com-paragraph   --s\">A pesar de no pisar suelo chileno, Parisi logr\u00f3 el tercer lugar con el <strong>12,8% de los votos<\/strong>, superando a candidatos de coaliciones tradicionales y consolidando al PDG como una tercera fuerza. <\/p>\n<div class=\"content-media\">\n<section role=\"button\" class=\"mod-media   \">\n<figure role=\"button\" class=\"mod-figure \"><figcaption class=\"mod-figcaption\"><span class=\"com-text --caption --twoxs\">Jeannette Jara y Jos\u00e9 Antonio Kast se encaminan al balotaje de dicembre en Chile.<\/span><span class=\"com-text --credit --twoxs\">Collage<\/span><\/figcaption><\/figure>\n<\/section>\n<\/div>\n<p class=\"com-paragraph   --s\">Su \u00e9xito se explica por su potente discurso <strong>anti-<\/strong><em><strong>establishment<\/strong><\/em><em> <\/em>y su conexi\u00f3n con un electorado sin posici\u00f3n pol\u00edtica definida, que rechaza la pol\u00edtica tradicional. <\/p>\n<p class=\"com-paragraph   --s\">La carrera de Parisi ha sido ineludiblemente ligada a pol\u00e9micas. La m\u00e1s medi\u00e1tica, y la raz\u00f3n de su ausencia en 2021, fue la <strong>deuda de pensi\u00f3n alimenticia<\/strong>.<\/p>\n<p class=\"com-paragraph   --s\">La directora de Corporaci\u00f3n Humanas, Lorena Fries, calific\u00f3 la morosidad como <strong>\u201cviolencia econ\u00f3mica de g\u00e9nero\u201d. <\/strong>Parisi, tras las elecciones, argument\u00f3 ser v\u00edctima de persecuci\u00f3n pol\u00edtica. Finalmente, en 2022, lleg\u00f3 a un acuerdo judicial con su exesposa, reconociendo la deuda y renunciando a la patria potestad para que se levantara la orden de arraigo. Volvi\u00f3 a pisar Chile en 2023. <\/p>\n<p class=\"com-paragraph   --s\">Otras controversias incluyen acusaciones diversas.<\/p>\n<p class=\"com-paragraph   --s\">En 2016, una estudiante de Texas Tech University lo acus\u00f3 de <strong>acoso sexual<\/strong> e inconductas durante un viaje, lo que result\u00f3 en su desvinculaci\u00f3n de un puesto en la Universidad de Alabama. Parisi siempre neg\u00f3 estas acusaciones, y en una entrevista de <strong>marzo de 2025<\/strong>, declar\u00f3 que el caso \u201cqued\u00f3 en nada\u201d.<\/p>\n<p class=\"com-paragraph   --s\">Tras su tercer lugar en 2021, <strong>el destino de sus casi 900.000 votos fue crucial para la segunda vuelta. <\/strong>Si bien Parisi y el PDG (tras una consulta interna) dieron su apoyo formal al candidato de derecha <strong>Jos\u00e9 Antonio Kast<\/strong>, los an\u00e1lisis posteriores demostraron que <strong>Gabriel Boric capt\u00f3 la mayor parte de los votos de Parisi<\/strong>, mientras que Kast obtuvo menos respaldo.<\/p>\n<p class=\"com-paragraph   --s\">Esto evidenci\u00f3 que, a pesar de su liderazgo, <strong>sus votantes no se disciplinaron ideol\u00f3gicamente.<\/strong><\/p>\n<p class=\"com-paragraph   --s\">En <strong>marzo de 2025<\/strong>, anunci\u00f3 su tercera postulaci\u00f3n presidencial, prometiendo esta vez un cambio radical en su estrategia: a diferencia de 2021, declar\u00f3 que vendr\u00eda a Chile el 3 de abril de 2025 para hacer <strong>\u201ccampa\u00f1a en terreno\u201d<\/strong> y recorrer el pa\u00eds con la gente del PDG. <\/p>\n<p class=\"com-paragraph   --s\">Parisi sigue siendo una figura que, con un perfil t\u00e9cnico pero una ret\u00f3rica de <em>showman<\/em> y populista, <strong>logr\u00f3 canalizar el profundo descontento ciudadano y la desconfianza hacia la clase pol\u00edtica tradicional. <\/strong><\/p>\n<p class=\"com-paragraph   --s\">En esta elecci\u00f3n <strong>volvi\u00f3 a sorprender con un tercer puesto al cual lleg\u00f3 con m\u00e1s de 2 millones de votos. <\/strong>Votos que, como en 2021, ya son codiciados por Kast y Jara. <\/p>\n<p class=\"com-paragraph   --s\">Al respecto, <strong>Parisi advirti\u00f3: \u201cQue trabajen por los votos. Que salgan a gan\u00e1rselos\u201d.<\/strong><\/p>\n<p class=\"com-paragraph   --s\">El presidente del PC, Lautaro Carmona, coment\u00f3 esta tarde que \u201chay fen\u00f3menos que uno debe tomar en cuenta, por ejemplo, la votaci\u00f3n que alcanza Franco Parisi (&#8230;) hay una influencia electoral que habr\u00e1 que conversar\u201d. <\/p>\n<p class=\"com-paragraph   --s\">Por su parte, el presidente de Republicanos, Arturo Squella, desliz\u00f3 la idea de una eventual conversaci\u00f3n con Parisi para que respalde a Jos\u00e9 Antonio Kast. <\/p>\n<p class=\"com-paragraph   --s\">\u201cEs natural que todos quienes est\u00e9n actualmente en la oposici\u00f3n, y que lo hayan se\u00f1alado de esa manera durante la campa\u00f1a, van a tener que tomar una decisi\u00f3n, muchos de ellos ya la han adoptado, que es apoyar a quien pase segunda vuelta contra Jannette Jara\u201d, sostuvo.<\/p>\n<p class=\"com-paragraph   --s\"><strong>Agencia AFP y Emol\/GDA<\/strong><\/p>\n<section class=\"container-center-100 mb-40 border border-bottom border-thin border-neutral-light-700\">\n<hr\/>\n<\/section>\n<\/div>\n\n","protected":false},"excerpt":{"rendered":"<p>SANTIAGO, Chile.- Franco Aldo Parisi Fern\u00e1ndez, de 58 a\u00f1os, se consolid\u00f3 como una de las figuras m\u00e1s disruptivas y controversiales en el panorama pol\u00edtico chileno reciente. En las elecciones de este domingo, volvi\u00f3 a ser la sorpresa. No solo repiti\u00f3 su tercer puesto, sino que super\u00f3 su voto de 2021, fue primera fuerza en todo [&hellip;]<\/p>\n","protected":false},"author":2,"featured_media":216736,"comment_status":"closed","ping_status":"closed","sticky":false,"template":"","format":"standard","meta":{"footnotes":""},"categories":[1],"tags":[],"class_list":["post-216735","post","type-post","status-publish","format-standard","has-post-thumbnail","hentry","category-uncategorized"],"_links":{"self":[{"href":"https:\/\/radioacuariofm.com.ar\/index.php?rest_route=\/wp\/v2\/posts\/216735","targetHints":{"allow":["GET"]}}],"collection":[{"href":"https:\/\/radioacuariofm.com.ar\/index.php?rest_route=\/wp\/v2\/posts"}],"about":[{"href":"https:\/\/radioacuariofm.com.ar\/index.php?rest_route=\/wp\/v2\/types\/post"}],"author":[{"embeddable":true,"href":"https:\/\/radioacuariofm.com.ar\/index.php?rest_route=\/wp\/v2\/users\/2"}],"replies":[{"embeddable":true,"href":"https:\/\/radioacuariofm.com.ar\/index.php?rest_route=%2Fwp%2Fv2%2Fcomments&post=216735"}],"version-history":[{"count":1,"href":"https:\/\/radioacuariofm.com.ar\/index.php?rest_route=\/wp\/v2\/posts\/216735\/revisions"}],"predecessor-version":[{"id":216737,"href":"https:\/\/radioacuariofm.com.ar\/index.php?rest_route=\/wp\/v2\/posts\/216735\/revisions\/216737"}],"wp:featuredmedia":[{"embeddable":true,"href":"https:\/\/radioacuariofm.com.ar\/index.php?rest_route=\/wp\/v2\/media\/216736"}],"wp:attachment":[{"href":"https:\/\/radioacuariofm.com.ar\/index.php?rest_route=%2Fwp%2Fv2%2Fmedia&parent=216735"}],"wp:term":[{"taxonomy":"category","embeddable":true,"href":"https:\/\/radioacuariofm.com.ar\/index.php?rest_route=%2Fwp%2Fv2%2Fcategories&post=216735"},{"taxonomy":"post_tag","embeddable":true,"href":"https:\/\/radioacuariofm.com.ar\/index.php?rest_route=%2Fwp%2Fv2%2Ftags&post=216735"}],"curies":[{"name":"wp","href":"https:\/\/api.w.org\/{rel}","templated":true}]}}