{"id":216732,"date":"2025-11-16T23:58:30","date_gmt":"2025-11-17T02:58:30","guid":{"rendered":"https:\/\/radioacuariofm.com.ar\/?p=216732"},"modified":"2025-11-16T23:58:31","modified_gmt":"2025-11-17T02:58:31","slug":"ecuador-rechazo-el-regreso-de-las-bases-militares-extranjeras-y-las-otras-propuestas-de-una-arriesgada-apuesta","status":"publish","type":"post","link":"https:\/\/radioacuariofm.com.ar\/?p=216732","title":{"rendered":"Ecuador rechaz\u00f3 el regreso de las bases militares extranjeras y las otras propuestas de una arriesgada apuesta"},"content":{"rendered":"<p> <br \/>\n<\/p>\n<div>\n<p class=\"com-paragraph  --capital --s\">QUITO.- Los ecuatorianos pusieron freno este domingo a la carrera electoral de <strong>Daniel Noboa, <\/strong>que parec\u00eda imparable, y <strong>le dijeron no a las principales preguntas planteadas en refer\u00e9ndum y consulta popular <\/strong>una vez escrutadas cerca de la mitad de las papeletas.<\/p>\n<div class=\"content-media\">\n<section role=\"button\" class=\"mod-media   \">\n<figure role=\"button\" class=\"mod-figure \"><figcaption class=\"mod-figcaption\"><span class=\"com-text --caption --twoxs\">Miembros del personal electoral cuentan votos durante el refer\u00e9ndum en Ecuador<\/span><span class=\"com-text --credit --twoxs\">RODRIGO BUENDIA  &#8211; AFP <\/span><\/figcaption><\/figure>\n<\/section>\n<\/div>\n<p class=\"com-paragraph   --s\"><strong>Ecuador no buscar\u00e1, con estos datos, una nueva Constituci\u00f3n que sustituya a la aprobada en la primera \u00e9poca de Rafael Correa, ni tampoco readmitir\u00e1 bases extranjeras, <\/strong>las dos grandes apuestas del mandatario.<\/p>\n<p class=\"com-paragraph   --s\">Tampoco se eliminar\u00e1 el financiamiento para organizaciones pol\u00edticas ni se reducir\u00e1 el n\u00famero de asamble\u00edstas. En definitiva, <strong>una derrota por todo lo alto<\/strong> para quien seis meses antes se impuso con comodidad en las elecciones presidenciales.<\/p>\n<p class=\"com-paragraph   --s\">Seg\u00fan el escrutinio al 46%, <strong>el 60,05% de los ecuatorianos no quieren que se inicie un proceso constituyente,<\/strong> frente al 38,72% que s\u00ed confi\u00f3 en la iniciativa de Noboa, quien bati\u00f3 a la candidata corre\u00edsta, <strong>Luisa Gonz\u00e1lez, <\/strong>en la segunda vuelta electoral de 2023 y en la primera y el balotaje de este a\u00f1o.<\/p>\n<div class=\"content-media\">\n<section role=\"button\" class=\"mod-media   \">\n<figure role=\"button\" class=\"mod-figure \"><figcaption class=\"mod-figcaption\"><span class=\"com-text --caption --twoxs\">Una votante deposita su papeleta acompa\u00f1ada por sus hijos durante el refer\u00e9ndum sobre permitir bases militares extranjeras en el pa\u00eds y redactar una nueva constituci\u00f3n mediante una asamblea constituyente, en Quito, Ecuador<\/span><span class=\"com-text --credit --twoxs\">Dolores Ochoa  &#8211; AP <\/span><\/figcaption><\/figure>\n<\/section>\n<\/div>\n<p class=\"com-paragraph   --s\">La misma suerte corri\u00f3 la otra gran pregunta de las consultas: <strong>el 60,41% no cree conveniente que vuelvan las bases estadounidenses a la costa ecuatoriana,<\/strong> pese a la cercan\u00eda demostrada por Washington, que incluso envi\u00f3 a su secretaria de Seguridad, Kristi Noem, a visitar posibles lugares para levantar esas bases. <\/p>\n<p class=\"com-paragraph   --s\">Al contrario de lo que sucedi\u00f3 en la Argentina, la cercan\u00eda con Washington en materia de seguridad y los acuerdos sobre aranceles <strong>no han atra\u00eddo los votos esperados para el \u201cs\u00ed\u201d.<\/strong><\/p>\n<p class=\"com-paragraph   --s\">La negativa popular a dar su consentimiento a las otras dos preguntas explica en parte los motivos de esta derrota presidencial, aunque los resultados se fueron acercando a lo largo del escrutinio.<\/p>\n<p class=\"com-paragraph   --s\"><strong>El 57,31% de los ecuatorianos se negaron a que los partidos pol\u00edticos se queden sin fondos p\u00fablicos<\/strong> y el 52,74%, a que se reduzca su n\u00famero de representantes en el Parlamento.<\/p>\n<p class=\"com-paragraph   --s\">\u201cGran triunfo de todo un pueblo. Fue una campa\u00f1a absolutamente ciudadana y sin recursos. Recordar el paro ind\u00edgena y los ca\u00eddos: de ellos es gran parte de esta hermosa victoria\u201d, se congratul\u00f3 desde el exterior el expresidente <strong>Rafael Correa<\/strong>, pr\u00f3fugo de la justicia ecuatoriana y con una sentencia sin cumplir de ocho a\u00f1os de c\u00e1rcel por corrupci\u00f3n.<\/p>\n<p class=\"com-paragraph   --s\">Todo ello apunta a Noboa como el gran perdedor de la noche, <strong>pero tampoco deja claro qui\u00e9nes son los ganadores<\/strong>.<\/p>\n<p class=\"com-paragraph   --s\">La campa\u00f1a del corre\u00edsmo fue balbuceante, sabedor en el fondo que la apertura de un proceso constituyente abr\u00eda posibilidades que no tienen ahora con su debilidad parlamentaria.<\/p>\n<p class=\"com-paragraph   --s\">\u201cEl \u2018no\u2019 es la respuesta de una ciudadan\u00eda cansada, golpeada por la inseguridad y por una calidad de vida que se deteriora. <strong>Es un voto de hartazgo, no de regreso<\/strong>\u201d, concluy\u00f3 el analista Mat\u00edas Abad.<\/p>\n<div class=\"content-media\">\n<section role=\"button\" class=\"mod-media   \">\n<figure role=\"button\" class=\"mod-figure \"><figcaption class=\"mod-figcaption\"><span class=\"com-text --caption --twoxs\">Ecuador cerrar\u00e1 el 2025 como el a\u00f1o m\u00e1s violento en su Historia<\/span><span class=\"com-text --credit --twoxs\">Dolores Ochoa  &#8211; AP <\/span><\/figcaption><\/figure>\n<\/section>\n<\/div>\n<p class=\"com-paragraph   --s\">\u201cEl corre\u00edsmo no puede atribuirse la autor\u00eda del triunfo del \u2018no\u2019, en el caso de que la tendencia se mantenga. Se est\u00e1n subiendo en la camioneta del triunfo cuando en realidad les conven\u00eda tener una Constituyente. <strong>En el no hubo un rechazo al autoritarismo, soberbia y prepotencia\u201d<\/strong>, asegur\u00f3 el analista Mart\u00edn Pallares.<\/p>\n<p class=\"com-paragraph   --s\">La contundencia de las urnas torci\u00f3 lo que parec\u00eda una jornada triunfal para el gobierno ecuatoriano. A primera hora de la ma\u00f1ana, Noboa comunic\u00f3 al pa\u00eds la detenci\u00f3n de \u201cPipo\u201d Chavarr\u00eda, uno de los delincuentes m\u00e1s buscado de la regi\u00f3n y m\u00e1ximo l\u00edder de<strong> Los Lobos.<\/strong><\/p>\n<p class=\"com-paragraph   --s\">El l\u00edder de esta megabanda, aliada del C\u00e1rtel de Jalisco Nueva Generaci\u00f3n, no s\u00f3lo \u201ccontrolaba las operaciones de miner\u00eda ilegal y mov\u00eda rutas de droga\u201d, como asegur\u00f3 el presidente del que fuera el pa\u00eds m\u00e1s tranquilo de la regi\u00f3n, transformado ahora en epicentro del narcotr\u00e1fico. <\/p>\n<p class=\"com-paragraph   --s\">Tambi\u00e9n ordenaba <strong>atentados desde Europa y Dubai:<\/strong> coches bomba y drones dirigidos desde las c\u00e1rceles de Guayaquil. <\/p>\n<p class=\"com-paragraph   --s\">El objetivo de estas acciones era golpear al gobierno y dificultar las reformas judiciales que el gobierno propone, parte del meollo del refer\u00e9ndum.<\/p>\n<p class=\"com-paragraph   --s\"><strong>Una c\u00e9lula de Los Lobos particip\u00f3 tambi\u00e9n en el magnicidio del candidato y periodista Fernando Villavicencio,<\/strong> pocos d\u00edas antes de la primera vuelta electoral de agosto de 2023.<\/p>\n<p class=\"com-paragraph   --s\">Se trata la segunda gran pieza que se cobra el gobierno de Noboa, tras <strong>la detenci\u00f3n y deportaci\u00f3n a Estados Unidos de \u201cFito\u201d, <\/strong>el gran capo de Los Choneros, la otra megabanda aliada del C\u00e1rtel de Sinaloa.<\/p>\n<p class=\"com-paragraph   --s\">\u201cEl criminal que fingi\u00f3 su muerte, cambi\u00f3 de identidad y se escondi\u00f3 en Europa mientras ordenaba asesinatos en Ecuador, controlaba las operaciones de miner\u00eda ilegal y mov\u00eda rutas de droga junto al c\u00e1rtel Jalisco Nueva Generaci\u00f3n\u201d, precis\u00f3 el mandatario.<\/p>\n<p class=\"com-paragraph   --s\">La historia de Wilmer Chavarr\u00eda ya forma parte de la leyenda narco ecuatoriana. <\/p>\n<p class=\"com-paragraph   --s\">Su familia inform\u00f3 en 2021 que el capo, que empez\u00f3 sus correr\u00edas como jefe de un grupo de sicarios, hab\u00eda muerto de un infarto provocado por el Covid. <\/p>\n<div class=\"content-media\">\n<section role=\"button\" class=\"mod-media   \">\n<figure role=\"button\" class=\"mod-figure \"><figcaption class=\"mod-figcaption\"><span class=\"com-text --caption --twoxs\">La secretaria de Seguridad Nacional de Estados Unidos, Kristi Noem, estrecha la mano del presidente de Ecuador, Daniel Noboa<\/span><span class=\"com-text --credit --twoxs\">Alex Brandon &#8211; Pool AP<\/span><\/figcaption><\/figure>\n<\/section>\n<\/div>\n<p class=\"com-paragraph   --s\">La polic\u00eda nunca lo crey\u00f3 y distintas investigaciones de corrupci\u00f3n, incluidos los chats de detenidos, <strong>confirmaron que estaba vivo en Europa.<\/strong><\/p>\n<p class=\"com-paragraph   --s\">Tanto el gobierno ecuatoriano como Washington ha catalogado a Los Lobos y a Los Choneros como <strong>organizaciones terroristas.<\/strong> <\/p>\n<p class=\"com-paragraph   --s\">Noboa decret\u00f3 en enero del a\u00f1o pasado la existencia de un \u201cconflicto armado interno\u201d, junto a un carrusel de estados de excepci\u00f3n y toques de queda. <\/p>\n<p class=\"com-paragraph   --s\">Los primeros efectos positivos de la lucha contra la delincuencia organizada se han disipado con el paso del tiempo: <strong>Ecuador cerrar\u00e1 2025 como el a\u00f1o m\u00e1s violento de su historia.<\/strong><\/p>\n<div class=\"content-media\">\n<section role=\"button\" class=\"mod-media   \">\n<figure role=\"button\" class=\"mod-figure \"><figcaption class=\"mod-figcaption\"><span class=\"com-text --caption --twoxs\">La secretaria de Seguridad Nacional de Estados Unidos, Kristi Noem, conversa con el presidente de Ecuador, Daniel Noboa, en el aeropuerto Ulpiano P\u00e1ez, el jueves 6 de noviembre de 2025, en Salinas, Ecuador. (AP Foto\/Alex Brandon, Pool)<\/span><span class=\"com-text --credit --twoxs\">Alex Brandon &#8211; Pool AP<\/span><\/figcaption><\/figure>\n<\/section>\n<\/div>\n<p class=\"com-paragraph   --s\">\u201cLos unos lo dieron por muerto; <strong>nosotros lo buscamos en su mism\u00edsimo infierno. <\/strong>Esa es la diferencia cuando hay voluntad de luchar por tu pa\u00eds\u201d, a\u00f1adi\u00f3 Noboa, que agradeci\u00f3 la colaboraci\u00f3n de la polic\u00eda espa\u00f1ola en la detenci\u00f3n. <strong>\u201cPara combatir el crimen transnacional, la cooperaci\u00f3n internacional es una necesidad\u201d, <\/strong>remach\u00f3 el mandatario, en un gui\u00f1o a la colaboraci\u00f3n con EEUU.<\/p>\n<p class=\"com-paragraph   --s\">\u201cHoy es un d\u00eda hist\u00f3rico para Ecuador, golpeamos en lo m\u00e1s alto de la estructura criminal: Chavarr\u00eda es responsable de al menos 400 muertes y durante a\u00f1os manej\u00f3 operaciones criminales desde la Penitenciaria del Litoral y la c\u00e1rcel de Turi, donde estuvo recluido entre 2011 y 2019\u201d, confirm\u00f3 John Reimberg, ministro de Interior, que se desplaz\u00f3 a Espa\u00f1a junto a sus mandos policiales.<\/p>\n<section class=\"container-center-100 mb-40 border border-bottom border-thin border-neutral-light-700\">\n<hr\/>\n<\/section>\n<\/div>\n\n","protected":false},"excerpt":{"rendered":"<p>QUITO.- Los ecuatorianos pusieron freno este domingo a la carrera electoral de Daniel Noboa, que parec\u00eda imparable, y le dijeron no a las principales preguntas planteadas en refer\u00e9ndum y consulta popular una vez escrutadas cerca de la mitad de las papeletas. Miembros del personal electoral cuentan votos durante el refer\u00e9ndum en EcuadorRODRIGO BUENDIA &#8211; AFP [&hellip;]<\/p>\n","protected":false},"author":2,"featured_media":216733,"comment_status":"closed","ping_status":"closed","sticky":false,"template":"","format":"standard","meta":{"footnotes":""},"categories":[1],"tags":[],"class_list":["post-216732","post","type-post","status-publish","format-standard","has-post-thumbnail","hentry","category-uncategorized"],"_links":{"self":[{"href":"https:\/\/radioacuariofm.com.ar\/index.php?rest_route=\/wp\/v2\/posts\/216732","targetHints":{"allow":["GET"]}}],"collection":[{"href":"https:\/\/radioacuariofm.com.ar\/index.php?rest_route=\/wp\/v2\/posts"}],"about":[{"href":"https:\/\/radioacuariofm.com.ar\/index.php?rest_route=\/wp\/v2\/types\/post"}],"author":[{"embeddable":true,"href":"https:\/\/radioacuariofm.com.ar\/index.php?rest_route=\/wp\/v2\/users\/2"}],"replies":[{"embeddable":true,"href":"https:\/\/radioacuariofm.com.ar\/index.php?rest_route=%2Fwp%2Fv2%2Fcomments&post=216732"}],"version-history":[{"count":1,"href":"https:\/\/radioacuariofm.com.ar\/index.php?rest_route=\/wp\/v2\/posts\/216732\/revisions"}],"predecessor-version":[{"id":216734,"href":"https:\/\/radioacuariofm.com.ar\/index.php?rest_route=\/wp\/v2\/posts\/216732\/revisions\/216734"}],"wp:featuredmedia":[{"embeddable":true,"href":"https:\/\/radioacuariofm.com.ar\/index.php?rest_route=\/wp\/v2\/media\/216733"}],"wp:attachment":[{"href":"https:\/\/radioacuariofm.com.ar\/index.php?rest_route=%2Fwp%2Fv2%2Fmedia&parent=216732"}],"wp:term":[{"taxonomy":"category","embeddable":true,"href":"https:\/\/radioacuariofm.com.ar\/index.php?rest_route=%2Fwp%2Fv2%2Fcategories&post=216732"},{"taxonomy":"post_tag","embeddable":true,"href":"https:\/\/radioacuariofm.com.ar\/index.php?rest_route=%2Fwp%2Fv2%2Ftags&post=216732"}],"curies":[{"name":"wp","href":"https:\/\/api.w.org\/{rel}","templated":true}]}}