{"id":216264,"date":"2025-11-12T05:01:33","date_gmt":"2025-11-12T08:01:33","guid":{"rendered":"https:\/\/radioacuariofm.com.ar\/?p=216264"},"modified":"2025-11-12T05:01:34","modified_gmt":"2025-11-12T08:01:34","slug":"georgia-el-momento-en-que-un-avion-militar-turco-con-20-personas-a-bordo-cae-fuera-de-control","status":"publish","type":"post","link":"https:\/\/radioacuariofm.com.ar\/?p=216264","title":{"rendered":"Georgia: el momento en que un avi\u00f3n militar turco con 20 personas a bordo cae fuera de control"},"content":{"rendered":"<p> <br \/>\n<\/p>\n<div>\n<p class=\"com-paragraph  --capital --s\">Un avi\u00f3n de carga del <strong>Ej\u00e9rcito <\/strong>de <strong>Turqu\u00eda <\/strong>se estrell\u00f3 en <strong>Georgia <\/strong>el martes por la tarde con <strong>20 personas <\/strong>a bordo, cerca de la frontera con <strong>Azerbaiy\u00e1n<\/strong>. Seg\u00fan confirmaron las autoridades, que investigan la causa del accidente, <strong>no hubo sobrevivientes<\/strong>.<\/p>\n<p class=\"com-paragraph   --s\">El accidente ocurri\u00f3 a los pocos minutos de que el avi\u00f3n modelo <strong>C-130,<\/strong> que viajaba de regreso a Turqu\u00eda, despegara desde Azerbaiy\u00e1n, seg\u00fan inform\u00f3 el Ministerio de Defensa turco, que notific\u00f3, adem\u00e1s, la cantidad de personas que viajaban a bordo y comparti\u00f3, m\u00e1s tarde, la identidad de los fallecidos.<\/p>\n<div class=\"content-media cursor-pointer container-center-100\">\n<section class=\"mod-media ratio-16-9\">\n<figure class=\"mod-video\">\n<div class=\"video-player bg-black ratio-16-9\">\n<div id=\"facade-JPLJ2rZ3\" class=\"content-facade-jw relative bg-black ratio-16-9\"><picture><source media=\"(max-width: 767px)\" srcset=\"https:\/\/resizer.glanacion.com\/resizer\/v2\/https%3A%2F%2Fcdn.jwplayer.com%2Fv2%2Fmedia%2FJPLJ2rZ3%2Fposter.jpg%3Fwidth%3D720?auth=8251073e92e2203eb529ad5e57e6c9fd792c7f1afe884c18d6c03c21e09d3e00&amp;width=480&amp;quality=70&amp;smart=false\"\/><\/picture><\/div>\n<\/div><figcaption class=\"border border-1 border-bottom border-light-300 relative px-16 py-8 min-h-36 w-100_md px-0_l mb-8 bg-white\"><span class=\"text ln-text text-16 block\">La aeronave modelo C-130 cay\u00f3 en espiral dejando una estela de humo blanco<\/span><\/figcaption><\/figure>\n<\/section>\n<\/div>\n<p class=\"com-paragraph   --s\">Tras el accidente, que qued\u00f3 grabado en video, las autoridades georgianas, en cooperaci\u00f3n con las turcas, se movilizaron para realizar los trabajos de b\u00fasqueda y rescate en la zona del impacto, ubicada en el municipio de <strong>Sighnaghi<\/strong>, Georgia. <\/p>\n<p class=\"com-paragraph   --s\">Seg\u00fan inform\u00f3 la <a href=\"https:\/\/www.aa.com.tr\/tr\/gundem\/msb-c130-tipi-askeri-kargo-ucaginin-gurcistan-azerbaycan-sinirinda-dustugunu-bildirdi\/3740843\" rel=\"nofollow\" target=\"_blank\" title=\"https:\/\/www.aa.com.tr\/tr\/gundem\/msb-c130-tipi-askeri-kargo-ucaginin-gurcistan-azerbaycan-sinirinda-dustugunu-bildirdi\/3740843\" class=\"com-link break-word\" data-mrf-recirculation=\"n_link_parrafo\"><em>Agencia Anadolu<\/em><\/a> -administrada por el estado turco- la autoridad de aviaci\u00f3n georgiana hab\u00eda advertido que a los pocos minutos del despegue se hab\u00eda perdido la comunicaci\u00f3n con la aeronave, tras ingresar al espacio a\u00e9reo de Georgia. Sin embargo, <strong>no se emiti\u00f3 ninguna llamada de socorro <\/strong>(S.O.S).<\/p>\n<div class=\"content-media cursor-pointer container-center-100\">\n<section class=\"mod-media ratio-16-9\">\n<figure class=\"mod-video\">\n<div class=\"video-player bg-black ratio-16-9\">\n<div id=\"facade-f34Oq1e1\" class=\"content-facade-jw relative bg-black ratio-16-9\"><picture><source media=\"(max-width: 767px)\" srcset=\"https:\/\/resizer.glanacion.com\/resizer\/v2\/https%3A%2F%2Fcdn.jwplayer.com%2Fv2%2Fmedia%2Ff34Oq1e1%2Fposter.jpg%3Fwidth%3D720?auth=0402befd13989d2a5beb3ceac38e5fb4a0be5cfba6cda6906a06d9a4fe88ac8a&amp;width=480&amp;quality=70&amp;smart=false\"\/><img class=\"image flex com-image --cover\" decoding=\"async\" fetchpriority=\"low\" loading=\"lazy\" src=\"https:\/\/radioacuariofm.com.ar\/wp-content\/uploads\/2025\/11\/https:\/\/cdn.jwplayer.com\/v2\/media\/f34Oq1e1\/poster.jpg\" alt=\"Al impactar contra el suelo, el avi\u00f3n explot\u00f3\"\/><\/picture><\/div>\n<\/div><figcaption class=\"border border-1 border-bottom border-light-300 relative px-16 py-8 min-h-36 w-100_md px-0_l mb-8 bg-white\"><span class=\"text ln-text text-16 block\">Al impactar contra el suelo, el avi\u00f3n explot\u00f3<\/span><\/figcaption><\/figure>\n<\/section>\n<\/div>\n<p class=\"com-paragraph   --s\">Para agilizar las tareas de rescate y b\u00fasqueda de sobrevivientes en un terreno \u00e1rido y monta\u00f1oso, desde el Ej\u00e9rcito turco desplegaron un veh\u00edculo a\u00e9reo no tripulado para apoyar la operaci\u00f3n.<\/p>\n<p class=\"com-paragraph   --s\">Las im\u00e1genes del accidente fueron grabadas por testigos que captaron el momento en que la aeronave cae en picada y fuera de control desde varios kil\u00f3metros de distancia. All\u00ed se observa al avi\u00f3n <strong>descendiendo en espiral <\/strong>y dejando un rastro de <strong>humo blanco<\/strong>. Esta evidencia podr\u00eda ser clave para identificar qu\u00e9 fue lo que provoc\u00f3 la tragedia.<\/p>\n<p class=\"com-paragraph   --s\">El presidente de Turqu\u00eda, <strong>Recep Tayyip Erdogan<\/strong>, fue informado de la situaci\u00f3n y durante una actividad p\u00fablica, en donde brind\u00f3 un discurso, hizo menci\u00f3n al fatal accidente. Asegur\u00f3 que se siente \u201cprofundamente entristecido\u201d y expres\u00f3 sus condolencias por los \u201cm\u00e1rtires\u201d. \u201cDios mediante, superaremos este accidente con la menor cantidad de contratiempos posible\u201d, manifest\u00f3 el mandatario.<\/p>\n<p class=\"com-paragraph   --s\">Por su parte, el presidente de Azerbaiy\u00e1n, <strong>Ilham Aliyev<\/strong>, y la ministra de Relaciones Exteriores de Georgia, <strong>Maka Botchorishvili<\/strong>, tambi\u00e9n extendieron sus condolencias a sus hom\u00f3logos turcos por el accidente.<\/p>\n<p class=\"com-paragraph   --s\">\u201c<strong>Estamos profundamente conmocionados por la noticia de la p\u00e9rdida de vidas de nuestros soldados en el accidente ocurrido en suelo georgiano<\/strong>\u201d, expres\u00f3 Aliyev, seg\u00fan comunic\u00f3 la <em>Agencia Anadolu.<\/em><\/p>\n<p class=\"com-paragraph   --s\">Los aviones militares de carga C-130 son ampliamente utilizados por las fuerzas armadas de Turqu\u00eda para transportar personal y manejar operaciones log\u00edsticas y desde su puesta en funcionamiento, no se han reportado mayores inconvenientes.<\/p>\n<p class=\"com-paragraph   --s\"><em><strong>Con informaci\u00f3n de AFP, AP y Reuters.<\/strong><\/em><\/p>\n<section class=\"container-center-100 mb-40 border border-bottom border-thin border-neutral-light-700\">\n<hr\/>\n<\/section>\n<\/div>\n\n","protected":false},"excerpt":{"rendered":"<p>Un avi\u00f3n de carga del Ej\u00e9rcito de Turqu\u00eda se estrell\u00f3 en Georgia el martes por la tarde con 20 personas a bordo, cerca de la frontera con Azerbaiy\u00e1n. Seg\u00fan confirmaron las autoridades, que investigan la causa del accidente, no hubo sobrevivientes. El accidente ocurri\u00f3 a los pocos minutos de que el avi\u00f3n modelo C-130, que [&hellip;]<\/p>\n","protected":false},"author":2,"featured_media":216265,"comment_status":"closed","ping_status":"closed","sticky":false,"template":"","format":"standard","meta":{"footnotes":""},"categories":[1],"tags":[],"class_list":["post-216264","post","type-post","status-publish","format-standard","has-post-thumbnail","hentry","category-uncategorized"],"_links":{"self":[{"href":"https:\/\/radioacuariofm.com.ar\/index.php?rest_route=\/wp\/v2\/posts\/216264","targetHints":{"allow":["GET"]}}],"collection":[{"href":"https:\/\/radioacuariofm.com.ar\/index.php?rest_route=\/wp\/v2\/posts"}],"about":[{"href":"https:\/\/radioacuariofm.com.ar\/index.php?rest_route=\/wp\/v2\/types\/post"}],"author":[{"embeddable":true,"href":"https:\/\/radioacuariofm.com.ar\/index.php?rest_route=\/wp\/v2\/users\/2"}],"replies":[{"embeddable":true,"href":"https:\/\/radioacuariofm.com.ar\/index.php?rest_route=%2Fwp%2Fv2%2Fcomments&post=216264"}],"version-history":[{"count":1,"href":"https:\/\/radioacuariofm.com.ar\/index.php?rest_route=\/wp\/v2\/posts\/216264\/revisions"}],"predecessor-version":[{"id":216266,"href":"https:\/\/radioacuariofm.com.ar\/index.php?rest_route=\/wp\/v2\/posts\/216264\/revisions\/216266"}],"wp:featuredmedia":[{"embeddable":true,"href":"https:\/\/radioacuariofm.com.ar\/index.php?rest_route=\/wp\/v2\/media\/216265"}],"wp:attachment":[{"href":"https:\/\/radioacuariofm.com.ar\/index.php?rest_route=%2Fwp%2Fv2%2Fmedia&parent=216264"}],"wp:term":[{"taxonomy":"category","embeddable":true,"href":"https:\/\/radioacuariofm.com.ar\/index.php?rest_route=%2Fwp%2Fv2%2Fcategories&post=216264"},{"taxonomy":"post_tag","embeddable":true,"href":"https:\/\/radioacuariofm.com.ar\/index.php?rest_route=%2Fwp%2Fv2%2Ftags&post=216264"}],"curies":[{"name":"wp","href":"https:\/\/api.w.org\/{rel}","templated":true}]}}