{"id":215051,"date":"2025-11-05T09:05:40","date_gmt":"2025-11-05T12:05:40","guid":{"rendered":"https:\/\/radioacuariofm.com.ar\/?p=215051"},"modified":"2025-11-05T09:05:41","modified_gmt":"2025-11-05T12:05:41","slug":"un-atropello-masivo-dejo-al-menos-10-heridos-en-una-isla-paradisiaca-y-la-fiscalia-antiterrorista-abrio-una-investigacion","status":"publish","type":"post","link":"https:\/\/radioacuariofm.com.ar\/?p=215051","title":{"rendered":"Un atropello masivo dej\u00f3 al menos 10 heridos en una isla paradis\u00edaca y la Fiscal\u00eda Antiterrorista abri\u00f3 una investigaci\u00f3n"},"content":{"rendered":"<p> <br \/>\n<\/p>\n<div>\n<p class=\"com-paragraph  --capital --s\">PAR\u00cdS.- Al menos <strong>diez personas<\/strong> resultaron <strong>heridas <\/strong>este mi\u00e9rcoles tras un <strong>atropello que se presume habr\u00eda sido intencional <\/strong>en la<strong> isla de Ol\u00e9ron<\/strong>, situada en la costa atl\u00e1ntica del departamento del Charente Mar\u00edtimo, en <strong>Francia<\/strong>.<\/p>\n<p class=\"com-paragraph   --s\">Este incidente dej\u00f3 al menos <strong>diez personas lesionadas<\/strong>, cuatro de ellas de <strong>gravedad, <\/strong>y llev\u00f3 a la <strong>Fiscal\u00eda Antiterrorista<\/strong> a abrir una investigaci\u00f3n. Cuando termin\u00f3 el ataque, el sospechoso grit\u00f3 <strong>\u2018Allahu Akbar\u2019 [Al\u00e1 es grande, en \u00e1rabe].<\/strong><\/p>\n<p class=\"com-paragraph   --s\">Tras el hecho, a Polic\u00eda arrest\u00f3 al hombre y caratul\u00f3 la causa como \u201cintento de homicidio\u201d, aunque esa definici\u00f3n puede variar en base a c\u00f3mo avance el proceso. <\/p>\n<p class=\"com-paragraph   --s\">El ministro del Interior franc\u00e9s, <strong>Laurent Nu\u00f1ez<\/strong>, confirm\u00f3 que el conductor embisti\u00f3 a varios peatones y ciclistas en las localidades de Saint-Pierre-d\u2019Ol\u00e9ron y Dolus-d\u2019Ol\u00e9ron. <strong>\u201cDos v\u00edctimas est\u00e1n en estado grave y otras tres resultaron heridas\u201d,<\/strong> inform\u00f3, en un primer momento, en su cuenta en la red social<em> X<\/em>. Despu\u00e9s los heridos de gravedad pasaron a ser cuatro, en base a informaci\u00f3n de la Justicia.<\/p>\n<p class=\"com-paragraph   --s\"><strong>\u201cEl sospechoso fue detenido por los gendarmes. Hay una investigaci\u00f3n abierta\u201d<\/strong>, a\u00f1adi\u00f3 el ministro y resalt\u00f3 que se desplaz\u00f3 hasta el lugar a petici\u00f3n del primer ministro, S\u00e9bastien Lecornu.<\/p>\n<p class=\"com-paragraph   --s\">Por su parte, el fiscal Arnaud Laraize recalc\u00f3 que las acciones del sospechoso fueron <strong>premeditadas<\/strong>. \u201cEn el momento de su detenci\u00f3n grit\u00f3 <strong>\u2018Allahu Akbar\u2019 [Al\u00e1 es grande]<\/strong>. Sin embargo, el m\u00f3vil a\u00fan no se confirm\u00f3 y la investigaci\u00f3n deber\u00e1 esclarecerlo\u201d, sostuvo, seg\u00fan el diario franc\u00e9s <em>Le Figaro<\/em>.<\/p>\n<p class=\"com-paragraph   --s\">De acuerdo con el mismo medio, <strong>el detenido es un hombre de 35 a\u00f1os que vive en un peque\u00f1o pueblo de pescadores a unos cuatro kil\u00f3metros del lugar del atropello<\/strong>. Tiene antecedentes por delitos menores, entre ellos por comportamiento err\u00e1tico y consumo de drogas y alcohol.<\/p>\n<p class=\"com-paragraph   --s\">Una fuente cercana al caso se\u00f1al\u00f3 que el hombre atropell\u00f3 deliberadamente a las v\u00edctimas<strong> a lo largo de varios kil\u00f3metros <\/strong>en una ruta principal de la pintoresca isla, situada al oeste del pa\u00eds.<\/p>\n<p class=\"com-paragraph   --s\">En tanto, el alcalde de Saint-Pierre-d\u2019Ol\u00e9ron,<strong> Christophe Sueur<\/strong>, indic\u00f3 en declaraciones concedidas a la cadena de televisi\u00f3n frances<em>a BFM TV <\/em>que el conductor <strong>atropell\u00f3 \u201cde forma deliberada\u201d a \u201ctodas las personas a las que pudo encontrar\u201d<\/strong> y que despu\u00e9s <strong>\u201cprendi\u00f3 fuego intencionadamente su veh\u00edculo\u201d<\/strong>. <\/p>\n<p class=\"com-paragraph   --s\">Asimismo, asegur\u00f3 que el hombre \u201ces conocido\u201d por los oficiales por \u201cproblemas de <strong>alcoholemia<\/strong>\u201d.<\/p>\n<p class=\"com-paragraph   --s\"><strong>Agencias DPA, Reuters y ANSA<\/strong><\/p>\n<section class=\"container-center-100 mb-40 border border-bottom border-thin border-neutral-light-700\">\n<hr\/>\n<\/section>\n<\/div>\n\n","protected":false},"excerpt":{"rendered":"<p>PAR\u00cdS.- Al menos diez personas resultaron heridas este mi\u00e9rcoles tras un atropello que se presume habr\u00eda sido intencional en la isla de Ol\u00e9ron, situada en la costa atl\u00e1ntica del departamento del Charente Mar\u00edtimo, en Francia. Este incidente dej\u00f3 al menos diez personas lesionadas, cuatro de ellas de gravedad, y llev\u00f3 a la Fiscal\u00eda Antiterrorista a [&hellip;]<\/p>\n","protected":false},"author":2,"featured_media":215052,"comment_status":"closed","ping_status":"closed","sticky":false,"template":"","format":"standard","meta":{"footnotes":""},"categories":[1],"tags":[],"class_list":["post-215051","post","type-post","status-publish","format-standard","has-post-thumbnail","hentry","category-uncategorized"],"_links":{"self":[{"href":"https:\/\/radioacuariofm.com.ar\/index.php?rest_route=\/wp\/v2\/posts\/215051","targetHints":{"allow":["GET"]}}],"collection":[{"href":"https:\/\/radioacuariofm.com.ar\/index.php?rest_route=\/wp\/v2\/posts"}],"about":[{"href":"https:\/\/radioacuariofm.com.ar\/index.php?rest_route=\/wp\/v2\/types\/post"}],"author":[{"embeddable":true,"href":"https:\/\/radioacuariofm.com.ar\/index.php?rest_route=\/wp\/v2\/users\/2"}],"replies":[{"embeddable":true,"href":"https:\/\/radioacuariofm.com.ar\/index.php?rest_route=%2Fwp%2Fv2%2Fcomments&post=215051"}],"version-history":[{"count":1,"href":"https:\/\/radioacuariofm.com.ar\/index.php?rest_route=\/wp\/v2\/posts\/215051\/revisions"}],"predecessor-version":[{"id":215053,"href":"https:\/\/radioacuariofm.com.ar\/index.php?rest_route=\/wp\/v2\/posts\/215051\/revisions\/215053"}],"wp:featuredmedia":[{"embeddable":true,"href":"https:\/\/radioacuariofm.com.ar\/index.php?rest_route=\/wp\/v2\/media\/215052"}],"wp:attachment":[{"href":"https:\/\/radioacuariofm.com.ar\/index.php?rest_route=%2Fwp%2Fv2%2Fmedia&parent=215051"}],"wp:term":[{"taxonomy":"category","embeddable":true,"href":"https:\/\/radioacuariofm.com.ar\/index.php?rest_route=%2Fwp%2Fv2%2Fcategories&post=215051"},{"taxonomy":"post_tag","embeddable":true,"href":"https:\/\/radioacuariofm.com.ar\/index.php?rest_route=%2Fwp%2Fv2%2Ftags&post=215051"}],"curies":[{"name":"wp","href":"https:\/\/api.w.org\/{rel}","templated":true}]}}