{"id":215047,"date":"2025-11-05T08:49:34","date_gmt":"2025-11-05T11:49:34","guid":{"rendered":"https:\/\/radioacuariofm.com.ar\/?p=215047"},"modified":"2025-11-05T08:49:37","modified_gmt":"2025-11-05T11:49:37","slug":"modifican-el-recorrido-de-la-linea-364-para-mejorar-el-acceso-en-la-majadita-2","status":"publish","type":"post","link":"https:\/\/radioacuariofm.com.ar\/?p=215047","title":{"rendered":"Modifican el recorrido de la l\u00ednea 364 para mejorar el acceso en La Majadita"},"content":{"rendered":"<p><img decoding=\"async\" src=\"https:\/\/radioacuariofm.com.ar\/wp-content\/uploads\/2025\/11\/7043f67e90c3ebdec4ed3811ef9bb8d3_L-2.jpg\"\/>  <\/p>\n<p>El Ministerio de Gobierno, a trav\u00e9s de la Direcci\u00f3n de Coordinaci\u00f3n de RedTulum, inform\u00f3 que el 5 de noviembre de 2025 comenzar\u00e1 a regir, en per\u00edodo de prueba por 30 d\u00edas, la modificaci\u00f3n del recorrido de la l\u00ednea 364 del transporte p\u00fablico, tras evaluaciones realizadas en la localidad de La Majadita, departamento 9 de Julio.<\/p>\n<p>La aplicaci\u00f3n de esta medida busca ampliar la cobertura y acercar el servicio a los sectores con mayor demanda, manteniendo la normalidad del resto del itinerario.<\/p>\n<p><strong>La traza quedar\u00e1 de la siguiente manera<\/strong>: en sentido 9 de Julio\u2013Capital, por Ruta Provincial 241, Dr. Amable Jones, J. Humberto Yacante y luego el recorrido habitual; en sentido Capital\u20139 de Julio, por Ruta Provincial 241, J. Humberto Yacante, Dr. Amable Jones y, desde all\u00ed, el itinerario tradicional. El cambio contempla una mayor cobertura dentro del barrio La Majadita.<\/p>\n<p>La entrada Modifican el recorrido de la l\u00ednea 364 para mejorar el acceso en La Majadita se public\u00f3 primero en DIARIO DIGITAL MORENO MEDIOS.<\/p>\n","protected":false},"excerpt":{"rendered":"<p>El Ministerio de Gobierno, a trav\u00e9s de la Direcci\u00f3n de Coordinaci\u00f3n de RedTulum, inform\u00f3 que el 5 de noviembre de 2025 comenzar\u00e1 a regir, en per\u00edodo de prueba por 30 d\u00edas, la modificaci\u00f3n del recorrido de la l\u00ednea 364 del transporte p\u00fablico, tras evaluaciones realizadas en la localidad de La Majadita, departamento 9 de Julio. [&hellip;]<\/p>\n","protected":false},"author":2,"featured_media":215048,"comment_status":"closed","ping_status":"closed","sticky":false,"template":"","format":"standard","meta":{"footnotes":""},"categories":[27],"tags":[],"class_list":["post-215047","post","type-post","status-publish","format-standard","has-post-thumbnail","hentry","category-san-juan"],"_links":{"self":[{"href":"https:\/\/radioacuariofm.com.ar\/index.php?rest_route=\/wp\/v2\/posts\/215047","targetHints":{"allow":["GET"]}}],"collection":[{"href":"https:\/\/radioacuariofm.com.ar\/index.php?rest_route=\/wp\/v2\/posts"}],"about":[{"href":"https:\/\/radioacuariofm.com.ar\/index.php?rest_route=\/wp\/v2\/types\/post"}],"author":[{"embeddable":true,"href":"https:\/\/radioacuariofm.com.ar\/index.php?rest_route=\/wp\/v2\/users\/2"}],"replies":[{"embeddable":true,"href":"https:\/\/radioacuariofm.com.ar\/index.php?rest_route=%2Fwp%2Fv2%2Fcomments&post=215047"}],"version-history":[{"count":1,"href":"https:\/\/radioacuariofm.com.ar\/index.php?rest_route=\/wp\/v2\/posts\/215047\/revisions"}],"predecessor-version":[{"id":215050,"href":"https:\/\/radioacuariofm.com.ar\/index.php?rest_route=\/wp\/v2\/posts\/215047\/revisions\/215050"}],"wp:featuredmedia":[{"embeddable":true,"href":"https:\/\/radioacuariofm.com.ar\/index.php?rest_route=\/wp\/v2\/media\/215048"}],"wp:attachment":[{"href":"https:\/\/radioacuariofm.com.ar\/index.php?rest_route=%2Fwp%2Fv2%2Fmedia&parent=215047"}],"wp:term":[{"taxonomy":"category","embeddable":true,"href":"https:\/\/radioacuariofm.com.ar\/index.php?rest_route=%2Fwp%2Fv2%2Fcategories&post=215047"},{"taxonomy":"post_tag","embeddable":true,"href":"https:\/\/radioacuariofm.com.ar\/index.php?rest_route=%2Fwp%2Fv2%2Ftags&post=215047"}],"curies":[{"name":"wp","href":"https:\/\/api.w.org\/{rel}","templated":true}]}}