{"id":211947,"date":"2025-10-23T14:17:13","date_gmt":"2025-10-23T17:17:13","guid":{"rendered":"https:\/\/radioacuariofm.com.ar\/?p=211947"},"modified":"2025-10-23T14:17:15","modified_gmt":"2025-10-23T17:17:15","slug":"argentina-confirmo-su-equipo-masculino-sub-19-para-el-panamericano-de-selecciones-2025","status":"publish","type":"post","link":"https:\/\/radioacuariofm.com.ar\/?p=211947","title":{"rendered":"Argentina confirm\u00f3 su equipo masculino Sub 19 para el Panamericano de Selecciones 2025"},"content":{"rendered":"<p><\/p>\n<div>\n<p>Este jueves 23 de octubre, la Confederaci\u00f3n Argentina de Patinaje (CAP) anunci\u00f3 oficialmente a los jugadores citados para la selecci\u00f3n nacional masculina Sub 19 de hockey sobre patines, quienes representar\u00e1n al pa\u00eds en la pr\u00f3xima edici\u00f3n del Campeonato Panamericano de Selecciones 2025. El anuncio fue efectivo a trav\u00e9s de un comunicado de Prensa por parte del Comit\u00e9 Nacional T\u00e9cnico de la CAP.<\/p>\n<p>La competencia deportiva, de car\u00e1cter internacional, se celebrar\u00e1 desde el lunes 10 al s\u00e1bado 15 de noviembre en San Juan, Argentina. El certamen es clasificatorio para la Copa Mundial del a\u00f1o entrante, en los World Skate Games Paraguay 2026.<\/p>\n<p>La plantilla que dirige el entrenador mendocino Esteban \u00c1balos est\u00e1 compuesta por un total de 12 jugadores, de los cuales 8 de ellos son de San Juan. A continuaci\u00f3n, el detalle completo.<\/p>\n<p>Jugadores de campo:<br \/>Alejo Espinoza (Olimpia Pat\u00edn Club Trinidad)<br \/>Benjam\u00edn Bail\u00f3n (Olimpia Pat\u00edn Club Trinidad). <br \/>Joaqu\u00edn Morales (Uni\u00f3n Vecinal de Trinidad). <br \/>Nicol\u00e1s Alonzo (Concepci\u00f3n Pat\u00edn Club). <br \/>Tiziano Calisse (Concepci\u00f3n Pat\u00edn Club). <br \/>Joaqu\u00edn Barifusa (Concepci\u00f3n Pat\u00edn Club). <br \/>Bautista Romero (Richet Zapata).<\/p>\n<p>Arqueros: <br \/>Charbel Fraifer (Club Deportivo Uni\u00f3n Estudiantil).<\/p>\n<p>La selecci\u00f3n nacional queda completa con los mendocinos Jer\u00f3nimo Basile y Lucas Sottano, de Leonardo Murialdo, jugadores de campo; Bautista Pascual, de San Mart\u00edn, y Tom\u00e1s Coro Costa, de Banco Mendoza, arqueros.<\/p>\n<p>Staff t\u00e9cnico: Esteban \u00c1balos (director t\u00e9cnico), Diego Guerrero (ayudante t\u00e9cnico), Mariano Vel\u00e1zquez (ayudante t\u00e9cnico), Juan Ignacio Gramari (preparador f\u00edsico), Rafael \u00c1balos (entrenador de arqueros), Dar\u00edo L\u00f3pez (utilero), Daniel Brescia (colaborador operativo), Emiliano Schlamelcher (Prensa) y Sergio Ramini (coordinador de Selecciones Argentinas).<\/p>\n<p>Informaci\u00f3n y fotograf\u00eda: Prensa Comit\u00e9 Nacional T\u00e9cnico de hockey sobre patines de Confederaci\u00f3n Argentina de Patinaje.<\/p>\n<\/p><\/div>\n<p><script async defer crossorigin=\"anonymous\" src=\"https:\/\/connect.facebook.net\/es_ES\/sdk.js#xfbml=1&#038;version=v3.3\"><\/script><\/p>\n","protected":false},"excerpt":{"rendered":"<p>Este jueves 23 de octubre, la Confederaci\u00f3n Argentina de Patinaje (CAP) anunci\u00f3 oficialmente a los jugadores citados para la selecci\u00f3n nacional masculina Sub 19 de hockey sobre patines, quienes representar\u00e1n al pa\u00eds en la pr\u00f3xima edici\u00f3n del Campeonato Panamericano de Selecciones 2025. El anuncio fue efectivo a trav\u00e9s de un comunicado de Prensa por parte [&hellip;]<\/p>\n","protected":false},"author":2,"featured_media":211948,"comment_status":"closed","ping_status":"closed","sticky":false,"template":"","format":"standard","meta":{"footnotes":""},"categories":[27],"tags":[],"class_list":["post-211947","post","type-post","status-publish","format-standard","has-post-thumbnail","hentry","category-san-juan"],"_links":{"self":[{"href":"https:\/\/radioacuariofm.com.ar\/index.php?rest_route=\/wp\/v2\/posts\/211947","targetHints":{"allow":["GET"]}}],"collection":[{"href":"https:\/\/radioacuariofm.com.ar\/index.php?rest_route=\/wp\/v2\/posts"}],"about":[{"href":"https:\/\/radioacuariofm.com.ar\/index.php?rest_route=\/wp\/v2\/types\/post"}],"author":[{"embeddable":true,"href":"https:\/\/radioacuariofm.com.ar\/index.php?rest_route=\/wp\/v2\/users\/2"}],"replies":[{"embeddable":true,"href":"https:\/\/radioacuariofm.com.ar\/index.php?rest_route=%2Fwp%2Fv2%2Fcomments&post=211947"}],"version-history":[{"count":1,"href":"https:\/\/radioacuariofm.com.ar\/index.php?rest_route=\/wp\/v2\/posts\/211947\/revisions"}],"predecessor-version":[{"id":211949,"href":"https:\/\/radioacuariofm.com.ar\/index.php?rest_route=\/wp\/v2\/posts\/211947\/revisions\/211949"}],"wp:featuredmedia":[{"embeddable":true,"href":"https:\/\/radioacuariofm.com.ar\/index.php?rest_route=\/wp\/v2\/media\/211948"}],"wp:attachment":[{"href":"https:\/\/radioacuariofm.com.ar\/index.php?rest_route=%2Fwp%2Fv2%2Fmedia&parent=211947"}],"wp:term":[{"taxonomy":"category","embeddable":true,"href":"https:\/\/radioacuariofm.com.ar\/index.php?rest_route=%2Fwp%2Fv2%2Fcategories&post=211947"},{"taxonomy":"post_tag","embeddable":true,"href":"https:\/\/radioacuariofm.com.ar\/index.php?rest_route=%2Fwp%2Fv2%2Ftags&post=211947"}],"curies":[{"name":"wp","href":"https:\/\/api.w.org\/{rel}","templated":true}]}}