{"id":211605,"date":"2025-10-22T10:16:58","date_gmt":"2025-10-22T13:16:58","guid":{"rendered":"https:\/\/radioacuariofm.com.ar\/?p=211605"},"modified":"2025-10-22T10:16:59","modified_gmt":"2025-10-22T13:16:59","slug":"fuerte-denuncia-de-la-viuda-de-uno-de-los-colombianos-abatidos-por-el-gobierno-de-trump-en-el-mar-caribe","status":"publish","type":"post","link":"https:\/\/radioacuariofm.com.ar\/?p=211605","title":{"rendered":"Fuerte denuncia de la viuda de uno de los colombianos abatidos por el gobierno de Trump en el Mar Caribe"},"content":{"rendered":"<p> <br \/>\n<\/p>\n<div>\n<p class=\"com-paragraph  --capital --s\">Santa Marta, COLOMBIA (AFP).- La esposa de un <strong>colombiano abatido<\/strong> en el <a href=\"https:\/\/www.lanacion.com.ar\/el-mundo\/estados-unidos-envia-mas-barcos-al-sur-del-caribe-en-su-ofensiva-contra-el-narcotrafico-nid26082025\/\" target=\"_self\" title=\"https:\/\/www.lanacion.com.ar\/el-mundo\/estados-unidos-envia-mas-barcos-al-sur-del-caribe-en-su-ofensiva-contra-el-narcotrafico-nid26082025\/\" class=\"com-link break-word\" data-mrf-recirculation=\"n_link_parrafo\"><strong>Caribe<\/strong><\/a><strong> <\/strong>por <strong>Estados Unidos<\/strong>, en un ataque contra una <strong>supuesta embarcaci\u00f3n que traficaba drogas<\/strong>, hizo una <strong>fuerte denuncia<\/strong> contra el gobierno de <strong>Donald Trump <\/strong><\/p>\n<p class=\"com-paragraph   --s\">Fue durante una entrevista con la <em>Agencia AFP<\/em>, en la que asegur\u00f3 que a su marido<strong> le \u201carrebataron\u201d la vida injustamente<\/strong>, porque -en base a su relato- el hombre en realidad era un <strong>pescador <\/strong>y no un narcotraficante.<\/p>\n<p class=\"com-paragraph   --s\">Su esposo, <strong>Alejandro Carranza, de 40 a\u00f1os<\/strong>, fue asesinado en aguas colombianas en medio del despliegue ordenado por Trump para detener el tr\u00e1fico de narc\u00f3ticos. Su muerte fue confirmada el fin de semana por el mandatario colombiano, <strong>Gustavo Petro.<\/strong><\/p>\n<p class=\"com-paragraph   --s\">Por su parte, la viuda de Carranza, <strong>Katerine Hern\u00e1ndez<\/strong>, desde <strong>Santa Marta<\/strong>, donde parti\u00f3 la lancha, dijo que el hombre sali\u00f3 de su casa a pescar en mar abierto y que por algunos d\u00edas perdi\u00f3 contacto con \u00e9l, hasta que se enter\u00f3 de que hab\u00eda muerto en un bombardeo estadounidense. <strong>Clam\u00f3 que era un \u201cmuchacho de bien\u201d y una \u201cbuena persona\u201d. <\/strong><\/p>\n<p class=\"com-paragraph   --s\">La mujer tambi\u00e9n asegur\u00f3 que su pareja <strong>no ten\u00eda relaci\u00f3n con el narcotr\u00e1fico<\/strong> y consider\u00f3 el ataque como excesivo. <strong>\u201c\u00bfPor qu\u00e9 le fueron a arrebatar la vida as\u00ed como se la arrebataron?\u201d, <\/strong>se pregunt\u00f3.<\/p>\n<p class=\"com-paragraph   --s\">Desde agosto, al menos siete embarcaciones que Estados Unidos consider\u00f3 que transportaban drogas <a href=\"https:\/\/www.lanacion.com.ar\/estados-unidos\/el-video-del-ataque-de-eeuu-contra-el-barco-con-drogas-que-salieron-de-venezuela-segun-trump-nid02092025\/\" target=\"_self\" title=\"https:\/\/www.lanacion.com.ar\/estados-unidos\/el-video-del-ataque-de-eeuu-contra-el-barco-con-drogas-que-salieron-de-venezuela-segun-trump-nid02092025\/\" class=\"com-link break-word\" data-mrf-recirculation=\"n_link_parrafo\">fueron atacadas<\/a> con un<strong> saldo de al menos 32 muertos.<\/strong><\/p>\n<p class=\"com-paragraph   --s\">Los ataques se producen en el contexto de un refuerzo militar estadounidense en el Caribe, que incluye <strong>destructores de misiles guiados, aviones de combate F-35, un submarino nuclear y alrededor de 6500 soldados.<\/strong><\/p>\n<p class=\"com-paragraph   --s\">Cr\u00edtico de Trump, el presidente Petro -al igual que Hern\u00e1ndez- asegur\u00f3 que Carranza era un \u201cpescador\u201d. Dijo, adem\u00e1s, que la embarcaci\u00f3n hab\u00eda sufrido un problema mec\u00e1nico durante su recorrido. \u201cLa lancha colombiana estaba a la deriva y con la se\u00f1al de aver\u00eda puesta, al tener un motor arriba\u201d, escribi\u00f3 Petro en la red <em>X<\/em>.<\/p>\n<p class=\"com-paragraph   --s\">Seg\u00fan informaci\u00f3n de medios de comunicaci\u00f3n, Carranza sin embargo ten\u00eda antecedentes por un<strong> robo de m\u00e1s de 200 armas de la fuerza p\u00fablica, en alianza con grupos criminales<\/strong>. La fiscal\u00eda no ofreci\u00f3 detalles de esos se\u00f1alamientos, pese a los pedidos de la <em>AFP<\/em>.<\/p>\n<p class=\"com-paragraph   --s\">Luego de las declaraciones de Petro, Trump lo llam\u00f3 <strong>\u201cl\u00edder del narcotr\u00e1fico\u201d<\/strong> y cort\u00f3 el apoyo econ\u00f3mico a Bogot\u00e1.<\/p>\n<div class=\"content-media\">\n<section role=\"button\" class=\"mod-media   \">\n<figure role=\"button\" class=\"mod-figure \"><figcaption class=\"mod-figcaption\"><span class=\"com-text --caption --twoxs\">Tradicionalmente aliados, Estados Unidos y Colombia viven horas de tensi\u00f3n <\/span><span class=\"com-text --credit --twoxs\">MANDEL NGAN  &#8211; AFP <\/span><\/figcaption><\/figure>\n<\/section>\n<\/div>\n<p class=\"com-paragraph   --s\">Desde el regreso del republicano a la Casa Blanca en enero, Petro -primer izquierdista en el poder de Colombia- es uno de sus mayores cr\u00edticos por pol\u00edticas como la deportaci\u00f3n de migrantes indocumentados y el despliegue militar en el Caribe.<\/p>\n<p class=\"com-paragraph   --s\">El s\u00e1bado, Petro responsabiliz\u00f3 al gobierno de Estados Unidos por el <strong>\u201casesinato\u201d <\/strong>de Carranza y denunci\u00f3 que las fuerzas estadounidenses violaron la soberan\u00eda de aguas nacionales.<\/p>\n<p class=\"com-paragraph   --s\">En tanto, Trump sostuvo que Colombia deber\u00eda \u201ccerrar\u201d los narcocultivos de \u201cinmediato\u201d porque, en caso de no hacerlo, Estados Unidos \u201cse los cerrar\u00e1 y no lo har\u00e1 de buena forma\u201d.<\/p>\n<p class=\"com-paragraph   --s\">Esas declaraciones fueron tomadas por el gobierno colombiano como una \u201camenaza de invasi\u00f3n\u201d. <\/p>\n<p class=\"com-paragraph   --s\">Tradicionalmente aliados, los pa\u00edses viven horas de tensi\u00f3n. Tras la escalada, este martes hubo un encuentro entre Petro y el m\u00e1ximo representante diplom\u00e1tico de Estados Unidos en Bogot\u00e1, el jefe de negocios de la embajada, <strong>John McNamara<\/strong>. En un intento de calmar las fricciones, acordaron \u201cmejorar\u201d la lucha antidrogas.<\/p>\n<p class=\"com-paragraph   --s\">De acuerdo con la Canciller\u00eda colombiana, Petro ratific\u00f3 ante McNamara \u201cel compromiso del gobierno nacional con ampliar el programa de sustituci\u00f3n de cultivos il\u00edcitos\u201d.<\/p>\n<section class=\"container-center-100 mb-40 border border-bottom border-thin border-neutral-light-700\">\n<hr\/>\n<\/section>\n<\/div>\n\n","protected":false},"excerpt":{"rendered":"<p>Santa Marta, COLOMBIA (AFP).- La esposa de un colombiano abatido en el Caribe por Estados Unidos, en un ataque contra una supuesta embarcaci\u00f3n que traficaba drogas, hizo una fuerte denuncia contra el gobierno de Donald Trump Fue durante una entrevista con la Agencia AFP, en la que asegur\u00f3 que a su marido le \u201carrebataron\u201d la [&hellip;]<\/p>\n","protected":false},"author":2,"featured_media":211606,"comment_status":"closed","ping_status":"closed","sticky":false,"template":"","format":"standard","meta":{"footnotes":""},"categories":[1],"tags":[],"class_list":["post-211605","post","type-post","status-publish","format-standard","has-post-thumbnail","hentry","category-uncategorized"],"_links":{"self":[{"href":"https:\/\/radioacuariofm.com.ar\/index.php?rest_route=\/wp\/v2\/posts\/211605","targetHints":{"allow":["GET"]}}],"collection":[{"href":"https:\/\/radioacuariofm.com.ar\/index.php?rest_route=\/wp\/v2\/posts"}],"about":[{"href":"https:\/\/radioacuariofm.com.ar\/index.php?rest_route=\/wp\/v2\/types\/post"}],"author":[{"embeddable":true,"href":"https:\/\/radioacuariofm.com.ar\/index.php?rest_route=\/wp\/v2\/users\/2"}],"replies":[{"embeddable":true,"href":"https:\/\/radioacuariofm.com.ar\/index.php?rest_route=%2Fwp%2Fv2%2Fcomments&post=211605"}],"version-history":[{"count":1,"href":"https:\/\/radioacuariofm.com.ar\/index.php?rest_route=\/wp\/v2\/posts\/211605\/revisions"}],"predecessor-version":[{"id":211607,"href":"https:\/\/radioacuariofm.com.ar\/index.php?rest_route=\/wp\/v2\/posts\/211605\/revisions\/211607"}],"wp:featuredmedia":[{"embeddable":true,"href":"https:\/\/radioacuariofm.com.ar\/index.php?rest_route=\/wp\/v2\/media\/211606"}],"wp:attachment":[{"href":"https:\/\/radioacuariofm.com.ar\/index.php?rest_route=%2Fwp%2Fv2%2Fmedia&parent=211605"}],"wp:term":[{"taxonomy":"category","embeddable":true,"href":"https:\/\/radioacuariofm.com.ar\/index.php?rest_route=%2Fwp%2Fv2%2Fcategories&post=211605"},{"taxonomy":"post_tag","embeddable":true,"href":"https:\/\/radioacuariofm.com.ar\/index.php?rest_route=%2Fwp%2Fv2%2Ftags&post=211605"}],"curies":[{"name":"wp","href":"https:\/\/api.w.org\/{rel}","templated":true}]}}