{"id":210712,"date":"2025-10-17T22:30:21","date_gmt":"2025-10-18T01:30:21","guid":{"rendered":"https:\/\/radioacuariofm.com.ar\/?p=210712"},"modified":"2025-10-17T22:30:22","modified_gmt":"2025-10-18T01:30:22","slug":"en-su-primera-recesion-en-40-anos-bolivia-ahora-elige-entre-shock-y-gradualismo-para-superar-la-crisis-que-deja-la-izquierda","status":"publish","type":"post","link":"https:\/\/radioacuariofm.com.ar\/?p=210712","title":{"rendered":"En su primera recesi\u00f3n en 40 a\u00f1os, Bolivia ahora elige entre shock y gradualismo para superar la crisis que deja la izquierda"},"content":{"rendered":"<p> <br \/>\n<\/p>\n<div>\n<p class=\"com-paragraph  --capital --s\">LA PAZ.- <strong>\u201cLa prioridad ahora es poner la casa en orden\u201d<\/strong>, dijo en di\u00e1logo con LA NACION,<strong> Jos\u00e9 Gabriel Espinoza<\/strong>, jefe del equipo econ\u00f3mico del candidato de centroderecha para el balotaje de este domingo, <strong>Rodrigo Paz Pereira<\/strong>, del Partido Dem\u00f3crata Cristiano.<\/p>\n<p class=\"com-paragraph   --s\">Pero mirando la realidad de un pa\u00eds con un d\u00e9ficit fiscal que supera hoy el 10% del PBI, que por primera vez en 40 a\u00f1os entr\u00f3 en recesi\u00f3n, sin combustibles en las estaciones de servicio, falta de d\u00f3lares y desabastecimiento de alimentos y medicinas, <strong>Ramiro Cavero<\/strong>, jefe econ\u00f3mico del candidato derechista Jorge \u201cTuto\u201d Quiroga, de Alianza Libre, respondi\u00f3: <strong>\u201cLa casa no se puede poner en orden ahora porque se est\u00e1 incendiando\u201d.<\/strong><\/p>\n<p class=\"com-paragraph   --s\">La diferencia entre ambas declaraciones marca qu\u00e9 se puede esperar del plan econ\u00f3mico entre uno y otro candidato a partir de la asunci\u00f3n del pr\u00f3ximo gobierno el 8 de noviembre:<strong> la transici\u00f3n gradual con menor costo social que propone Paz Pereira, o el programa de shock de Quiroga, m\u00e1s parecido al de Javier Milei en la Argentina.<\/strong> <\/p>\n<p class=\"com-paragraph   --s\">Pero cuando la \u201ccasa\u201d est\u00e9 en orden o reparada tras el incendio, a qu\u00e9 sectores puede apostar Bolivia en el mediano o largo plazo.<strong> \u00bfCu\u00e1l puede ser su pr\u00f3xima \u201cgallina de los huevos de oro\u201d?<\/strong><\/p>\n<div class=\"content-media\">\n<section role=\"button\" class=\"mod-media   \">\n<figure role=\"button\" class=\"mod-figure \"><figcaption class=\"mod-figcaption\"><span class=\"com-text --caption --twoxs\">Carteles de Rodrigo Paz en La Paz<\/span><span class=\"com-text --credit --twoxs\">MARTIN BERNETTI &#8211; AFP<\/span><\/figcaption><\/figure>\n<\/section>\n<\/div>\n<p class=\"com-paragraph   --s\">Desde tiempos de la colonia espa\u00f1ola, los recursos naturales jugaron un papel central en su econom\u00eda, pero pese a las se\u00f1ales de mejor\u00eda de comienzos de siglo con el auge de los hidrocarburos, <strong>Bolivia es hoy el pa\u00eds sudamericano con menor PBI (45.000 millones de d\u00f3lares) y con altos \u00edndices de pobreza.<\/strong><\/p>\n<p class=\"com-paragraph   --s\">A lo largo de toda su historia Bolivia tuvo sue\u00f1os de grandeza que se convirtieron finalmente en<strong> \u201cla maldici\u00f3n de los commodities\u201d.<\/strong><\/p>\n<p class=\"com-paragraph   --s\">Hacia el a\u00f1o 1600 <strong>Potos\u00ed<\/strong> era uno de los centros mineros m\u00e1s ricos del mundo.<strong> La plata extra\u00edda sostuvo buena parte del imperio espa\u00f1ol y aliment\u00f3 el comercio mundial, especialmente con Asia<\/strong>. Pero esa econom\u00eda extractivista nunca benefici\u00f3 a la sociedad local.<\/p>\n<p class=\"com-paragraph   --s\">En los siglos XIX y XX Bolivia se convirti\u00f3 en<strong> uno de los mayores productores mundiales de esta\u00f1o, un material indispensable para los enlatados de los pa\u00edses en guerra.<\/strong> El \u201cbar\u00f3n del esta\u00f1o\u201d, Sim\u00f3n Pati\u00f1o (1860-1947), fue uno de los hombres m\u00e1s ricos del mundo, pero eso solo sirvi\u00f3 para crear una \u00e9lite boliviana rica y poderosa.<\/p>\n<p class=\"com-paragraph   --s\">Ya a fines del siglo pasado y comienzos de este siglo, <strong>con una de las mayores reservas de gas natural de Sudam\u00e9rica<\/strong>, Evo Morales (2006-2019) aprovech\u00f3 el impulso del sector para llevar a cabo una modernizaci\u00f3n del pa\u00eds y sacar a amplios sectores de la poblaci\u00f3n de la pobreza con exportaciones de gas principalmente a la Argentina y Brasil. Pero por <strong>la falta de reinversi\u00f3n y el cambio del panorama internacional<\/strong>, ese proyecto se agot\u00f3 y Bolivia sufre ahora un profundo desabastecimiento de combustibles que el Estado compra y subsidia en un 50%, afectando sus ingresos y escasas reservas.<\/p>\n<div class=\"content-media\">\n<section role=\"button\" class=\"mod-media   \">\n<figure role=\"button\" class=\"mod-figure \"><figcaption class=\"mod-figcaption\"><span class=\"com-text --caption --twoxs\">Manifestantes gritan proclamas contra el gobierno en protesta por los contratos firmados para la explotaci\u00f3n de litio con un consorcio chino y una empresa rusa, en La Paz, Bolivia, el jueves 13 de febrero de 2025. (AP Foto\/Juan Karita)<\/span><span class=\"com-text --credit --twoxs\">Juan Karita &#8211; AP<\/span><\/figcaption><\/figure>\n<\/section>\n<\/div>\n<p class=\"com-paragraph   --s\">Con sus extensos recursos, hoy <strong>Bolivia duerme sobre la mayor reserva de litio del mundo, el salar de Uyuni, en Potos\u00ed<\/strong>, un riqueza estrat\u00e9gica global por su uso en bater\u00edas para autos el\u00e9ctricos, dispositivos m\u00f3viles y almacenamiento energ\u00e9tico, <strong>considerado el \u201coro blanco\u201d del siglo XXI. \u00bfSer\u00e1 esta vez s\u00ed el litio su tabla de salvaci\u00f3n?<\/strong><\/p>\n<p class=\"com-paragraph   --s\">LA NACION convers\u00f3 con los diferentes equipos econ\u00f3micos sobre cu\u00e1l creen que debe ser la apuesta al corto y al largo plazo y tambi\u00e9n entrevist\u00f3 al CEO de la primera f\u00e1brica de bater\u00edas de litio de este pa\u00eds, para conocer sus perspectivas.<\/p>\n<p class=\"com-paragraph   --s\">Las propuestas de los dos candidatos coinciden en el corto plazo en <strong>la necesidad de achicar el d\u00e9ficit fiscal, ajustar el gasto en las empresas estatales, reducir los subsidios a los combustibles y la econom\u00eda informal y buscar la forma de traer d\u00f3lares al pa\u00eds.<\/strong><\/p>\n<p class=\"com-paragraph   --s\">Seg\u00fan cont\u00f3 Espinoza, del equipo de Paz Pereira, la transici\u00f3n suave consiste en <strong>soluciones consensuadas en un Parlamento que est\u00e1 muy fragmentado<\/strong> entre las distintas bancadas, recortar gastos superfluos del Estado, y repartir el presupuesto estatal 50\/50 con departamentos, municipios y comunas ind\u00edgenas.<strong> \u201cNosotros creemos que de la mejor administraci\u00f3n de los recursos, vamos a obtener el dinero para no acudir en un primer momento al Fondo Monetario e incluso mejorar los bonos sociales\u201d,<\/strong> asegur\u00f3 Espinoza.<\/p>\n<p class=\"com-paragraph   --s\">En cambio Quiroga sostiene que frente<strong> \u201ca esta casa que se incendia, solo se puede apagar el fuego con agua \u2018verde\u2019\u201c<\/strong>, en referencia a la ayuda de 14.000 millones de d\u00f3lares que piensa pedir al FMI<\/p>\n<div class=\"content-media\">\n<section role=\"button\" class=\"mod-media   \">\n<figure role=\"button\" class=\"mod-figure \"><figcaption class=\"mod-figcaption\"><span class=\"com-text --caption --twoxs\">Quiroga en campa\u00f1a<\/span><span class=\"com-text --credit --twoxs\">MARTIN BERNETTI  &#8211; AFP <\/span><\/figcaption><\/figure>\n<\/section>\n<\/div>\n<p class=\"com-paragraph   --s\">\u00bfPero para cu\u00e1ndo la casa est\u00e9 en orden o el fuego est\u00e9 apagado, hacia d\u00f3nde apuntan las propuestas entre uno y otro candidato?<\/p>\n<p class=\"com-paragraph   --s\">\u201cEs innegable que <strong>Bolivia va a seguir siendo un pa\u00eds hidrocarbur\u00edfero<\/strong>, tenemos que volverlo a posicionar all\u00ed porque si no, nos quedamos sin energ\u00eda, ya no es solo una cuesti\u00f3n de exportaci\u00f3n\u201d, coment\u00f3 Espinoza. <\/p>\n<p class=\"com-paragraph   --s\">\u201cTambi\u00e9n esperamos un salto muy fuerte en productividad en el <strong>campo, soja carne, vino, y en el turismo<\/strong>\u201d, agreg\u00f3.<\/p>\n<p class=\"com-paragraph   --s\">\u201c<strong>En el caso de la miner\u00eda, en los \u00faltimos 30 a\u00f1os tampoco ha habido grandes inversiones en Bolivia<\/strong>, aunque compartimos la cordillera con Per\u00fa y Chile que tienen los yacimientos m\u00e1s grandes de cobre del mundo. <strong>En cuanto al litio, creemos que su explotaci\u00f3n ser\u00e1 relevante, pero no tanto como dicen algunos.<\/strong> Es una industria que requiere much\u00edsima agua y los salares est\u00e1n en una zona des\u00e9rtica. Adem\u00e1s ser\u00eda<strong> una amenaza grande para la industria tur\u00edstica del Salar de Uyuni<\/strong>\u201d, concluy\u00f3 Espinoza.<\/p>\n<p class=\"com-paragraph   --s\">En cambio Quiroga suele poner como horizonte del mediano plazo convertir a Bolivia en <strong>\u201cpotencia mundial del litio\u201d<\/strong>. Y habla de crear un \u201ctri\u00e1ngulo del litio\u201d entre Argentina, Chile y Bolivia para transformarse en un centro mundial de ese mineral.<\/p>\n<p class=\"com-paragraph   --s\">Quien no se mostr\u00f3 tan entusiasta con el futuro de Bolivia en la explotaci\u00f3n del litio fue precisamente <strong>Jos\u00e9 Carlos M\u00e1rquez<\/strong>, CEO de <strong>Quantum Motors<\/strong>, que inaugur\u00f3 en Cochabamba en julio de 2022 la primera f\u00e1brica de bater\u00edas de litio de Bolivia. Pero ante el escaso desarrollo de la explotaci\u00f3n en este pa\u00eds, <strong>Quantum compra a China los paneles de litio que los chinos arman con el litio que llevan de Bolivia.<\/strong> <\/p>\n<div class=\"content-media\">\n<section role=\"button\" class=\"mod-media   \">\n<figure role=\"button\" class=\"mod-figure \"><figcaption class=\"mod-figcaption\"><span class=\"com-text --caption --twoxs\">Paz en campa\u00f1a en Tarija<\/span><span class=\"com-text --credit --twoxs\">MARCELO GOMEZ  &#8211; AFP <\/span><\/figcaption><\/figure>\n<\/section>\n<\/div>\n<p class=\"com-paragraph   --s\">Ya en 2019 Quantum se convirti\u00f3 en la primera industria dedicada a la fabricaci\u00f3n de veh\u00edculos el\u00e9ctricos en este pa\u00eds y hoy produce 300 equipos al a\u00f1o, que comercializa en M\u00e9xico, Paraguay, El Salvador y Per\u00fa.<\/p>\n<p class=\"com-paragraph   --s\">De todas maneras, en di\u00e1logo con LA NACION, M\u00e1rquez no se mostr\u00f3 entusiasta con que Bolivia ponga grandes esperanzas en el desarrollo de la explotaci\u00f3n del litio en el futuro. <strong>\u201cEs una industria que est\u00e1 abaratando cada vez m\u00e1s sus costos en todo el mundo. Y nosotros estamos llegando tarde a la carrera. Yo no veo que sea una ventana de negocio que se extienda mucho m\u00e1s de diez o veinte a\u00f1os. Cuando empezamos con Quantum Motors hace seis a\u00f1os el sue\u00f1o de la industria era lograr bater\u00edas de 1000 ciclos de carga y descarga a un costo de 300 d\u00f3lares kw\/hora. Hoy ya tenemos bater\u00edas de 6000 ciclos a 111 d\u00f3lares kw\/hora\u201d<\/strong>, se\u00f1al\u00f3 M\u00e1rquez.<\/p>\n<p class=\"com-paragraph   --s\">\u201cPor eso no me gusta mucho apoyarme en los commodities. Puede ser una maldici\u00f3n confiar demasiado en lo que tenemos tan a mano y es tan variable en su precio. En Bolivia yo apostar\u00eda mucho m\u00e1s, por ejemplo, por el turismo, la tecnolog\u00eda, energ\u00eda limpia y alimentos.<strong> En el salar de Uyuni hay turistas japoneses que pagan 1400 d\u00f3lares la noche por dormir en una habitaci\u00f3n de ese lugar \u00fanico<\/strong>. Y no se puede desperdiciar ese potencial. Me parece que son industrias mucho m\u00e1s limpias y confiables para nuestro futuro\u201c, concluy\u00f3.<\/p>\n<section class=\"container-center-100 mb-40 border border-bottom border-thin border-neutral-light-700\">\n<hr\/>\n<\/section>\n<\/div>\n\n","protected":false},"excerpt":{"rendered":"<p>LA PAZ.- \u201cLa prioridad ahora es poner la casa en orden\u201d, dijo en di\u00e1logo con LA NACION, Jos\u00e9 Gabriel Espinoza, jefe del equipo econ\u00f3mico del candidato de centroderecha para el balotaje de este domingo, Rodrigo Paz Pereira, del Partido Dem\u00f3crata Cristiano. Pero mirando la realidad de un pa\u00eds con un d\u00e9ficit fiscal que supera hoy [&hellip;]<\/p>\n","protected":false},"author":2,"featured_media":210713,"comment_status":"closed","ping_status":"closed","sticky":false,"template":"","format":"standard","meta":{"footnotes":""},"categories":[1],"tags":[],"class_list":["post-210712","post","type-post","status-publish","format-standard","has-post-thumbnail","hentry","category-uncategorized"],"_links":{"self":[{"href":"https:\/\/radioacuariofm.com.ar\/index.php?rest_route=\/wp\/v2\/posts\/210712","targetHints":{"allow":["GET"]}}],"collection":[{"href":"https:\/\/radioacuariofm.com.ar\/index.php?rest_route=\/wp\/v2\/posts"}],"about":[{"href":"https:\/\/radioacuariofm.com.ar\/index.php?rest_route=\/wp\/v2\/types\/post"}],"author":[{"embeddable":true,"href":"https:\/\/radioacuariofm.com.ar\/index.php?rest_route=\/wp\/v2\/users\/2"}],"replies":[{"embeddable":true,"href":"https:\/\/radioacuariofm.com.ar\/index.php?rest_route=%2Fwp%2Fv2%2Fcomments&post=210712"}],"version-history":[{"count":1,"href":"https:\/\/radioacuariofm.com.ar\/index.php?rest_route=\/wp\/v2\/posts\/210712\/revisions"}],"predecessor-version":[{"id":210714,"href":"https:\/\/radioacuariofm.com.ar\/index.php?rest_route=\/wp\/v2\/posts\/210712\/revisions\/210714"}],"wp:featuredmedia":[{"embeddable":true,"href":"https:\/\/radioacuariofm.com.ar\/index.php?rest_route=\/wp\/v2\/media\/210713"}],"wp:attachment":[{"href":"https:\/\/radioacuariofm.com.ar\/index.php?rest_route=%2Fwp%2Fv2%2Fmedia&parent=210712"}],"wp:term":[{"taxonomy":"category","embeddable":true,"href":"https:\/\/radioacuariofm.com.ar\/index.php?rest_route=%2Fwp%2Fv2%2Fcategories&post=210712"},{"taxonomy":"post_tag","embeddable":true,"href":"https:\/\/radioacuariofm.com.ar\/index.php?rest_route=%2Fwp%2Fv2%2Ftags&post=210712"}],"curies":[{"name":"wp","href":"https:\/\/api.w.org\/{rel}","templated":true}]}}