{"id":210709,"date":"2025-10-17T21:29:26","date_gmt":"2025-10-18T00:29:26","guid":{"rendered":"https:\/\/radioacuariofm.com.ar\/?p=210709"},"modified":"2025-10-17T21:29:27","modified_gmt":"2025-10-18T00:29:27","slug":"que-paso-con-el-dueno-de-mango-y-por-que-es-importante-el-testimonio-de-su-pareja","status":"publish","type":"post","link":"https:\/\/radioacuariofm.com.ar\/?p=210709","title":{"rendered":"Qu\u00e9 paso con el due\u00f1o de Mango y por qu\u00e9 es importante el testimonio de su pareja"},"content":{"rendered":"<p> <br \/>\n<\/p>\n<div>\n<p class=\"com-paragraph  --capital --s\">La investigaci\u00f3n por la <strong>muerte del<\/strong> <strong>due\u00f1o de Mango<\/strong>, Isak Andic, <a href=\"https:\/\/www.lanacion.com.ar\/el-mundo\/la-pareja-del-fundador-de-mango-clave-para-el-giro-en-el-caso-de-su-muerte-pelea-por-la-herencia-y-nid17102025\/\" target=\"_self\" title=\"https:\/\/www.lanacion.com.ar\/el-mundo\/la-pareja-del-fundador-de-mango-clave-para-el-giro-en-el-caso-de-su-muerte-pelea-por-la-herencia-y-nid17102025\/\" class=\"com-link break-word\" data-mrf-recirculation=\"n_link_parrafo\">ocurrida en diciembre de 2024, experiment\u00f3 un cambio de car\u00e1tula<\/a>. La justicia catalana ahora indaga un <strong>posible homicidio<\/strong> y la pesquisa <strong>apunta a su hijo<\/strong>, Jonathan, quien lo acompa\u00f1aba durante el incidente. El fallecimiento del empresario, inicialmente considerado un accidente, se reexamina a partir de<strong> nuevos elementos<\/strong> que surgieron en los \u00faltimos meses.<\/p>\n<p class=\"com-paragraph   --s\">Isak Andic, de 71 a\u00f1os, muri\u00f3 el 14 de diciembre de 2024. El fundador de la firma de moda <strong>se precipit\u00f3 al vac\u00edo desde un acantilado<\/strong> en Montserrat, en las afueras de Barcelona, mientras paseaba con su hijo Jonathan. La causa se consider\u00f3 inicialmente un accidente, pero <strong>el testimonio de su pareja, Estefan\u00eda Knuth, result\u00f3 fundamental para que los investigadores reevaluaran el caso<\/strong>.<\/p>\n<div class=\"content-media\">\n<section role=\"button\" class=\"mod-media   \">\n<figure role=\"button\" class=\"mod-figure \"><figcaption class=\"mod-figcaption\"><span class=\"com-text --caption --twoxs\">Jonathan Andic pas\u00f3 de ser testigo a sospechoso en la causa que investiga la muerte de su padre<\/span><span class=\"com-text --credit --twoxs\">Mango<\/span><\/figcaption><\/figure>\n<\/section>\n<\/div>\n<p class=\"com-paragraph   --s\">La golfista profesional, que mantuvo una relaci\u00f3n de seis a\u00f1os con Andic, <strong>explic\u00f3 a la polic\u00eda que padre e hijo no ten\u00edan un buen v\u00ednculo<\/strong>. Sus dichos incentivaron a las pesquisas a indagar con mayor profundidad. Knuth detall\u00f3 un episodio ocurrido en 2015, cuando Isak Andic reproch\u00f3 a Jonathan su descontento con el rumbo de Mango. <\/p>\n<p class=\"com-paragraph   --s\">La declaraci\u00f3n aport\u00f3 un contexto de conflicto familiar que aliment\u00f3 las sospechas y <strong>provoc\u00f3 que Jonathan pasara de ser testigo a sospechoso en la causa<\/strong>. El caso se mantiene bajo secreto de sumario.<\/p>\n<div class=\"content-media\">\n<section role=\"button\" class=\"mod-media   \">\n<figure role=\"button\" class=\"mod-figure \"><figcaption class=\"mod-figcaption\"><span class=\"com-text --caption --twoxs\">Estefan\u00eda Knuth, \u00faltima pareja de Andic, declar\u00f3 ante la polic\u00eda sobre la mala relaci\u00f3n entre el empresario y su hijo<\/span><span class=\"com-text --credit --twoxs\">Atresmedia<\/span><\/figcaption><\/figure>\n<\/section>\n<\/div>\n<p class=\"com-paragraph   --s\">La declaraci\u00f3n de Estefan\u00eda Knuth se produjo en medio de un <strong>conflicto con los tres hijos del fundador de Mango por la herencia del empresario<\/strong>. Isak Andic pose\u00eda la quinta fortuna de Espa\u00f1a, seg\u00fan la revista <em>Forbes<\/em>, con un patrimonio estimado en <strong>4500 millones de d\u00f3lares<\/strong>. El testamento, presentado ante notario en julio de 2023, <strong>reparti\u00f3 su fortuna de forma equitativa entre sus tres hijos<\/strong>: Jonathan, Judith y Sarah.<\/p>\n<p class=\"com-paragraph   --s\">Una parte del legado se destin\u00f3 a otras personas, entre ellas Knuth. La mujer se mostr\u00f3 en desacuerdo con la cuant\u00eda fijada y <strong>consider\u00f3 que deb\u00eda percibir 70 millones de euros<\/strong>, una cifra muy superior a la establecida. Los herederos iniciaron una negociaci\u00f3n, pero <strong>no alcanzaron un acuerdo<\/strong> sobre ese monto. Con la herencia ya aceptada por los hijos, Knuth tiene la opci\u00f3n de aceptar la cifra propuesta, seguir la negociaci\u00f3n o acudir a la v\u00eda civil.<\/p>\n<div class=\"content-media\">\n<section role=\"button\" class=\"mod-media   \">\n<figure role=\"button\" class=\"mod-figure \"><figcaption class=\"mod-figcaption\"><span class=\"com-text --caption --twoxs\">El fundador de Mango falleci\u00f3 el 14 de diciembre de 2024 al precipitarse desde un acantilado en Montserrat<\/span><span class=\"com-text --credit --twoxs\">HANDOUT  &#8211; AFP <\/span><\/figcaption><\/figure>\n<\/section>\n<\/div>\n<p class=\"com-paragraph   --s\">La familia Andic emiti\u00f3 un comunicado a medios espa\u00f1oles. En el texto expresaron su confianza en que \u201c<strong>este proceso terminar\u00e1 lo antes posible y se demostrar\u00e1 la inocencia de Jonathan Andic<\/strong>\u201d. Afirmaron que continuar\u00e1n su colaboraci\u00f3n con la Justicia.<\/p>\n<p class=\"com-paragraph   --s\">Seg\u00fan el diario barcelon\u00e9s <em>La Vanguardia<\/em>, el juez de instrucci\u00f3n cambi\u00f3 formalmente la condici\u00f3n de Jonathan Andic a finales de septiembre. La polic\u00eda revisa el contenido de su tel\u00e9fono celular en busca de m\u00e1s pruebas. Durante los diez meses de investigaci\u00f3n, los pesquisas <strong>no encontraron pruebas concluyentes que lo vinculen con el fallecimiento de su padre<\/strong>. <\/p>\n<p class=\"com-paragraph   --s\"><strong>En junio, Jonathan Andic dej\u00f3 sus responsabilidades ejecutivas en Mango<\/strong> para concentrarse en la gesti\u00f3n de las empresas patrimoniales del conglomerado familiar.<\/p>\n<div class=\"content-media\">\n<section role=\"button\" class=\"mod-media   \">\n<figure role=\"button\" class=\"mod-figure \"><figcaption class=\"mod-figcaption\"><span class=\"com-text --caption --twoxs\">La fortuna de Isak Andic fue estimada por la revista Forbes en 4500 millones de d\u00f3lares<\/span><span class=\"com-text --credit --twoxs\">Getty Images<\/span><\/figcaption><\/figure>\n<\/section>\n<\/div>\n<p class=\"com-paragraph   --s\">Isak Andic Ermay naci\u00f3 en Estambul en 1953, en el seno de una familia jud\u00eda sefard\u00ed. Emigr\u00f3 a Espa\u00f1a durante su adolescencia. Sus inicios en el mundo de la moda fueron en Barcelona, donde vend\u00eda camisas que tra\u00eda de Turqu\u00eda. En 1984 abri\u00f3 su primera tienda Mango en el Paseo de Gracia de la capital catalana.<\/p>\n<p class=\"com-paragraph   --s\">La marca experiment\u00f3 una <strong>r\u00e1pida expansi\u00f3n por toda Espa\u00f1a y se convirti\u00f3 en uno de los principales grupos de moda del mundo<\/strong>. La empresa cuenta con m\u00e1s de <strong>16.400 empleados y 2700 locales<\/strong> en m\u00e1s de 110 pa\u00edses. Su modelo de negocio, similar al de su rival <em>Inditex<\/em>, propietario de <em>Zara<\/em> y <em>Bershka<\/em>, se bas\u00f3 en precios bajos, respuesta r\u00e1pida a las tendencias y una fuerte estrategia de marketing.<\/p>\n<p class=\"com-paragraph   --s\"><em>Este contenido fue producido por un equipo de LA NACION con la asistencia de la IA.<\/em><\/p>\n<section class=\"container-center-100 mb-40 border border-bottom border-thin border-neutral-light-700\"\/><\/div>\n\n","protected":false},"excerpt":{"rendered":"<p>La investigaci\u00f3n por la muerte del due\u00f1o de Mango, Isak Andic, ocurrida en diciembre de 2024, experiment\u00f3 un cambio de car\u00e1tula. La justicia catalana ahora indaga un posible homicidio y la pesquisa apunta a su hijo, Jonathan, quien lo acompa\u00f1aba durante el incidente. El fallecimiento del empresario, inicialmente considerado un accidente, se reexamina a partir [&hellip;]<\/p>\n","protected":false},"author":2,"featured_media":210710,"comment_status":"closed","ping_status":"closed","sticky":false,"template":"","format":"standard","meta":{"footnotes":""},"categories":[1],"tags":[],"class_list":["post-210709","post","type-post","status-publish","format-standard","has-post-thumbnail","hentry","category-uncategorized"],"_links":{"self":[{"href":"https:\/\/radioacuariofm.com.ar\/index.php?rest_route=\/wp\/v2\/posts\/210709","targetHints":{"allow":["GET"]}}],"collection":[{"href":"https:\/\/radioacuariofm.com.ar\/index.php?rest_route=\/wp\/v2\/posts"}],"about":[{"href":"https:\/\/radioacuariofm.com.ar\/index.php?rest_route=\/wp\/v2\/types\/post"}],"author":[{"embeddable":true,"href":"https:\/\/radioacuariofm.com.ar\/index.php?rest_route=\/wp\/v2\/users\/2"}],"replies":[{"embeddable":true,"href":"https:\/\/radioacuariofm.com.ar\/index.php?rest_route=%2Fwp%2Fv2%2Fcomments&post=210709"}],"version-history":[{"count":1,"href":"https:\/\/radioacuariofm.com.ar\/index.php?rest_route=\/wp\/v2\/posts\/210709\/revisions"}],"predecessor-version":[{"id":210711,"href":"https:\/\/radioacuariofm.com.ar\/index.php?rest_route=\/wp\/v2\/posts\/210709\/revisions\/210711"}],"wp:featuredmedia":[{"embeddable":true,"href":"https:\/\/radioacuariofm.com.ar\/index.php?rest_route=\/wp\/v2\/media\/210710"}],"wp:attachment":[{"href":"https:\/\/radioacuariofm.com.ar\/index.php?rest_route=%2Fwp%2Fv2%2Fmedia&parent=210709"}],"wp:term":[{"taxonomy":"category","embeddable":true,"href":"https:\/\/radioacuariofm.com.ar\/index.php?rest_route=%2Fwp%2Fv2%2Fcategories&post=210709"},{"taxonomy":"post_tag","embeddable":true,"href":"https:\/\/radioacuariofm.com.ar\/index.php?rest_route=%2Fwp%2Fv2%2Ftags&post=210709"}],"curies":[{"name":"wp","href":"https:\/\/api.w.org\/{rel}","templated":true}]}}