{"id":209219,"date":"2025-10-11T09:54:19","date_gmt":"2025-10-11T12:54:19","guid":{"rendered":"https:\/\/radioacuariofm.com.ar\/?p=209219"},"modified":"2025-10-11T09:54:21","modified_gmt":"2025-10-11T12:54:21","slug":"quien-fue-le-duc-tho-la-unica-persona-que-rechazo-el-nobel-de-la-paz","status":"publish","type":"post","link":"https:\/\/radioacuariofm.com.ar\/?p=209219","title":{"rendered":"Qui\u00e9n fue Le Duc Tho, la \u00fanica persona que rechaz\u00f3 el Nobel de la Paz"},"content":{"rendered":"<p> <br \/>\n<\/p>\n<div>\n<p class=\"com-paragraph   --s\"><strong>Pocos premios generan tanto respeto y admiraci\u00f3n alrededor del mundo como lo hace el <\/strong><a href=\"https:\/\/www.lanacion.com.ar\/agencias\/los-diez-ultimos-ganadores-del-premio-nobel-de-la-paz-nid10102025\/\" target=\"_self\" title=\"https:\/\/www.lanacion.com.ar\/agencias\/los-diez-ultimos-ganadores-del-premio-nobel-de-la-paz-nid10102025\/\" class=\"com-link break-word\" data-mrf-recirculation=\"n_link_parrafo\"><strong>Premio Nobel de la Paz<\/strong><\/a><strong>.<\/strong><\/p>\n<p class=\"com-paragraph   --s\">Desde que se empez\u00f3 a entregar, en 1901, el galard\u00f3n se lo llevaron activistas tan influyentes como <strong>Nelson Mandela, Martin Luther King Jr., la Madre Teresa<\/strong>, e incluso instituciones tan representativas a nivel global como el <strong>Comit\u00e9 Internacional de la Cruz Roja.<\/strong><\/p>\n<p class=\"com-paragraph   --s\">Es un premio tan codiciado que, en toda su historia, solo hubo <strong>una persona que rechaz\u00f3 recibirlo: el negociador vietnamita Le Duc Tho en 1973.<\/strong><\/p>\n<p class=\"com-paragraph   --s\">En enero de ese a\u00f1o, despu\u00e9s de m\u00e1s de 15 a\u00f1os de feroz guerra civil en Vietnam y luego de cuatro a\u00f1os de negociaciones, Le Duc Tho y el entonces secretario de Estado de EE.UU., Henry Kissinger, lograron lo que en ese momento era impensable: firmar un armisticio, conocido como los Acuerdos de Paz de Par\u00eds, con el objetivo de poner fin a la intervenci\u00f3n estadounidense en el conflicto y \u201crestaurar la paz en Vietnam\u201d.<\/p>\n<p class=\"com-paragraph   --s\">Pero al llegar octubre &#8211; mes en el que se anunci\u00f3 que Kissinger y Tho compartir\u00edan el premio &#8211; el conflicto segu\u00eda desenfrenado en todo el sudeste asi\u00e1tico, y la confianza entre las partes estaba hecha pedazos.<\/p>\n<p class=\"com-paragraph   --s\"><strong>\u201cLa paz no se ha establecido realmente en Vietnam del Sur\u201d, <\/strong>dijo Tho en respuesta al galard\u00f3n. <strong>\u201cBajo estas circunstancias, me es imposible aceptar el premio Nobel de la Paz de 1973, con el cual me ha condecorado el comit\u00e9\u201d<\/strong>.<\/p>\n<div class=\"content-media\">\n<section role=\"button\" class=\"mod-media   \">\n<figure role=\"button\" class=\"mod-figure \"><figcaption class=\"mod-figcaption\"><span class=\"com-text --caption --twoxs\">Le Duc Tho fue una pieza clave en la consolidaci\u00f3n del Partido Comunista en Vietnam<\/span><\/figcaption><\/figure>\n<\/section>\n<\/div>\n<p class=\"com-paragraph   --s\">Con esta frase, Tho se convirti\u00f3 en la primera -y hasta el momento, \u00fanica- persona en no aceptar el Premio Nobel de la Paz.<\/p>\n<h3 class=\"com-title --font-primary --l --font-extra\">Revolucionario con historia<\/h3>\n<p class=\"com-paragraph   --s\">Le Duc Tho naci\u00f3 en la <strong>provincia de Ha Nam<\/strong>, en <strong>Vietnam del Norte<\/strong>, en 1911 y estuvo involucrado desde temprana edad en actividades revolucionarias en contra de los colonizadores franceses.<\/p>\n<p class=\"com-paragraph   --s\">Ya hacia la d\u00e9cada de <strong>1930<\/strong>, Tho hab\u00eda sido una <strong>pieza fundamental para la formaci\u00f3n del Partido Comunista de Indochina<\/strong> -nombre que le daban los colonizadores franceses a la pen\u00ednsula compuesta por Vietnam, Laos, Myanmar, Tailandia y Camboya.<\/p>\n<p class=\"com-paragraph   --s\">Su rol lo hab\u00eda convertido en objetivo de los colonizadores, quienes lo apresaron en dos ocasiones: <strong>entre 1930 y 1936 y entre 1939 y 1944.<\/strong><\/p>\n<p class=\"com-paragraph   --s\">Despu\u00e9s de su <strong>liberaci\u00f3n<\/strong>, se convirti\u00f3 en un actor clave en la creaci\u00f3n del <strong>movimiento independentista Viet Minh,<\/strong> el mismo que tomar\u00eda el poder en Vietnam del Norte en 1954 con el liderazgo de Ho Chi Minh.<\/p>\n<p class=\"com-paragraph   --s\">Con la toma de Hanoi, Tho se convirti\u00f3 en una pieza clave de la <strong>insurgencia <\/strong>que lider\u00f3 los esfuerzos por derrocar al gobierno en Vietnam del Sur: oper\u00f3 durante a\u00f1os en secreto como uno de los <strong>l\u00edderes del movimiento insurgente conocido como el Viet Cong<\/strong>.<\/p>\n<div class=\"content-media\">\n<section role=\"button\" class=\"mod-media   \">\n<figure role=\"button\" class=\"mod-figure \"><figcaption class=\"mod-figcaption\"><span class=\"com-text --caption --twoxs\">Le Duc Tho fue declarado ganador del Premio Nobel de Paz, junto al ex secretario de Estado Henry Kissinger, en 1973<\/span><\/figcaption><\/figure>\n<\/section>\n<\/div>\n<p class=\"com-paragraph   --s\">Pero el rol que le traer\u00eda reconocimiento internacional lleg\u00f3 en 1969, cuando representantes de Vietnam del Norte y EE.UU. comenzaron las negociaciones de paz en Par\u00eds.<\/p>\n<h3 class=\"com-title --font-primary --l --font-extra\">Buscando la paz<\/h3>\n<p class=\"com-paragraph   --s\">Para muchos historiadores, el comienzo de 1968 marc\u00f3 un antes y un despu\u00e9s en la opini\u00f3n p\u00fablica estadounidense con respecto a la guerra en Vietnam: <strong>el a\u00f1o comenz\u00f3 con una agresiva ofensiva <\/strong>por parte de las fuerzas comunistas norvietnamitas, en conjunto con las guerrillas del Viet Cong, en gran parte del territorio de Vietnam del Sur -aliado de EE.UU.<\/p>\n<p class=\"com-paragraph   --s\">El operativo rebelde, conocido como la <strong>Ofensiva Tet <\/strong>-llamada as\u00ed porque se dio durante la celebraci\u00f3n del a\u00f1o nuevo lunar en Vietnam, que se conoce como Tet-, fue un golpe decisivo para Lyndon B. Johnson en EE.UU., un presidente al que, a pesar de haber aumentado el <strong>n\u00famero de soldados estadounidenses de 20.000 en 1963<\/strong>,<strong> a m\u00e1s de medio mill\u00f3n en 1968,<\/strong> el conflicto en Vietnam parec\u00eda estar y\u00e9ndosele de las manos.<\/p>\n<p class=\"com-paragraph   --s\">Este descontento p\u00fablico con la guerra le abri\u00f3 las puertas al candidato presidencial republicano <strong>Richard Nixon<\/strong> para prometer que \u00e9l ser\u00eda quien la acabar\u00eda, y de paso, pondr\u00eda fin a la presencia estadounidense en Vietnam.<\/p>\n<p class=\"com-paragraph   --s\">Al ganar la elecci\u00f3n en noviembre de 1968 y asumir el cargo en enero de 1969, Nixon encarg\u00f3 a su entonces asesor de <strong>Seguridad Nacional <\/strong><a href=\"https:\/\/www.lanacion.com.ar\/el-mundo\/murio-henry-kissinger-hombre-clave-en-la-diplomacia-estadounidense-en-el-siglo-pasado-nid29112023\/\" target=\"_self\" title=\"https:\/\/www.lanacion.com.ar\/el-mundo\/murio-henry-kissinger-hombre-clave-en-la-diplomacia-estadounidense-en-el-siglo-pasado-nid29112023\/\" class=\"com-link break-word\" data-mrf-recirculation=\"n_link_parrafo\"><strong>Henry Kissinger<\/strong><\/a><strong> <\/strong>que sostuviera conversaciones secretas con el gobierno comunista de Vietnam del Norte mientras las delegaciones oficiales de varios pa\u00edses se reun\u00edan para di\u00e1logos de paz en Par\u00eds.<\/p>\n<div class=\"content-media\">\n<section role=\"button\" class=\"mod-media   \">\n<figure role=\"button\" class=\"mod-figure \"><figcaption class=\"mod-figcaption\"><span class=\"com-text --caption --twoxs\">Nixon encarg\u00f3 a Kissinger que encontrara una manera de finalizar la implicaci\u00f3n de EE.UU. en Vietnam<\/span><\/figcaption><\/figure>\n<\/section>\n<\/div>\n<p class=\"com-paragraph   --s\">La contraparte norvietnamita de Kissinger fue <a href=\"https:\/\/www.lanacion.com.ar\/agencias\/hace-50-anos-un-quotfiasco-totalquot-empano-el-nobel-de-la-paz-nid06102023\/\" target=\"_self\" title=\"https:\/\/www.lanacion.com.ar\/agencias\/hace-50-anos-un-quotfiasco-totalquot-empano-el-nobel-de-la-paz-nid06102023\/\" class=\"com-link break-word\" data-mrf-recirculation=\"n_link_parrafo\">Le Duc Tho<\/a>, a quien el estadounidense de origen alem\u00e1n describi\u00f3 como <strong>\u201cun revolucionario dedicado y austero\u201d.<\/strong><\/p>\n<p class=\"com-paragraph   --s\">Las negociaciones secretas arrancaron en agosto de 1969 y, despu\u00e9s de casi cuatro a\u00f1os de charlas, en enero de 1973 alcanzaron un acuerdo que incluy\u00f3 el intercambio de prisioneros de guerra, un cese al fuego supervisado internacionalmente y un retiro definitivo de las tropas estadounidenses de Vietnam.<\/p>\n<p class=\"com-paragraph   --s\">Pero el acuerdo gener\u00f3 el rechazo del gobierno de Vietnam del Sur, aliado local de EE.UU. en el conflicto, y reaviv\u00f3 la desconfianza entre todas las partes, algo que se vio reflejado en nuevos cruentos combates y una expansi\u00f3n de las tropas del norte en el sur.<\/p>\n<h3 class=\"com-title --font-primary --l --font-extra\">El Nobel<\/h3>\n<p class=\"com-paragraph   --s\">Para cuando el <a href=\"https:\/\/www.lanacion.com.ar\/el-mundo\/quien-gano-el-premio-nobel-de-la-paz-2025-nid10102025\/\" target=\"_self\" title=\"https:\/\/www.lanacion.com.ar\/el-mundo\/quien-gano-el-premio-nobel-de-la-paz-2025-nid10102025\/\" class=\"com-link break-word\" data-mrf-recirculation=\"n_link_parrafo\">comit\u00e9 del Nobel<\/a> anunci\u00f3 que tanto <strong>Le Duc Tho <\/strong>como <strong>Henry Kissinger<\/strong> iban a ser los <strong>ganadores del premio de la paz <\/strong>el <strong>16 de octubre de 1973<\/strong>, la<strong> guerra segu\u00eda desarroll\u00e1ndose<\/strong> en grandes partes de Vietnam del Sur.<\/p>\n<p class=\"com-paragraph   --s\">Gracias a que el p\u00fablico estadounidense hab\u00eda <strong>perdido <\/strong>el <strong>apetito <\/strong>por la <strong>guerra <\/strong>y que los prisioneros de guerra hab\u00edan vuelto a sus hogares, el gobierno de Nixon empez\u00f3 a ejecutar sus planes de desmontar la presencia militar en el pa\u00eds, lo que le dio espacio a las tropas de Vietnam del Norte para continuar su avanzada hacia el sur.<\/p>\n<p class=\"com-paragraph   --s\">Pero el anuncio del premio gener\u00f3 una gran pol\u00e9mica en la comunidad internacional: ocasion\u00f3 la <strong>renuncia de dos miembros del comit\u00e9 <\/strong>encargado de seleccionar a los ganadores, y se convirti\u00f3 en el objeto de ataques de la prensa.<\/p>\n<div class=\"content-media\">\n<section role=\"button\" class=\"mod-media   \">\n<figure role=\"button\" class=\"mod-figure \"><figcaption class=\"mod-figcaption\"><span class=\"com-text --caption --twoxs\">Nueve meses despu\u00e9s de la firma del Acuerdo de Par\u00eds, Le Duc Tho y Henry Kissinger fueron nombrados Premio Nobel de la Paz 1973<\/span><\/figcaption><\/figure>\n<\/section>\n<\/div>\n<p class=\"com-paragraph   --s\">El diario <em>The New York Times<\/em>, en su p\u00e1gina editorial, se refiri\u00f3 al premio como <strong>\u201cel Premio Nobel de Guerra\u201d<\/strong>.<\/p>\n<p class=\"com-paragraph   --s\">Tho, por su lado, termin\u00f3 de avivar la pol\u00e9mica con una carta que le dirigi\u00f3 a la presidenta del comit\u00e9 del Nobel Aese Lionaes, en la que le explic\u00f3 sus razones para no recibir el premio:<\/p>\n<p class=\"com-paragraph   --s\"><strong>\u201cSer\u00e9 capaz de considerar\u201d<\/strong> aceptar el premio s\u00f3lo cuando <strong>\u201cse respete el acuerdo de Par\u00eds, se silencien las armas y se establezca la paz de verdad en Vietnam del Sur\u201d.<\/strong><\/p>\n<p class=\"com-paragraph   --s\">Para la enviada especial del diario <em>The New York Times<\/em> a cubrir las negociaciones secretas entre Kissinger y Tho, Flora Lewis, la raz\u00f3n detr\u00e1s del rechazo al premio ten\u00eda m\u00e1s que ver con la percepci\u00f3n que hab\u00eda en Vietnam del Norte sobre los Acuerdos de Par\u00eds.<\/p>\n<div class=\"content-media\">\n<section role=\"button\" class=\"mod-media   \">\n<figure role=\"button\" class=\"mod-figure \"><figcaption class=\"mod-figcaption\"><span class=\"com-text --caption --twoxs\">Para Le Duc Tho, los Acuerdos de Paris no se cumplieron a cabalidad y por eso rechaz\u00f3 el premio<\/span><\/figcaption><\/figure>\n<\/section>\n<\/div>\n<p class=\"com-paragraph   --s\"><strong>\u201cLos norvietnamitas han mantenido la posici\u00f3n consistente de que Par\u00eds no fue un acuerdo de compromisos sino una victoria sobre EE.UU. Por ello, no se puede esperar que est\u00e9n a gusto con que se le rindan honores por igual a su representante y a Kissinger, a quien sienten como el beligerante al que derrotaron\u201d<\/strong>, escribi\u00f3 la periodista.<\/p>\n<p class=\"com-paragraph   --s\">Kissinger no asisti\u00f3 a la ceremonia de entrega temiendo manifestaciones en su contra y, con la ca\u00edda de Saig\u00f3n en manos de las tropas de Vietnam del Norte en 1975, hizo un intento por devolver el Nobel que hab\u00eda <strong>\u201caceptado humildemente<\/strong>\u201d dos a\u00f1os atr\u00e1s.<\/p>\n<p class=\"com-paragraph   --s\">Lionaes fue la encargada de dar el discurso durante la ceremonia de entrega del premio, y en \u00e9l se refiri\u00f3 a la pol\u00e9mica, diciendo que el galard\u00f3n estaba dirigido a los esfuerzos por la paz, aunque estos no siempre generen los resultados esperados.<\/p>\n<p class=\"com-paragraph   --s\"><strong>\u201cAl conceder el Premio en 1973 a dos pol\u00edticos responsables que estaban en el centro de los acontecimientos, el Comit\u00e9 Noruego del Nobel subraya su convicci\u00f3n de que la soluci\u00f3n de las numerosas controversias que han llevado o pueden llevar a la guerra debe ser mediante negociaciones, no mediante una guerra total encaminada a la victoria total\u201d<\/strong>.<\/p>\n<h3 class=\"com-title --font-primary --l --font-extra\">El legado de Le Duc Tho<\/h3>\n<p class=\"com-paragraph   --s\">El legado del conflicto que arras\u00f3 Vietnam durante casi <strong>20 a\u00f1os<\/strong> y de sus protagonistas continua siendo tema de discusi\u00f3n actualmente en el pa\u00eds asi\u00e1tico.<\/p>\n<p class=\"com-paragraph   --s\">Y en medio de este an\u00e1lisis, la imagen de Le Duc Tho, un convencido de la causa comunista que lider\u00f3 el Partido Comunista de Vietnam durante casi 30 a\u00f1os, difiere un poco de lo que se conoce internacionalmente.<\/p>\n<div class=\"content-media\">\n<section role=\"button\" class=\"mod-media   \">\n<figure role=\"button\" class=\"mod-figure \"><figcaption class=\"mod-figcaption\"><span class=\"com-text --caption --twoxs\">Le Duc Tho se mantuvo como una de las figuras con mayor poder en el Partido Comunista de Vietnam<\/span><\/figcaption><\/figure>\n<\/section>\n<\/div>\n<p class=\"com-paragraph   --s\">En un panel de discusiones que sostuvo el Servicio Vietnamita de la BBC para el nacimiento n\u00famero 110 de Tho, el profesor Nguyen Dinh Cong de la Academia de Ciencias de Vietnam se refiri\u00f3 al rol del revolucionario en la vida del pa\u00eds.<\/p>\n<p class=\"com-paragraph   --s\"><strong>\u201cLa influencia de Tho en el partido fue fundamental durante los 30 a\u00f1os que dirigi\u00f3 el comit\u00e9 central de organizaci\u00f3n. \u00c9l era el \u00fanico con poder de decisi\u00f3n sobre la organizaci\u00f3n del partido y construy\u00f3 un sistema de organizaci\u00f3n que a\u00fan perdura\u201d.<\/strong><\/p>\n<div class=\"content-media\">\n<section role=\"button\" class=\"mod-media   \">\n<figure role=\"button\" class=\"mod-figure \"><figcaption class=\"mod-figcaption\"><span class=\"com-text --caption --twoxs\">El legado del conflicto que arras\u00f3 Vietnam durante casi 20 a\u00f1os y de sus protagonistas sigue siendo tema de discusi\u00f3n actualmente en el pa\u00eds asi\u00e1tico<\/span><\/figcaption><\/figure>\n<\/section>\n<\/div>\n<p class=\"com-paragraph   --s\">Hoy, casi 40 a\u00f1os despu\u00e9s de que dejara el cargo, el pa\u00eds a\u00fan est\u00e1 intentando dejar atr\u00e1s parte del legado de Tho en el partido comunista que a\u00fan gobierna Vietnam, seg\u00fan le dijo el profesor Ngo Ninh Long al panel.<\/p>\n<p class=\"com-paragraph   --s\"><strong>\u201cMuchos altos funcionarios del partido y del gobierno fueron elegidos por Le Duc Tho y sus padres, as\u00ed que, ahora que tienen poder, les ser\u00e1 dif\u00edcil democratizarse\u201d.<\/strong><\/p>\n<p class=\"com-paragraph   --s\">Su legado por fuera tambi\u00e9n sigue siendo objeto de an\u00e1lisis, al igual que los criterios que usa el comit\u00e9 del Nobel para escoger a sus ganadores en su b\u00fasqueda de cumplir con la voluntad del creador del galard\u00f3n Alfred Nobel.<\/p>\n<p class=\"com-paragraph   --s\">Este pidi\u00f3 que el premio fuera para \u201c<strong>aquellos que hayan hecho m\u00e1s o los mejores esfuerzos a favor de la fraternidad entre naciones, la abolici\u00f3n o reducci\u00f3n de ej\u00e9rcitos armados y la creaci\u00f3n y promoci\u00f3n de congresos de paz\u201d<\/strong>.<\/p>\n<p class=\"com-paragraph   --s\">*Por Rafael Abuchaibe<\/p>\n<section class=\"container-center-100 mb-40 border border-bottom border-thin border-neutral-light-700\">\n<hr\/>\n<\/section>\n<\/div>\n\n","protected":false},"excerpt":{"rendered":"<p>Pocos premios generan tanto respeto y admiraci\u00f3n alrededor del mundo como lo hace el Premio Nobel de la Paz. Desde que se empez\u00f3 a entregar, en 1901, el galard\u00f3n se lo llevaron activistas tan influyentes como Nelson Mandela, Martin Luther King Jr., la Madre Teresa, e incluso instituciones tan representativas a nivel global como el [&hellip;]<\/p>\n","protected":false},"author":2,"featured_media":209220,"comment_status":"closed","ping_status":"closed","sticky":false,"template":"","format":"standard","meta":{"footnotes":""},"categories":[1],"tags":[],"class_list":["post-209219","post","type-post","status-publish","format-standard","has-post-thumbnail","hentry","category-uncategorized"],"_links":{"self":[{"href":"https:\/\/radioacuariofm.com.ar\/index.php?rest_route=\/wp\/v2\/posts\/209219","targetHints":{"allow":["GET"]}}],"collection":[{"href":"https:\/\/radioacuariofm.com.ar\/index.php?rest_route=\/wp\/v2\/posts"}],"about":[{"href":"https:\/\/radioacuariofm.com.ar\/index.php?rest_route=\/wp\/v2\/types\/post"}],"author":[{"embeddable":true,"href":"https:\/\/radioacuariofm.com.ar\/index.php?rest_route=\/wp\/v2\/users\/2"}],"replies":[{"embeddable":true,"href":"https:\/\/radioacuariofm.com.ar\/index.php?rest_route=%2Fwp%2Fv2%2Fcomments&post=209219"}],"version-history":[{"count":1,"href":"https:\/\/radioacuariofm.com.ar\/index.php?rest_route=\/wp\/v2\/posts\/209219\/revisions"}],"predecessor-version":[{"id":209221,"href":"https:\/\/radioacuariofm.com.ar\/index.php?rest_route=\/wp\/v2\/posts\/209219\/revisions\/209221"}],"wp:featuredmedia":[{"embeddable":true,"href":"https:\/\/radioacuariofm.com.ar\/index.php?rest_route=\/wp\/v2\/media\/209220"}],"wp:attachment":[{"href":"https:\/\/radioacuariofm.com.ar\/index.php?rest_route=%2Fwp%2Fv2%2Fmedia&parent=209219"}],"wp:term":[{"taxonomy":"category","embeddable":true,"href":"https:\/\/radioacuariofm.com.ar\/index.php?rest_route=%2Fwp%2Fv2%2Fcategories&post=209219"},{"taxonomy":"post_tag","embeddable":true,"href":"https:\/\/radioacuariofm.com.ar\/index.php?rest_route=%2Fwp%2Fv2%2Ftags&post=209219"}],"curies":[{"name":"wp","href":"https:\/\/api.w.org\/{rel}","templated":true}]}}