{"id":205556,"date":"2025-09-25T15:11:04","date_gmt":"2025-09-25T18:11:04","guid":{"rendered":"https:\/\/radioacuariofm.com.ar\/?p=205556"},"modified":"2025-09-25T15:11:07","modified_gmt":"2025-09-25T18:11:07","slug":"el-principe-que-dejo-todo-por-amor-y-en-la-plenitud-de-su-vida-sufrio-un-tragico-accidente-que-reconfiguro-a-toda-una-monarquia-2","status":"publish","type":"post","link":"https:\/\/radioacuariofm.com.ar\/?p=205556","title":{"rendered":"El pr\u00edncipe que dej\u00f3 todo por amor y en la plenitud de su vida sufri\u00f3 un tr\u00e1gico accidente que reconfigur\u00f3 a toda una monarqu\u00eda"},"content":{"rendered":"<p><img decoding=\"async\" src=\"https:\/\/radioacuariofm.com.ar\/wp-content\/uploads\/2025\/09\/el-principe-johan-friso-hermano-del-rey-guillermo-5PZYT724UZHAXABEUVLMYF2K4E-2.jpg\"\/><\/p>\n<p><\/p>\n<p>La tragedia puede golpear a cualquiera, en el momento menos esperado y en las circunstancias m\u00e1s ins\u00f3litas. No hay una regla y no es algo que se pueda prever. Lo que tienen en com\u00fan es la tristeza de los que se quedan. El 17 de febrero de 2012, <strong>la realeza de los Pa\u00edses Bajos qued\u00f3 marcada a fuego<\/strong>. El pr\u00edncipe Friso, segundo hijo de la reina Beatriz y <strong>cu\u00f1ado de M\u00e1xima Zorreguieta<\/strong>, <strong>muri\u00f3 a los 44 a\u00f1os<\/strong> tras 18 meses de esfuerzos por parte de los m\u00e9dicos para salvarlo. El da\u00f1o fue demasiado extenso y el dolor que dej\u00f3 en la familia fue tan grande que oblig\u00f3 a la monarca a tomar una contundente decisi\u00f3n. El pr\u00edncipe, que este 25 de septiembre hubiese cumplido 57 a\u00f1os, era el favorito de su madre y tambi\u00e9n el m\u00e1s rebelde. <strong>Rompi\u00f3 con el mandato, las leyes y las exigencias de la corona<\/strong> y renunci\u00f3 a su derecho al trono para seguir a su coraz\u00f3n. Dej\u00f3 a dos hijas, una esposa y una familia que se reformul\u00f3 para hacerle frente a una inimaginable p\u00e9rdida. <\/p>\n<p><strong>Johan Friso Bernhard Christiaan David<\/strong> era el segundo hijo de la reina Beatriz y el pr\u00edncipe Claus, y hermano menor del actual<strong> rey Guillermo Alejandro<\/strong> y hermano mayor del<strong> pr\u00edncipe Constantino<\/strong>. Era el ni\u00f1o mimado del palacio y desde una temprana edad demostr\u00f3 que a pesar de los a\u00f1os de tradici\u00f3n, iba a imponer sus propias condiciones.<\/p>\n<figure><figcaption>El pr\u00edncipe Johan Friso, el hermano del rey Guillermo Alejandro, muri\u00f3 el 12 de agosto de 2013 a los 44 a\u00f1osInstagram.<\/figcaption><\/figure>\n<p>Decidi\u00f3 cursar sus estudios universitarios en los Estados Unidos, algo poco frecuente entre los miembros de la realeza, quienes normalmente eligen Europa. Entre 1986 y 1988 curs\u00f3 Ingenier\u00eda Mec\u00e1nica en la Facultad de Ingenier\u00eda de la<strong> Universidad de California en Berkeley<\/strong>, pero luego regres\u00f3 a Holanda para continuar su formaci\u00f3n en la Universidad Tecnol\u00f3gica de Delft donde en 1994 recibi\u00f3 su t\u00edtulo en<strong> Gesti\u00f3n de Ingenier\u00eda Aeroespacial<\/strong>. Al a\u00f1o siguiente se gradu\u00f3 de la carrera de Econom\u00eda Empresarial en la Universidad Erasmus de Rotterdam y dos a\u00f1os despu\u00e9s obtuvo un MBA en el Instituto Europeo de Administraci\u00f3n de Empresas (INSEAD) en Fontainebleau, Francia. Seg\u00fan destac\u00f3 la casa de Orange-Nassau, a lo largo de los a\u00f1os particip\u00f3 de diversas iniciativas para promover la innovaci\u00f3n y la tecnolog\u00eda. <\/p>\n<figure><figcaption>La princesa Mabel Wisse Smit y el pr\u00edncipe Friso junto a la reina M\u00e1xima y el rey Guillermo AlejandroMark Cuthbert \u2013 UK Press<\/figcaption><\/figure>\n<p>En la vida del pr\u00edncipe Friso hubo un momento bisagra:<strong> el d\u00eda en que conoci\u00f3 a Mabel Wisse Smit<\/strong>, una economista, polit\u00f3loga y activista holandesa que trabajaba para distintas fundaciones y ONGs. Parec\u00eda una relaci\u00f3n ideal y la reina Beatriz estaba encantada con tener una nuera tan aplicada y comprometida con diversas causas sociales. Pero, hab\u00eda una letra chica que reci\u00e9n sali\u00f3 a la luz en 2003, cuando el pr\u00edncipe anunci\u00f3 su compromiso. Y all\u00ed se <strong>desat\u00f3 un esc\u00e1ndalo, uno de esos que pueden fraccionar a una familia y hacer temblar a una naci\u00f3n<\/strong>.<\/p>\n<p>El parlamento debe aprobar previamente la uni\u00f3n marital de un integrante de la realeza y, en su caso, en la b\u00fasqueda de antecedentes de la novia, encontraron que durante su \u00e9poca de estudiante <strong>mantuvo un v\u00ednculo con el traficante de drogas Klaas Bruinsma, asesinado en 1991<\/strong>. El entonces primer ministro holand\u00e9s, Jan Peter Balkenende, consider\u00f3 que la pareja ocult\u00f3 informaci\u00f3n trascendental. Si bien Wisse Smit neg\u00f3 cualquier tipo de relaci\u00f3n sentimental con Bruinsma, su <strong>ingreso a la casa real fue denegado<\/strong>. Asimismo, seg\u00fan public\u00f3<em> El Pa\u00eds<\/em>, Frits Hoekstra, un esp\u00eda de los servicios secretos holandeses, relat\u00f3 en su libro <em>El servicio<\/em> que la mujer habr\u00eda colaborado con ellos en 1995.<\/p>\n<figure><figcaption>Para casarse con Mabel Wisse Smit, el pr\u00edncipe renunci\u00f3 a su derecho al trono pero mantuvo su t\u00edtulo <\/figcaption><\/figure>\n<p>La entrada El pr\u00edncipe que dej\u00f3 todo por amor y en la plenitud de su vida sufri\u00f3 un tr\u00e1gico accidente que reconfigur\u00f3 a toda una monarqu\u00eda se public\u00f3 primero en DIARIO DIGITAL MORENO MEDIOS.<\/p>\n","protected":false},"excerpt":{"rendered":"<p>La tragedia puede golpear a cualquiera, en el momento menos esperado y en las circunstancias m\u00e1s ins\u00f3litas. No hay una regla y no es algo que se pueda prever. Lo que tienen en com\u00fan es la tristeza de los que se quedan. El 17 de febrero de 2012, la realeza de los Pa\u00edses Bajos qued\u00f3 [&hellip;]<\/p>\n","protected":false},"author":2,"featured_media":205557,"comment_status":"closed","ping_status":"closed","sticky":false,"template":"","format":"standard","meta":{"footnotes":""},"categories":[33],"tags":[],"class_list":["post-205556","post","type-post","status-publish","format-standard","has-post-thumbnail","hentry","category-el-mundo"],"_links":{"self":[{"href":"https:\/\/radioacuariofm.com.ar\/index.php?rest_route=\/wp\/v2\/posts\/205556","targetHints":{"allow":["GET"]}}],"collection":[{"href":"https:\/\/radioacuariofm.com.ar\/index.php?rest_route=\/wp\/v2\/posts"}],"about":[{"href":"https:\/\/radioacuariofm.com.ar\/index.php?rest_route=\/wp\/v2\/types\/post"}],"author":[{"embeddable":true,"href":"https:\/\/radioacuariofm.com.ar\/index.php?rest_route=\/wp\/v2\/users\/2"}],"replies":[{"embeddable":true,"href":"https:\/\/radioacuariofm.com.ar\/index.php?rest_route=%2Fwp%2Fv2%2Fcomments&post=205556"}],"version-history":[{"count":1,"href":"https:\/\/radioacuariofm.com.ar\/index.php?rest_route=\/wp\/v2\/posts\/205556\/revisions"}],"predecessor-version":[{"id":205559,"href":"https:\/\/radioacuariofm.com.ar\/index.php?rest_route=\/wp\/v2\/posts\/205556\/revisions\/205559"}],"wp:featuredmedia":[{"embeddable":true,"href":"https:\/\/radioacuariofm.com.ar\/index.php?rest_route=\/wp\/v2\/media\/205557"}],"wp:attachment":[{"href":"https:\/\/radioacuariofm.com.ar\/index.php?rest_route=%2Fwp%2Fv2%2Fmedia&parent=205556"}],"wp:term":[{"taxonomy":"category","embeddable":true,"href":"https:\/\/radioacuariofm.com.ar\/index.php?rest_route=%2Fwp%2Fv2%2Fcategories&post=205556"},{"taxonomy":"post_tag","embeddable":true,"href":"https:\/\/radioacuariofm.com.ar\/index.php?rest_route=%2Fwp%2Fv2%2Ftags&post=205556"}],"curies":[{"name":"wp","href":"https:\/\/api.w.org\/{rel}","templated":true}]}}