{"id":202175,"date":"2025-09-13T00:10:19","date_gmt":"2025-09-13T03:10:19","guid":{"rendered":"https:\/\/radioacuariofm.com.ar\/?p=202175"},"modified":"2025-09-13T00:10:21","modified_gmt":"2025-09-13T03:10:21","slug":"la-onu-aprobo-una-resolucion-que-condena-a-hamas-pero-israel-la-califico-de-vergonzosa-2","status":"publish","type":"post","link":"https:\/\/radioacuariofm.com.ar\/?p=202175","title":{"rendered":"La ONU aprob\u00f3 una resoluci\u00f3n que condena a Hamas, pero Israel la calific\u00f3 de \u201cvergonzosa\u201d"},"content":{"rendered":"<p> <br \/>\n<\/p>\n<div>\n<p class=\"com-paragraph  --capital --s\">NACIONES UNIDAS.- La Asamblea General de la ONU aprob\u00f3 este viernes la llamada <strong>\u201cDeclaraci\u00f3n de Nueva York\u201d<\/strong>, un documento que busca <a href=\"https:\/\/www.lanacion.com.ar\/el-mundo\/el-cuestionado-plan-de-israel-en-cisjordania-que-busca-enterrar-la-idea-de-un-estado-palestino-nid14082025\/\" target=\"_self\" title=\"https:\/\/www.lanacion.com.ar\/el-mundo\/el-cuestionado-plan-de-israel-en-cisjordania-que-busca-enterrar-la-idea-de-un-estado-palestino-nid14082025\/\" class=\"com-link break-word\" data-mrf-recirculation=\"n_link_parrafo\"><strong>revitalizar la soluci\u00f3n de dos Estados para Israel y Palestina<\/strong><\/a> y que excluye de manera expl\u00edcita a Hamas. El texto, redactado por Francia y Arabia Saudita, obtuvo <strong>142 votos a favor, 10 en contra y 12 abstenciones<\/strong>.<\/p>\n<p class=\"com-paragraph   --s\">Entre los pa\u00edses que rechazaron la resoluci\u00f3n figuran <strong>Estados Unidos, Israel y Hungr\u00eda, adem\u00e1s de la Argentina, Paraguay, Micronesia, Tonga, Nauru, Palaos y Pap\u00faa Nueva Guinea<\/strong>. Los pa\u00edses de la Uni\u00f3n Europea (UE) votaron a favor.<\/p>\n<p class=\"com-paragraph   --s\">La declaraci\u00f3n <strong>condena de manera inequ\u00edvoca el ataque de Hamas del 7 de octubre de 2023<\/strong> \u2014que desencaden\u00f3 la guerra en Gaza\u2014 y exige la liberaci\u00f3n inmediata de los rehenes a\u00fan retenidos. \u201cCondenamos los ataques perpetrados el 7 de octubre por Ham\u00e1s contra civiles\u201d y \u201cHam\u00e1s debe deponer las armas y liberar a todos los rehenes\u201d, afirma el texto. Adem\u00e1s, establece que, con el fin de la guerra en Gaza, <strong>\u201cHamas debe cesar el ejercicio de su autoridad sobre la Franja de Gaza y entregar sus armas a la Autoridad Palestina, con el apoyo y la cooperaci\u00f3n de la comunidad internacional\u201d<\/strong>.<\/p>\n<p class=\"com-paragraph   --s\">El documento fue concebido como la <strong>antesala de la cumbre de la ONU del 22 de septiembre en Nueva York<\/strong>, copresidida por Francia y Arabia Saudita, en la que el presidente <strong>Emmanuel Macron<\/strong> prometi\u00f3 reconocer formalmente al Estado palestino. En un mensaje publicado en X, Macron celebr\u00f3 la votaci\u00f3n: \u201cJuntos, estamos sentando las bases de un camino irreversible hacia la paz en Medio Oriente\u201d.<\/p>\n<p class=\"com-paragraph   --s\">El mandatario franc\u00e9s agreg\u00f3 que \u201cotro futuro es posible. Dos pueblos, dos Estados: Israel y Palestina, viviendo uno junto al otro en paz y seguridad. \u00a1De nosotros depende implementarlo!\u201d.<\/p>\n<p class=\"com-paragraph   --s\">Israel consider\u00f3 <strong>\u201cvergonzosa\u201d<\/strong> la resoluci\u00f3n y asegur\u00f3 que <strong>alienta a Hamas a \u201ccontinuar la guerra\u201d<\/strong>.<\/p>\n<p class=\"com-paragraph   --s\">El texto, adoptado por una amplia mayor\u00eda, apoya la creaci\u00f3n de un futuro Estado palestino, pero excluye la participaci\u00f3n de Hamas en el gobierno y reclama al movimiento que entregue sus armas.<\/p>\n<p class=\"com-paragraph   --s\">\u201cIsrael rechaza categ\u00f3ricamente la decisi\u00f3n de la Asamblea General de la ONU\u201d que es una \u201cdecisi\u00f3n vergonzosa\u201d, escribi\u00f3 en X vocero del Ministerio de Relaciones Exteriores, Oren Marmorstein. \u201cLa resoluci\u00f3n no favorece una soluci\u00f3n de paz. Al contrario, alienta a Hamas a continuar la guerra\u201d, agreg\u00f3.<\/p>\n<p class=\"com-paragraph   --s\">En cambio, el vicepresidente de la Autoridad Palestina, Husein al Sheij, afirm\u00f3 que la votaci\u00f3n es <strong>\u201cun paso importante hacia el fin de la ocupaci\u00f3n\u201d<\/strong>.<\/p>\n<p class=\"com-paragraph   --s\">\u201cAcojo con satisfacci\u00f3n la adopci\u00f3n por parte de la Asamblea General de las Naciones Unidas de la resoluci\u00f3n (&#8230;) sobre la aplicaci\u00f3n de la soluci\u00f3n de dos Estados y la creaci\u00f3n de un Estado palestino independiente\u201d, escribi\u00f3 Al Sheij en X.<\/p>\n<p class=\"com-paragraph   --s\">\u201cEsta resoluci\u00f3n expresa la voluntad internacional a favor de los derechos de nuestro pueblo y constituye un paso importante hacia el fin de la ocupaci\u00f3n y la concreci\u00f3n de nuestro Estado independiente sobre las fronteras de 1967, con Jerusal\u00e9n Este como capital\u201d, a\u00f1adi\u00f3 en relaci\u00f3n a la guerra en la que Israel tom\u00f3 varios territorios, incluidos Cisjordania y Gaza.<\/p>\n<p class=\"com-paragraph   --s\">El voto de la Asamblea General supone un <strong>giro tras casi dos a\u00f1os de cr\u00edticas israel\u00edes a Naciones Unidas por no haber condenado de manera clara a Hamas<\/strong>. Para Richard Gowan, analista del International Crisis Group, el hecho de que la ONU apruebe un texto que responsabiliza directamente al grupo terrorista \u201ces significativo\u201d, aunque Israel lo considere <strong>\u201cdemasiado poco y demasiado tarde\u201d<\/strong>. No obstante, se\u00f1al\u00f3 que el documento brinda a los pa\u00edses que apoyan a los palestinos un argumento frente a las cr\u00edticas de Israel, al demostrar que no respaldan a Hamas.<\/p>\n<p class=\"com-paragraph   --s\">Estados Unidos calific\u00f3 la votaci\u00f3n como<strong> \u201cotra maniobra publicitaria err\u00f3nea e inoportuna\u201d <\/strong>que socava los esfuerzos diplom\u00e1ticos para poner fin al conflicto.<\/p>\n<p class=\"com-paragraph   --s\">La declaraci\u00f3n tambi\u00e9n exige el <strong>fin inmediato de la guerra en Gaza y aboga por una soluci\u00f3n justa<\/strong>, pac\u00edfica y duradera del conflicto israelo-palestino, basada en la aplicaci\u00f3n efectiva de la soluci\u00f3n de dos Estados, posici\u00f3n que la Asamblea General ha reiterado hist\u00f3ricamente.<\/p>\n<p class=\"com-paragraph   --s\">En previsi\u00f3n de un eventual alto el fuego, el texto contempla <strong>el despliegue de una misi\u00f3n internacional temporal de estabilizaci\u00f3n en Gaza<\/strong>, bajo mandato del Consejo de Seguridad, con el objetivo de proteger a la poblaci\u00f3n, fortalecer las instituciones palestinas y ofrecer garant\u00edas de seguridad tanto a Palestina como a Israel.<\/p>\n<div class=\"content-media\">\n<section role=\"button\" class=\"mod-media   \">\n<figure role=\"button\" class=\"mod-figure \"><figcaption class=\"mod-figcaption\"><span class=\"com-text --caption --twoxs\">Humo y llamas se elevan tras un ataque militar israel\u00ed contra un edificio en la ciudad de Gaza, el viernes 12 de septiembre de 2025.<\/span><span class=\"com-text --credit --twoxs\">Yousef Al Zanoun  &#8211; AP <\/span><\/figcaption><\/figure>\n<\/section>\n<\/div>\n<p class=\"com-paragraph   --s\">Hoy, <strong>cerca de tres cuartas partes de los 193 Estados miembros de la ONU reconocen al Estado palestino proclamado en 1988<\/strong>. Sin embargo, tras casi dos a\u00f1os de guerra en Gaza, la expansi\u00f3n de los asentamientos en Cisjordania y las intenciones de sectores del gobierno israel\u00ed de anexar ese territorio ocupado, crece el temor de que la creaci\u00f3n de un Estado palestino independiente sea cada vez m\u00e1s inviable.<\/p>\n<p class=\"com-paragraph   --s\">El primer ministro israel\u00ed, <strong>Benjamin Netanyahu<\/strong>, lo reiter\u00f3 el jueves con contundencia: <strong>\u201cNo habr\u00e1 un Estado palestino\u201d<\/strong>. En la misma l\u00ednea, Estados Unidos adelant\u00f3 que el presidente palestino Mahmoud Abbas no recibir\u00e1 visa para viajar a Nueva York y participar en la Asamblea General.<\/p>\n<p class=\"com-paragraph   --s\"><strong>Agencias AFP y ANSA<\/strong><\/p>\n<section class=\"container-center-100 mb-40 border border-bottom border-thin border-neutral-light-700\">\n<hr\/>\n<\/section>\n<\/div>\n\n","protected":false},"excerpt":{"rendered":"<p>NACIONES UNIDAS.- La Asamblea General de la ONU aprob\u00f3 este viernes la llamada \u201cDeclaraci\u00f3n de Nueva York\u201d, un documento que busca revitalizar la soluci\u00f3n de dos Estados para Israel y Palestina y que excluye de manera expl\u00edcita a Hamas. El texto, redactado por Francia y Arabia Saudita, obtuvo 142 votos a favor, 10 en contra [&hellip;]<\/p>\n","protected":false},"author":2,"featured_media":202176,"comment_status":"closed","ping_status":"closed","sticky":false,"template":"","format":"standard","meta":{"footnotes":""},"categories":[1],"tags":[],"class_list":["post-202175","post","type-post","status-publish","format-standard","has-post-thumbnail","hentry","category-uncategorized"],"_links":{"self":[{"href":"https:\/\/radioacuariofm.com.ar\/index.php?rest_route=\/wp\/v2\/posts\/202175","targetHints":{"allow":["GET"]}}],"collection":[{"href":"https:\/\/radioacuariofm.com.ar\/index.php?rest_route=\/wp\/v2\/posts"}],"about":[{"href":"https:\/\/radioacuariofm.com.ar\/index.php?rest_route=\/wp\/v2\/types\/post"}],"author":[{"embeddable":true,"href":"https:\/\/radioacuariofm.com.ar\/index.php?rest_route=\/wp\/v2\/users\/2"}],"replies":[{"embeddable":true,"href":"https:\/\/radioacuariofm.com.ar\/index.php?rest_route=%2Fwp%2Fv2%2Fcomments&post=202175"}],"version-history":[{"count":1,"href":"https:\/\/radioacuariofm.com.ar\/index.php?rest_route=\/wp\/v2\/posts\/202175\/revisions"}],"predecessor-version":[{"id":202177,"href":"https:\/\/radioacuariofm.com.ar\/index.php?rest_route=\/wp\/v2\/posts\/202175\/revisions\/202177"}],"wp:featuredmedia":[{"embeddable":true,"href":"https:\/\/radioacuariofm.com.ar\/index.php?rest_route=\/wp\/v2\/media\/202176"}],"wp:attachment":[{"href":"https:\/\/radioacuariofm.com.ar\/index.php?rest_route=%2Fwp%2Fv2%2Fmedia&parent=202175"}],"wp:term":[{"taxonomy":"category","embeddable":true,"href":"https:\/\/radioacuariofm.com.ar\/index.php?rest_route=%2Fwp%2Fv2%2Fcategories&post=202175"},{"taxonomy":"post_tag","embeddable":true,"href":"https:\/\/radioacuariofm.com.ar\/index.php?rest_route=%2Fwp%2Fv2%2Ftags&post=202175"}],"curies":[{"name":"wp","href":"https:\/\/api.w.org\/{rel}","templated":true}]}}