{"id":202053,"date":"2025-09-12T16:09:55","date_gmt":"2025-09-12T19:09:55","guid":{"rendered":"https:\/\/radioacuariofm.com.ar\/?p=202053"},"modified":"2025-09-12T16:09:57","modified_gmt":"2025-09-12T19:09:57","slug":"educacion-amplia-el-ofrecimiento-de-cargos-vacantes-de-supervision-escolar-2","status":"publish","type":"post","link":"https:\/\/radioacuariofm.com.ar\/?p=202053","title":{"rendered":"Educaci\u00f3n ampl\u00eda el ofrecimiento de cargos vacantes de supervisi\u00f3n escolar"},"content":{"rendered":"<p><img decoding=\"async\" src=\"https:\/\/radioacuariofm.com.ar\/wp-content\/uploads\/2025\/09\/c8aa6ed0b4906e16c875a903db3b4747_L-2.jpg\"\/>  <\/p>\n<p>El Ministerio de Educaci\u00f3n, a trav\u00e9s de la Junta de Clasificaci\u00f3n Docente Rama Primaria, informa a la comunidad educativa que ampl\u00eda el ofrecimiento de cargos vacantes, convocando a cubrir cuatro cargos de Supervisi\u00f3n Escolar, conforme al siguiente listado:<\/p>\n<p><strong>Supervisi\u00f3n escolar de educaci\u00f3n primaria<\/strong><\/p>\n<p>-Orden 1. Car\u00e1cter interino. Zona 17. Radio 2. Turno: Ma\u00f1ana y Tarde. Motivo de la vacante: traslado de Luisa Aida Molina (T), Resoluci\u00f3n N\u00b0 3227-ME-2020; y jubilaci\u00f3n de Miryam Beatriz Rosales (I), Resoluci\u00f3n N\u00b0 17428-ME-2025.<\/p>\n<p>-Orden 2. Car\u00e1cter interino. Zona 26. Radio 6. Turno: Ma\u00f1ana y Tarde. Motivo de la vacante: jubilaci\u00f3n de Nancy Jacqueline Mor\u00e1n (T), Resoluci\u00f3n N\u00b0 15487-ME-2025.<\/p>\n<p><strong>Supervisi\u00f3n escolar de educaci\u00f3n inicial<\/strong><\/p>\n<p>-Orden 1. Car\u00e1cter interino. Zona 5. Radio 2. Turno: ma\u00f1ana y tarde. Motivo de la vacante: Creaci\u00f3n, Resoluci\u00f3n N\u00b0 5097-ME-2015, Resoluci\u00f3n N\u00b0 8666-ME-2015 y Resoluci\u00f3n N\u00b0 9814-ME-2015; y jubilaci\u00f3n de Marcela Elisa Fagale (I), Resoluci\u00f3n N\u00b0 17429-ME-2025.<\/p>\n<p>-Orden2. Car\u00e1cter interino. Zona 12. Radio 6. Turno: Ma\u00f1ana y Tarde. Motivo de la vacante: jubilaci\u00f3n de Myriam Susana Radi (T), Resoluci\u00f3n N\u00b0 3067-ME-2020 y Resoluci\u00f3n N\u00b0 6444-ME-2020; y jubilaci\u00f3n de Mariela del Carmen Penisi (I), Resoluci\u00f3n N\u00b0 17688-ME-2025.<\/p>\n<p>El acto de ofrecimiento de cargos se llevar\u00e1 a cabo en la sede de Junta de Clasificaci\u00f3n Rama Primaria, en calle Tucum\u00e1n 75 Norte, Capital, el 16 de septiembre de 2025, a las 13.<\/p>\n<p>La entrada Educaci\u00f3n ampl\u00eda el ofrecimiento de cargos vacantes de supervisi\u00f3n escolar se public\u00f3 primero en DIARIO DIGITAL MORENO MEDIOS.<\/p>\n","protected":false},"excerpt":{"rendered":"<p>El Ministerio de Educaci\u00f3n, a trav\u00e9s de la Junta de Clasificaci\u00f3n Docente Rama Primaria, informa a la comunidad educativa que ampl\u00eda el ofrecimiento de cargos vacantes, convocando a cubrir cuatro cargos de Supervisi\u00f3n Escolar, conforme al siguiente listado: Supervisi\u00f3n escolar de educaci\u00f3n primaria -Orden 1. Car\u00e1cter interino. Zona 17. Radio 2. Turno: Ma\u00f1ana y Tarde. [&hellip;]<\/p>\n","protected":false},"author":2,"featured_media":202054,"comment_status":"closed","ping_status":"closed","sticky":false,"template":"","format":"standard","meta":{"footnotes":""},"categories":[27],"tags":[],"class_list":["post-202053","post","type-post","status-publish","format-standard","has-post-thumbnail","hentry","category-san-juan"],"_links":{"self":[{"href":"https:\/\/radioacuariofm.com.ar\/index.php?rest_route=\/wp\/v2\/posts\/202053","targetHints":{"allow":["GET"]}}],"collection":[{"href":"https:\/\/radioacuariofm.com.ar\/index.php?rest_route=\/wp\/v2\/posts"}],"about":[{"href":"https:\/\/radioacuariofm.com.ar\/index.php?rest_route=\/wp\/v2\/types\/post"}],"author":[{"embeddable":true,"href":"https:\/\/radioacuariofm.com.ar\/index.php?rest_route=\/wp\/v2\/users\/2"}],"replies":[{"embeddable":true,"href":"https:\/\/radioacuariofm.com.ar\/index.php?rest_route=%2Fwp%2Fv2%2Fcomments&post=202053"}],"version-history":[{"count":1,"href":"https:\/\/radioacuariofm.com.ar\/index.php?rest_route=\/wp\/v2\/posts\/202053\/revisions"}],"predecessor-version":[{"id":202056,"href":"https:\/\/radioacuariofm.com.ar\/index.php?rest_route=\/wp\/v2\/posts\/202053\/revisions\/202056"}],"wp:featuredmedia":[{"embeddable":true,"href":"https:\/\/radioacuariofm.com.ar\/index.php?rest_route=\/wp\/v2\/media\/202054"}],"wp:attachment":[{"href":"https:\/\/radioacuariofm.com.ar\/index.php?rest_route=%2Fwp%2Fv2%2Fmedia&parent=202053"}],"wp:term":[{"taxonomy":"category","embeddable":true,"href":"https:\/\/radioacuariofm.com.ar\/index.php?rest_route=%2Fwp%2Fv2%2Fcategories&post=202053"},{"taxonomy":"post_tag","embeddable":true,"href":"https:\/\/radioacuariofm.com.ar\/index.php?rest_route=%2Fwp%2Fv2%2Ftags&post=202053"}],"curies":[{"name":"wp","href":"https:\/\/api.w.org\/{rel}","templated":true}]}}