{"id":202050,"date":"2025-09-12T16:00:43","date_gmt":"2025-09-12T19:00:43","guid":{"rendered":"https:\/\/radioacuariofm.com.ar\/?p=202050"},"modified":"2025-09-12T16:00:44","modified_gmt":"2025-09-12T19:00:44","slug":"tras-el-derribo-de-drones-rusos-en-polonia-la-otan-lanza-una-operacion-para-reforzar-las-fronteras-del-este-de-europa","status":"publish","type":"post","link":"https:\/\/radioacuariofm.com.ar\/?p=202050","title":{"rendered":"Tras el derribo de drones rusos en Polonia, la OTAN lanza una operaci\u00f3n para reforzar las fronteras del este de Europa"},"content":{"rendered":"<p> <br \/>\n<\/p>\n<div>\n<p class=\"com-paragraph  --capital --s\">BRUSELAS.- <strong>La OTAN reforzar\u00e1 sus defensas en el flanco oriental de Europa <\/strong>despu\u00e9s de <a href=\"https:\/\/www.lanacion.com.ar\/el-mundo\/que-se-sabe-del-derribo-de-drones-rusos-en-polonia-y-por-que-marca-un-punto-de-inflexion-para-la-nid10092025\/\" target=\"_self\" title=\"https:\/\/www.lanacion.com.ar\/el-mundo\/que-se-sabe-del-derribo-de-drones-rusos-en-polonia-y-por-que-marca-un-punto-de-inflexion-para-la-nid10092025\/\" class=\"com-link break-word\" data-mrf-recirculation=\"n_link_parrafo\">la intrusi\u00f3n esta semana de drones rusos <\/a>en el espacio a\u00e9reo de Polonia, anunci\u00f3 el viernes el secretario general de la organizaci\u00f3n, <strong>Mark Rutte, <\/strong>el mismo d\u00eda en que <strong>Rusia y Bielorrusia lanzaron un ejercicio militar conjunto planificado <\/strong>y que gener\u00f3 nuevamente preocupaci\u00f3n en Occidente.<\/p>\n<p class=\"com-paragraph   --s\">La OTAN anunci\u00f3 este viernes <strong>el lanzamiento de la operaci\u00f3n \u201cCentinela oriental\u201d <\/strong>para reforzar \u201ctodav\u00eda m\u00e1s\u201d la defensa de las fronteras este de Europa, al final de una semana en que <strong>la alianza transatl\u00e1ntica despleg\u00f3 aviones de combate para derribar drones rusos por primera vez desde el inicio de la guerra en Ucrania, <\/strong>hace tres a\u00f1os y medio.<\/p>\n<p class=\"com-paragraph   --s\">\u201c<strong>No podemos permitir que <\/strong><a href=\"https:\/\/www.lanacion.com.ar\/el-mundo\/polonia-derribo-al-menos-10-drones-de-rusia-que-violaron-su-espacio-aereo-nid10092025\/\" target=\"_self\" title=\"https:\/\/www.lanacion.com.ar\/el-mundo\/polonia-derribo-al-menos-10-drones-de-rusia-que-violaron-su-espacio-aereo-nid10092025\/\" class=\"com-link break-word\" data-mrf-recirculation=\"n_link_parrafo\"><strong>drones rusos entren en el espacio a\u00e9reo aliado<\/strong><\/a>\u201d, dijo Rutte, y precis\u00f3 que la operaci\u00f3n militar \u201cempezar\u00e1 en los pr\u00f3ximos d\u00edas e implicar\u00e1 una serie de activos de aliados, incluyendo <strong>Dinamarca, Francia, Reino Unido y Alemania<\/strong>\u201d.<\/p>\n<div class=\"content-media\">\n<section role=\"button\" class=\"mod-media   \">\n<figure role=\"button\" class=\"mod-figure \"><figcaption class=\"mod-figcaption\"><span class=\"com-text --caption --twoxs\">En esta imagen, tomada de un video, la Polic\u00eda y la Polic\u00eda Militar aseguran partes de un objeto da\u00f1ado derribado por las autoridades polacas en un sitio en Wohyn, Polonia, el mi\u00e9rcoles 10 de septiembre de 2025<\/span><span class=\"com-text --credit --twoxs\">Rafal Niedzielski  &#8211; AP <\/span><\/figcaption><\/figure>\n<\/section>\n<\/div>\n<p class=\"com-paragraph   --s\">El jefe de la alianza dijo que estos refuerzos incluir\u00e1n <strong>\u201cm\u00e1s capacidades militares tradicionales\u201d <\/strong>y \u201celementos dise\u00f1ados para enfrentar los desaf\u00edos particulares asociados con el uso de drones\u201d.<\/p>\n<p class=\"com-paragraph   --s\">Rutte explic\u00f3 que la OTAN todav\u00eda eval\u00faa si Rusia viol\u00f3 intencionalmente o no el espacio a\u00e9reo de Polonia. Pero en cualquier caso <strong>\u201ces temerario e inaceptable\u201d, <\/strong>sentenci\u00f3.<\/p>\n<p class=\"com-paragraph   --s\">Junto a Rutte, el m\u00e1ximo comandante de la OTAN en Europa, el general estadounidense <strong>Alexus Grynkewich<\/strong>, afirm\u00f3 que el incidente en Polonia \u201ctrasciende las fronteras de una naci\u00f3n\u201d. <strong>\u201cLo que afecta a un aliado nos afecta a todos\u201d, <\/strong>asegur\u00f3.<\/p>\n<p class=\"com-paragraph   --s\">Aunque la OTAN celebr\u00f3 como un \u00e9xito su respuesta a la incursi\u00f3n de los drones, tambi\u00e9n emergieron cuestiones sobre por qu\u00e9 solo una parte de los aparatos que penetraron el espacio a\u00e9reo polaco pudieron ser derribados.<\/p>\n<div class=\"content-media\">\n<section role=\"button\" class=\"mod-media   \">\n<figure role=\"button\" class=\"mod-figure \"><figcaption class=\"mod-figcaption\"><span class=\"com-text --caption --twoxs\">El Secretario General de la OTAN, Mark Rutte, y el comandante supremo aliado de la OTAN en Europa, general Alexus G. Grynkewich, hablan durante una rueda de prensa conjunta <\/span><span class=\"com-text --credit --twoxs\">SIMON WOHLFAHRT  &#8211; AFP <\/span><\/figcaption><\/figure>\n<\/section>\n<\/div>\n<p class=\"com-paragraph   --s\">\u201cSiempre buscamos formas de mejorar, de aprender del <strong>m\u00e1s peque\u00f1o de los errores t\u00e1cticos<\/strong>\u201d, afirm\u00f3 el general estadounidense. \u201cLa escala de la incursi\u00f3n del otro d\u00eda fue obviamente mayor que las incursiones previas que hab\u00edamos tenido. Aportar recursos adicionales para lidiar con este problema ayudar\u00e1 a resolverlo\u201d, agreg\u00f3.<\/p>\n<p class=\"com-paragraph   --s\">El ministro de Defensa polaco, Wladyslaw Kosiniak-Kamysz, agradeci\u00f3 a la OTAN su \u201cacci\u00f3n y decisiones contundentes en respuesta a la agresiva pol\u00edtica de Rusia\u201d. El nuevo despliegue \u201cno es solo una decisi\u00f3n estrat\u00e9gica\u201d, sino <strong>\u201cuna expresi\u00f3n de responsabilidad para la seguridad de todo el flanco oriental de la alianza\u201d, <\/strong>consider\u00f3.<\/p>\n<p class=\"com-paragraph   --s\">Del otro lado, <strong>Rusia y Bielorrusia <\/strong>lanzaron ejercicios militares conjuntos planificados desde hace tiempo que involucra a miles de tropas bajo el nombre \u201cZapad 2025\u201d (u <strong>\u201cOccidente 2025\u201d<\/strong>), que durar\u00e1n hasta el martes. Con ellos, pretenden mostrar los <strong>estrechos lazos de defensa entre Mosc\u00fa y Minsk, <\/strong>as\u00ed como el poder\u00edo militar del Kremlin.<\/p>\n<p class=\"com-paragraph   --s\">Los ejercicios tambi\u00e9n <strong>despertaron preocupaciones en Kiev y sus aliados occidentales de Letonia, Lituania y Polonia, <\/strong>que limitan con Bielorrusia. <\/p>\n<div class=\"content-media\">\n<section role=\"button\" class=\"mod-media   \">\n<figure role=\"button\" class=\"mod-figure \"><figcaption class=\"mod-figcaption\"><span class=\"com-text --caption --twoxs\">Una foto de archivo tomada el 25 de agosto de 2025 muestra a guardias fronterizos polacos asegurando la zona de la valla fronteriza entre Polonia y Bielorrusia en Krynki, al este de Polonia<\/span><span class=\"com-text --credit --twoxs\">JANEK SKARZYNSKI  &#8211; AFP <\/span><\/figcaption><\/figure>\n<\/section>\n<\/div>\n<p class=\"com-paragraph   --s\">Cuando el presidente ruso Vladimir Putin envi\u00f3 tropas a Ucrania el 24 de febrero de 2022, muchas de ellas <strong>cruzaron desde Bielorrusia tras ejercicios conjuntos d\u00edas antes del ataque.<\/strong><\/p>\n<p class=\"com-paragraph   --s\">Inicialmente, las autoridades de defensa bielorrusas resaltaron que alrededor de <strong>13.000 tropas <\/strong>participar\u00e1n en el ejercicio que se llevar\u00e1 a cabo cerca de su frontera occidental. Sin embargo, en mayo, su Ministerio de Defensa anunci\u00f3 que el n\u00famero se reducir\u00e1 casi a la mitad y que <strong>las principales maniobras se llevar\u00e1n a cabo m\u00e1s adentro del pa\u00eds.<\/strong><\/p>\n<p class=\"com-paragraph   --s\">En Mosc\u00fa, el Ministerio de Defensa aclar\u00f3 el viernes que partes del ejercicio se llevar\u00e1n a cabo <strong>en territorio ruso, <\/strong>as\u00ed como en los mares B\u00e1ltico y de Barents.<\/p>\n<p class=\"com-paragraph   --s\">El mes pasado, el ministro de Defensa bielorruso, Viktor Khrenin, dijo que la mayor\u00eda de los ejercicios se realizar\u00e1n alrededor de la ciudad de Barysaw, a unos 74 kil\u00f3metros al noreste de Minsk, aunque algunas \u201cpeque\u00f1as unidades llevar\u00e1n a cabo tareas pr\u00e1cticas para repeler a un enemigo hipot\u00e9tico\u201d <strong>en \u00e1reas cercanas a la frontera con Polonia y Lituania.<\/strong><\/p>\n<div class=\"content-media\">\n<section role=\"button\" class=\"mod-media   \">\n<figure role=\"button\" class=\"mod-figure \"><figcaption class=\"mod-figcaption\"><span class=\"com-text --caption --twoxs\">El presidente ruso Vladimir Putin junto a su hom\u00f3logo bielorruso Alexander Lukashenko, el viernes 1 de agosto de 2025<\/span><span class=\"com-text --credit --twoxs\">Gavriil Grigorov &#8211; Pool Sputnik Kremlin<\/span><\/figcaption><\/figure>\n<\/section>\n<\/div>\n<p class=\"com-paragraph   --s\">Khrenin se\u00f1al\u00f3 que las tropas practicar\u00e1n <strong>\u201cla planificaci\u00f3n del uso de\u201d armas nucleares rusas y los nuevos misiles de alcance intermedio Oreshnik <\/strong>con capacidad nuclear que Mosc\u00fa ha prometido estacionar en Bielorrusia.<\/p>\n<p class=\"com-paragraph   --s\">En diciembre, Rusia y Bielorrusia firmaron un pacto que otorga garant\u00edas de seguridad de Mosc\u00fa a su aliado, incluido el posible uso de armas nucleares rusas para ayudar a repeler cualquier agresi\u00f3n.<\/p>\n<p class=\"com-paragraph   --s\">El presidente de Bielorrusia, <strong>Alexander Lukashenko, <\/strong>permiti\u00f3 que <strong>Rusia despliegue algunas de sus armas nucleares t\u00e1cticas en su pa\u00eds. <\/strong>El aliado de Putin tambi\u00e9n propuso albergar el \u00faltimo misil bal\u00edstico de alcance intermedio Oreshnik de Rusia que Mosc\u00fa utiliz\u00f3 por primera vez en noviembre contra Ucrania.<\/p>\n<p class=\"com-paragraph   --s\">Putin dijo que <strong>los misiles Oreshnik podr\u00edan desplegarse en Bielorrusia en la segunda mitad de 2025, <\/strong>y a\u00f1adi\u00f3 que permanecer\u00e1n <strong>bajo control ruso, <\/strong>pero Mosc\u00fa permitir\u00e1 a Minsk seleccionar objetivos.<\/p>\n<p class=\"com-paragraph   --s\">Bielorrusia tambi\u00e9n envi\u00f3 invitaciones formales a todos los estados miembros de la Organizaci\u00f3n para la Seguridad y la Cooperaci\u00f3n en Europa y a nueve pa\u00edses con agregados militares de la OTAN en Minsk para <strong>monitorear los ejercicios.<\/strong><\/p>\n<p class=\"com-paragraph   --s\">Lukashenko, quien gobierna Bielorrusia con mano de hierro desde hace m\u00e1s de 30 a\u00f1os, recientemente se\u00f1al\u00f3 su disposici\u00f3n a mejorar su relaci\u00f3n con Occidente, que ha estado gravemente deteriorada durante a\u00f1os debido a su brutal represi\u00f3n de la disidencia y su apoyo a la guerra de Rusia en Ucrania.<\/p>\n<p class=\"com-paragraph   --s\">El a\u00f1o pasado orden\u00f3 liberaciones regulares de prisioneros pol\u00edticos y lanz\u00f3 llamados p\u00fablicos a un acercamiento con Occidente. El mes pasado, <strong>Lukashenko habl\u00f3 por tel\u00e9fono con Trump, <\/strong>quien lo llam\u00f3 un \u201cpresidente altamente respetado\u201d en una publicaci\u00f3n en redes sociales, un marcado contraste con otros l\u00edderes occidentales, que en su mayor\u00eda evitan al bielorruso.<\/p>\n<p class=\"com-paragraph   --s\">El jueves, Bielorrusia liber\u00f3 a 52 prisioneros pol\u00edticos como parte de un acuerdo negociado por Estados Unidos, que levant\u00f3 algunas sanciones a la aerol\u00ednea nacional del pa\u00eds.<\/p>\n<p class=\"com-paragraph   --s\"><strong>Agencias AP y AFP<\/strong><\/p>\n<section class=\"container-center-100 mb-40 border border-bottom border-thin border-neutral-light-700\">\n<hr\/>\n<\/section>\n<\/div>\n\n","protected":false},"excerpt":{"rendered":"<p>BRUSELAS.- La OTAN reforzar\u00e1 sus defensas en el flanco oriental de Europa despu\u00e9s de la intrusi\u00f3n esta semana de drones rusos en el espacio a\u00e9reo de Polonia, anunci\u00f3 el viernes el secretario general de la organizaci\u00f3n, Mark Rutte, el mismo d\u00eda en que Rusia y Bielorrusia lanzaron un ejercicio militar conjunto planificado y que gener\u00f3 [&hellip;]<\/p>\n","protected":false},"author":2,"featured_media":202051,"comment_status":"closed","ping_status":"closed","sticky":false,"template":"","format":"standard","meta":{"footnotes":""},"categories":[1],"tags":[],"class_list":["post-202050","post","type-post","status-publish","format-standard","has-post-thumbnail","hentry","category-uncategorized"],"_links":{"self":[{"href":"https:\/\/radioacuariofm.com.ar\/index.php?rest_route=\/wp\/v2\/posts\/202050","targetHints":{"allow":["GET"]}}],"collection":[{"href":"https:\/\/radioacuariofm.com.ar\/index.php?rest_route=\/wp\/v2\/posts"}],"about":[{"href":"https:\/\/radioacuariofm.com.ar\/index.php?rest_route=\/wp\/v2\/types\/post"}],"author":[{"embeddable":true,"href":"https:\/\/radioacuariofm.com.ar\/index.php?rest_route=\/wp\/v2\/users\/2"}],"replies":[{"embeddable":true,"href":"https:\/\/radioacuariofm.com.ar\/index.php?rest_route=%2Fwp%2Fv2%2Fcomments&post=202050"}],"version-history":[{"count":1,"href":"https:\/\/radioacuariofm.com.ar\/index.php?rest_route=\/wp\/v2\/posts\/202050\/revisions"}],"predecessor-version":[{"id":202052,"href":"https:\/\/radioacuariofm.com.ar\/index.php?rest_route=\/wp\/v2\/posts\/202050\/revisions\/202052"}],"wp:featuredmedia":[{"embeddable":true,"href":"https:\/\/radioacuariofm.com.ar\/index.php?rest_route=\/wp\/v2\/media\/202051"}],"wp:attachment":[{"href":"https:\/\/radioacuariofm.com.ar\/index.php?rest_route=%2Fwp%2Fv2%2Fmedia&parent=202050"}],"wp:term":[{"taxonomy":"category","embeddable":true,"href":"https:\/\/radioacuariofm.com.ar\/index.php?rest_route=%2Fwp%2Fv2%2Fcategories&post=202050"},{"taxonomy":"post_tag","embeddable":true,"href":"https:\/\/radioacuariofm.com.ar\/index.php?rest_route=%2Fwp%2Fv2%2Ftags&post=202050"}],"curies":[{"name":"wp","href":"https:\/\/api.w.org\/{rel}","templated":true}]}}