{"id":200285,"date":"2025-09-08T10:00:15","date_gmt":"2025-09-08T13:00:15","guid":{"rendered":"https:\/\/radioacuariofm.com.ar\/?p=200285"},"modified":"2025-09-08T10:00:16","modified_gmt":"2025-09-08T13:00:16","slug":"se-realizo-una-feria-para-celebrar-el-aporte-de-los-inmigrantes","status":"publish","type":"post","link":"https:\/\/radioacuariofm.com.ar\/?p=200285","title":{"rendered":"Se realiz\u00f3 una feria para celebrar el aporte de los inmigrantes"},"content":{"rendered":"<p><\/p>\n<div>\n<p>El Festival del Inmigrante, evento organizado por el Ministerio de Gobierno, junto al Ministerio de Turismo, Cultura y Deporte y el Ministerio de Producci\u00f3n, Trabajo e Innovaci\u00f3n llevaron el color, sabor, m\u00fasica e historia de diversos pa\u00edses a la sociedad sanjuanina, con espacios culturales y gastron\u00f3micos, espect\u00e1culos musicales y la Muestra del D\u00eda del Inmigrante.<\/p>\n<div class=\"embera-embed-responsive embera-embed-responsive-photo embera-embed-responsive-provider-flickr\"><a data-flickr-embed=\"true\" href=\"https:\/\/www.flickr.com\/photos\/gobiernodesanjuan\/54773588148\/\" title=\"2025-09-08 GOBIERNO San Juan celebr\u00f3 el aporte de los inmigrantes by Gobierno de San Juan, on Flickr\"><\/a><\/div>\n<p>La jornada tuvo la participaci\u00f3n de delegaciones de Alemania, Argentina, Bolivia, Chile, Espa\u00f1a, Italia, Jap\u00f3n, L\u00edbano, Per\u00fa, Polonia, Venezuela, China, Rusia, Brasil y Siria; adem\u00e1s de la presencia de instituciones y organismos como Cruz Roja, Defensa Civil y el Instituto de Investigaciones  Ling\u00fc\u00edsticas y Filos\u00f3ficas de la FFHH &#8211; UNSJ.<\/p>\n<p>Por su parte el Archivo General de la Provincia realiz\u00f3 una muestra destacando los aspectos m\u00e1s importantes de los pa\u00edses participantes. <\/p>\n<div class=\"embera-embed-responsive embera-embed-responsive-photo embera-embed-responsive-provider-flickr\"><a data-flickr-embed=\"true\" href=\"https:\/\/www.flickr.com\/photos\/gobiernodesanjuan\/54773588143\/\" title=\"2025-09-08 GOBIERNO San Juan celebr\u00f3 el aporte de los inmigrantes by Gobierno de San Juan, on Flickr\"><img decoding=\"async\" class=\"embera-embed-responsive-item embera-embed-responsive-item-photo\" src=\"https:\/\/live.staticflickr.com\/65535\/54773588143_d922db3f54_b.jpg\" alt=\"2025-09-08 GOBIERNO San Juan celebr\u00f3 el aporte de los inmigrantes\"\/><\/a><\/div>\n<p>La actividad tambi\u00e9n cont\u00f3 con una entrega de reconocimientos a personas representantes de diferentes colectividades, en m\u00e9rito a su labor e influencia en la cultura nacional. Quienes recibieron la distinci\u00f3n fueron:<\/p>\n<ul>&#13;<\/p>\n<li>Eduardo Aspajo, de Per\u00fa<\/li>\n<p>&#13;<\/p>\n<li>Ver\u00f3nica Langer, de Alemania<\/li>\n<p>&#13;<\/p>\n<li>Ana Mar\u00eda Fumagalli, Gino Zussino y Myriam Furlotti de Italia<\/li>\n<p>&#13;<\/p>\n<li>Mar\u00eda Teresa Gim\u00e9nez y Hugo Ib\u00e1\u00f1ez (tras su fallecimiento, recibieron sus familiares), de Chile<\/li>\n<p>&#13;<\/p>\n<li>Juan Bautista Mesquida, Gabriel Mesquida, Miguel G\u00f3mez y Salvador Soliveres (tras su fallecimiento, recibieron sus familiares), de Espa\u00f1a<\/li>\n<p>&#13;<\/p>\n<li>Desiderio Guzm\u00e1n, de Bolivia<\/li>\n<p>&#13;\n<\/ul>\n<p>Esta gran celebraci\u00f3n cont\u00f3 con la presencia de la ministra de Gobierno Laura Palma, el ministro de Turismo, Cultura y Deporte Guido Romero, el ministro de Producci\u00f3n, Trabajo e Innovaci\u00f3n Gustavo Fern\u00e1ndez; la secretaria de Relaciones Institucionales Claudia Sarmiento, autoridades de la cartera de Gobierno, la diputada nacional Nancy Pic\u00f3n, dem\u00e1s autoridades del gobierno provincial y autoridades consulares.<\/p>\n<div class=\"embera-embed-responsive embera-embed-responsive-photo embera-embed-responsive-provider-flickr\"><a data-flickr-embed=\"true\" href=\"https:\/\/www.flickr.com\/photos\/gobiernodesanjuan\/54772502292\/\" title=\"2025-09-08 GOBIERNO San Juan celebr\u00f3 el aporte de los inmigrantes by Gobierno de San Juan, on Flickr\"><img decoding=\"async\" class=\"embera-embed-responsive-item embera-embed-responsive-item-photo\" src=\"https:\/\/live.staticflickr.com\/65535\/54772502292_f4ec01083b_b.jpg\" alt=\"2025-09-08 GOBIERNO San Juan celebr\u00f3 el aporte de los inmigrantes\"\/><\/a><\/div>\n<p>Durante su intervenci\u00f3n, Palma, expres\u00f3: \u201cSiempre destaco que estas personas que eligieron nuestro pa\u00eds hacen grande nuestra provincia, han tra\u00eddo su impronta, su cultura y tenemos hoy, la verdad, una cultura que es compartida\u201d. Asimismo, subray\u00f3 que desde la cartera que encabeza \u201csiempre se busca darles un espacio y realizar trabajos en conjunto\u00bb.<\/p>\n<\/p><\/div>\n<p><script async defer crossorigin=\"anonymous\" src=\"https:\/\/connect.facebook.net\/es_ES\/sdk.js#xfbml=1&#038;version=v3.3\"><\/script><\/p>\n","protected":false},"excerpt":{"rendered":"<p>El Festival del Inmigrante, evento organizado por el Ministerio de Gobierno, junto al Ministerio de Turismo, Cultura y Deporte y el Ministerio de Producci\u00f3n, Trabajo e Innovaci\u00f3n llevaron el color, sabor, m\u00fasica e historia de diversos pa\u00edses a la sociedad sanjuanina, con espacios culturales y gastron\u00f3micos, espect\u00e1culos musicales y la Muestra del D\u00eda del Inmigrante. [&hellip;]<\/p>\n","protected":false},"author":2,"featured_media":200286,"comment_status":"closed","ping_status":"closed","sticky":false,"template":"","format":"standard","meta":{"footnotes":""},"categories":[27],"tags":[],"class_list":["post-200285","post","type-post","status-publish","format-standard","has-post-thumbnail","hentry","category-san-juan"],"_links":{"self":[{"href":"https:\/\/radioacuariofm.com.ar\/index.php?rest_route=\/wp\/v2\/posts\/200285","targetHints":{"allow":["GET"]}}],"collection":[{"href":"https:\/\/radioacuariofm.com.ar\/index.php?rest_route=\/wp\/v2\/posts"}],"about":[{"href":"https:\/\/radioacuariofm.com.ar\/index.php?rest_route=\/wp\/v2\/types\/post"}],"author":[{"embeddable":true,"href":"https:\/\/radioacuariofm.com.ar\/index.php?rest_route=\/wp\/v2\/users\/2"}],"replies":[{"embeddable":true,"href":"https:\/\/radioacuariofm.com.ar\/index.php?rest_route=%2Fwp%2Fv2%2Fcomments&post=200285"}],"version-history":[{"count":1,"href":"https:\/\/radioacuariofm.com.ar\/index.php?rest_route=\/wp\/v2\/posts\/200285\/revisions"}],"predecessor-version":[{"id":200287,"href":"https:\/\/radioacuariofm.com.ar\/index.php?rest_route=\/wp\/v2\/posts\/200285\/revisions\/200287"}],"wp:featuredmedia":[{"embeddable":true,"href":"https:\/\/radioacuariofm.com.ar\/index.php?rest_route=\/wp\/v2\/media\/200286"}],"wp:attachment":[{"href":"https:\/\/radioacuariofm.com.ar\/index.php?rest_route=%2Fwp%2Fv2%2Fmedia&parent=200285"}],"wp:term":[{"taxonomy":"category","embeddable":true,"href":"https:\/\/radioacuariofm.com.ar\/index.php?rest_route=%2Fwp%2Fv2%2Fcategories&post=200285"},{"taxonomy":"post_tag","embeddable":true,"href":"https:\/\/radioacuariofm.com.ar\/index.php?rest_route=%2Fwp%2Fv2%2Ftags&post=200285"}],"curies":[{"name":"wp","href":"https:\/\/api.w.org\/{rel}","templated":true}]}}