{"id":200281,"date":"2025-09-08T09:20:27","date_gmt":"2025-09-08T12:20:27","guid":{"rendered":"https:\/\/radioacuariofm.com.ar\/?p=200281"},"modified":"2025-09-08T09:20:31","modified_gmt":"2025-09-08T12:20:31","slug":"dos-palestinos-atacaron-a-tiros-una-parada-de-colectivos-en-hora-pico-seis-muertos","status":"publish","type":"post","link":"https:\/\/radioacuariofm.com.ar\/?p=200281","title":{"rendered":"Dos palestinos atacaron a tiros una parada de colectivos en hora pico: seis muertos"},"content":{"rendered":"<p><img decoding=\"async\" src=\"https:\/\/radioacuariofm.com.ar\/wp-content\/uploads\/2025\/09\/ataque-en-una-para-de-colectivo-en-jerusalem-EKO5V5JHERFZDGMGZTEWQA7UTU-2.jpg\"\/><\/p>\n<p><\/p>\n<p>JERUSAL\u00c9N.- <strong>Dos atacantes palestinos abrieron fuego en una parada de colectivo en una concurrida intersecci\u00f3n en el norte de Jerusal\u00e9n <\/strong>el lunes, donde <strong>mataron a seis personas e hirieron a otras 21, <\/strong>en lo que la polic\u00eda describi\u00f3 como un <strong>\u201cataque terrorista\u201d, <\/strong>uno de los m\u00e1s mort\u00edferos en la ciudad en los \u00faltimos a\u00f1os.<\/p>\n<p>La polic\u00eda dijo que los atacantes dispararon a personas que esperaban en una parada de colectivo de la l\u00ednea 62, que opera en toda la ciudad. <strong>Un soldado israel\u00ed y un civil que estaban en el lugar dispararon y mataron a los atacantes, <\/strong>seg\u00fan las autoridades.<\/p>\n<p>Cuatro de las v\u00edctimas fueron identificadas como <strong>Yaakov Pinto, <\/strong>un inmigrante espa\u00f1ol de 25 a\u00f1os que se hab\u00eda casado recientemente; <strong>Levi Yitzhak Pash<\/strong>; <strong>Israel Mentzer<\/strong>, de 28 a\u00f1os; y <strong>Yosef David<\/strong>, de 43. Tres de ellos <strong>eran rabinos. <\/strong><\/p>\n<p>Otras dos personas \u2013entre ellas, una mujer de unos 50 a\u00f1os- fueron declaradas muertas despu\u00e9s del ataque, producto de las heridas.<\/p>\n<p>Seg\u00fan el servicio de ambulancias, <strong>otras 21 personas sufrieron heridas, <\/strong>incluidas <strong>seis que se encontraban en estado grave <\/strong>con heridas de bala.<\/p>\n<p>El primer ministro israel\u00ed, <strong>Benjamin Netanyahu, <\/strong>acudi\u00f3 al lugar unas dos horas despu\u00e9s del tiroteo y advirti\u00f3 que Israel est\u00e1 <strong>\u201clibrando una guerra en m\u00faltiples frentes\u201d, incluyendo Gaza, Cisjordania e Israel.<\/strong><\/p>\n<p>Netanyahu deb\u00eda comparecer ante el tribunal el lunes para su juicio por corrupci\u00f3n, que se retras\u00f3 debido a la situaci\u00f3n de seguridad. <\/p>\n<figure><figcaption>El primer ministro israel\u00ed, Benjamin Netanyahu, y el ministro de Seguridad Nacional, Itamar Ben-Gvir (a la derecha), visitan el lugar de un ataque a tiros en una parada de colectivo en Jerusal\u00e9nRonen Zvulun \u2013 Pool REUTERS<\/figcaption><\/figure>\n<p><strong>Netanyahu tambi\u00e9n elogi\u00f3 al soldado que mat\u00f3 a un atacante, <\/strong>miembro de una unidad reci\u00e9n formada para soldados ultraortodoxos, y dijo que las fuerzas israel\u00edes estaban persiguiendo a los sospechosos que ayudaron a los atacantes.<\/p>\n<p>Im\u00e1genes del ataque mostraban a <strong>docenas de personas huyendo de una parada de colectivo en una concurrida intersecci\u00f3n<\/strong>\u2013en una ruta que <strong>conduce a asentamientos jud\u00edos ubicados en Jerusal\u00e9n este<\/strong>\u2013 durante la hora pico de la ma\u00f1ana. Se ve\u00eda tambi\u00e9n un colectivo con agujeros de balas en el parabrisas detenido en una parada, con pertenencias esparcidas por la calle.<\/p>\n<p>\u201cDe repente oigo que empiezan los disparos\u2026 Me sent\u00ed como si estuviera corriendo durante una eternidad\u201d, dijo Ester Lugasi, que result\u00f3 herida en el ataque, a la televisi\u00f3n israel\u00ed desde el hospital. <strong>\u201cPens\u00e9 que iba a morir\u201d.<\/strong><\/p>\n<p>Los param\u00e9dicos que acudieron a la escena dijeron que encontraron una situaci\u00f3n de caos, vidrios rotos, personas heridas y otras inconscientes en la ruta y en una acera cerca de la parada.<\/p>\n<p>El presidente de Francia, <strong>Emmanuel Macron, <\/strong>conden\u00f3 el \u201cataque terrorista\u201d de esta ma\u00f1ana y llam\u00f3 a buscar una \u201csoluci\u00f3n pol\u00edtica\u201d para la espiral de violencia en la regi\u00f3n. <\/p>\n<p>\u201cFrancia condena en\u00e9rgicamente el atentado terrorista que acaba de ocurrir en Jerusal\u00e9n Este. Expreso mis m\u00e1s sinceras condolencias a las familias de las v\u00edctimas y a todo el pueblo israel\u00ed. <strong>La espiral de violencia debe cesar. Solo una soluci\u00f3n pol\u00edtica restablecer\u00e1 la paz y la estabilidad para todos en la regi\u00f3n\u201d, <\/strong>escribi\u00f3 en X.<\/p>\n<p>El ministro israel\u00ed de Asuntos Exteriores, Gideon Saar, dijo <strong>que los agresores eran palestinos de Cisjordania, <\/strong>territorio ocupado por Israel. Ten\u00edan alrededor de 20 a\u00f1os.<\/p>\n<p>Adem\u00e1s, el Shin Bet -el servicio de inteligencia interior israel\u00ed- arrest\u00f3 a un residente de Jerusal\u00e9n Este bajo sospecha de llevar a los atacantes a la estaci\u00f3n de colectivos.<\/p>\n<figure><figcaption>Miembros de los servicios de emergencia de Israel recogen muestras en el lugar de un tiroteo en el cruce de la carretera Ramot, en Jerusal\u00e9n OrientalMENAHEM KAHANA \u2013 AFP<\/figcaption><\/figure>\n<p>El grupo terrorista <strong>Hamas elogi\u00f3 a los dos \u201ccombatientes de la resistencia\u201d palestinos <\/strong>que, seg\u00fan dijo, hab\u00edan perpetrado el atentado, pero se abstuvo de reivindicar la autor\u00eda. Consider\u00f3 el ataque una \u201crespuesta natural a los cr\u00edmenes de la ocupaci\u00f3n contra nuestro pueblo\u201d. La Jihad Isl\u00e1mica, otro grupo terrorista palestino, tambi\u00e9n elogi\u00f3 el tiroteo.<\/p>\n<p>La guerra en Gaza ha provocado un aumento de la violencia tanto en Cisjordania como en Israel. <strong>Palestinos han atacado y matado a israel\u00edes en Israel y Cisjordania, <\/strong>mientras que tambi\u00e9n ha habido un aumento de la <strong>violencia de los colonos contra los palestinos.<\/strong><\/p>\n<p>Cientos de agentes de seguridad llegaron a la escena para <strong>buscar atacantes adicionales o explosivos que podr\u00edan haber sido colocados alrededor del \u00e1rea. <\/strong>El ej\u00e9rcito israel\u00ed dijo que estaba rodeando aldeas palestinas en las afueras de la cercana ciudad de Ramallah, en Cisjordania, mientras intensifica la defensa en respuesta al ataque.<\/p>\n<p>La polic\u00eda israel\u00ed dijo que <strong>los dos atacantes llegaron en un veh\u00edculo y abrieron fuego en una parada de autob\u00fas en Ramot. <\/strong>En el lugar de los hechos se recuperaron <strong>varias armas, munici\u00f3n y un cuchillo <\/strong>utilizados por los agresores.<\/p>\n<figure><figcaption>Un colectivo da\u00f1ado en el lugar de un tiroteo en el cruce de la carretera Ramot, en Jerusal\u00e9n Oriental, anexada por IsraelMENAHEM KAHANA \u2013 AFP<\/figcaption><\/figure>\n<p>El servicio de ambulancias dijo que un param\u00e9dico que lleg\u00f3 al lugar encontr\u00f3 a las v\u00edctimas tendidas en la calzada y en la vereda, algunas de ellas inconscientes.<\/p>\n<p>En octubre de 2024, dos palestinos, uno armado con una pistola y otro con un cuchillo, <strong>mataron a siete personas en Tel Aviv. <\/strong>En noviembre de 2023, dos palestinos armados mataron a tres personas en una parada de colectivos de Jerusal\u00e9n. Los servicios de seguridad israel\u00edes afirmaron que los atacantes del tiroteo de Jerusal\u00e9n de 2023 estaban vinculados a Hamas. <\/p>\n<p>Datos de la oficina humanitaria de la ONU indican que <strong>al menos 49 israel\u00edes fueron asesinados por palestinos en Israel o Cisjordania entre el inicio de la guerra <\/strong>-el 7 de octubre de 2023, cuando Hamas atac\u00f3 Israel y dej\u00f3 unos 1200 muertos y secuestr\u00f3 a 250 personas- <strong>y julio de 2025.<\/strong><\/p>\n<p>En ese tiempo, fuerzas israel\u00edes y civiles <strong>mataron al menos a 968 palestinos en Israel y Cisjordania.<\/strong><\/p>\n<p><strong>Agencias AP y Reuters<\/strong><\/p>\n<p>La entrada Dos palestinos atacaron a tiros una parada de colectivos en hora pico: seis muertos se public\u00f3 primero en DIARIO DIGITAL MORENO MEDIOS.<\/p>\n","protected":false},"excerpt":{"rendered":"<p>JERUSAL\u00c9N.- Dos atacantes palestinos abrieron fuego en una parada de colectivo en una concurrida intersecci\u00f3n en el norte de Jerusal\u00e9n el lunes, donde mataron a seis personas e hirieron a otras 21, en lo que la polic\u00eda describi\u00f3 como un \u201cataque terrorista\u201d, uno de los m\u00e1s mort\u00edferos en la ciudad en los \u00faltimos a\u00f1os. La [&hellip;]<\/p>\n","protected":false},"author":2,"featured_media":200282,"comment_status":"closed","ping_status":"closed","sticky":false,"template":"","format":"standard","meta":{"footnotes":""},"categories":[33],"tags":[],"class_list":["post-200281","post","type-post","status-publish","format-standard","has-post-thumbnail","hentry","category-el-mundo"],"_links":{"self":[{"href":"https:\/\/radioacuariofm.com.ar\/index.php?rest_route=\/wp\/v2\/posts\/200281","targetHints":{"allow":["GET"]}}],"collection":[{"href":"https:\/\/radioacuariofm.com.ar\/index.php?rest_route=\/wp\/v2\/posts"}],"about":[{"href":"https:\/\/radioacuariofm.com.ar\/index.php?rest_route=\/wp\/v2\/types\/post"}],"author":[{"embeddable":true,"href":"https:\/\/radioacuariofm.com.ar\/index.php?rest_route=\/wp\/v2\/users\/2"}],"replies":[{"embeddable":true,"href":"https:\/\/radioacuariofm.com.ar\/index.php?rest_route=%2Fwp%2Fv2%2Fcomments&post=200281"}],"version-history":[{"count":1,"href":"https:\/\/radioacuariofm.com.ar\/index.php?rest_route=\/wp\/v2\/posts\/200281\/revisions"}],"predecessor-version":[{"id":200284,"href":"https:\/\/radioacuariofm.com.ar\/index.php?rest_route=\/wp\/v2\/posts\/200281\/revisions\/200284"}],"wp:featuredmedia":[{"embeddable":true,"href":"https:\/\/radioacuariofm.com.ar\/index.php?rest_route=\/wp\/v2\/media\/200282"}],"wp:attachment":[{"href":"https:\/\/radioacuariofm.com.ar\/index.php?rest_route=%2Fwp%2Fv2%2Fmedia&parent=200281"}],"wp:term":[{"taxonomy":"category","embeddable":true,"href":"https:\/\/radioacuariofm.com.ar\/index.php?rest_route=%2Fwp%2Fv2%2Fcategories&post=200281"},{"taxonomy":"post_tag","embeddable":true,"href":"https:\/\/radioacuariofm.com.ar\/index.php?rest_route=%2Fwp%2Fv2%2Ftags&post=200281"}],"curies":[{"name":"wp","href":"https:\/\/api.w.org\/{rel}","templated":true}]}}