{"id":198976,"date":"2025-09-04T02:25:01","date_gmt":"2025-09-04T05:25:01","guid":{"rendered":"https:\/\/radioacuariofm.com.ar\/?p=198976"},"modified":"2025-09-04T02:25:02","modified_gmt":"2025-09-04T05:25:02","slug":"cuando-sale-a-la-venta-el-iphone-17-esto-es-lo-que-se-sabe-sobre-el-lanzamiento","status":"publish","type":"post","link":"https:\/\/radioacuariofm.com.ar\/?p=198976","title":{"rendered":"Cu\u00e1ndo sale a la venta el iPhone 17: esto es lo que se sabe sobre el lanzamiento"},"content":{"rendered":"<p><\/p>\n<div>\n<p class=\"com-paragraph  --capital --s\">El <strong>pr\u00f3ximo martes 9 de septiembre<\/strong> llega el iPhone 17. As\u00ed <a href=\"https:\/\/x.com\/tim_cook\/status\/1960374776372887890\" rel=\"nofollow\" target=\"_blank\" title=\"https:\/\/x.com\/tim_cook\/status\/1960374776372887890\" class=\"com-link break-word\" data-mrf-recirculation=\"n_link_parrafo\">lo anunci\u00f3 Tim Cook, el CEO de la compa\u00f1\u00eda<\/a>, hace unos d\u00edas. Aunque no confirm\u00f3 el modelo (nunca lo hace) septiembre es el mes que Apple eligi\u00f3 hace a\u00f1os para presentar los nuevos modelos de iPhone. <\/p>\n<p class=\"com-paragraph   --s\">Seg\u00fan los rumores, los compradores <strong>podr\u00e1n acceder a la preventa el d\u00eda 12 <\/strong>(es decir, ese viernes) y recibir los dispositivos el 19.<\/p>\n<p class=\"com-paragraph   --s\">Seg\u00fan indic\u00f3 <a href=\"https:\/\/www.macrumors.com\/roundup\/iphone-17-pro\/\" rel=\"nofollow\" target=\"_blank\" title=\"https:\/\/www.macrumors.com\/roundup\/iphone-17-pro\/\" class=\"com-link break-word\" data-mrf-recirculation=\"n_link_parrafo\"><em>MacRumors<\/em><\/a>, <strong>el precio del iPhone 17 Pro en Estados Unidos<\/strong> presentar\u00e1 un inicial en su modelo base de<strong> 256 GB de 1049 d\u00f3lares<\/strong>, con el doble de memoria interna que conten\u00eda el iPhone 16 Pro, que se lanz\u00f3 con un<strong> <\/strong>valor de US$999.<\/p>\n<p class=\"com-paragraph   --s\">Como en otros a\u00f1os, ser\u00e1n cuatro nuevos modelos: <strong>iPhone 17, iPhone 17 Air, iPhone 17 Pro<\/strong> y el <strong>iPhone 17 Pro Max<\/strong>. El ansiado iPhone 17 Air reemplazar\u00e1 al modelo Plus. <\/p>\n<div class=\"content-media\">\n<section role=\"button\" class=\"mod-media   \">\n<figure role=\"button\" class=\"mod-figure \"><figcaption class=\"mod-figcaption\"><span class=\"com-text --caption --twoxs\">Dos maquetas del iPhone 17 Air (izq.) y el iPhone 17 Pro Max (der.)<\/span><span class=\"com-text --credit --twoxs\">X.com\/asherdipps<\/span><\/figcaption><\/figure>\n<\/section>\n<\/div>\n<p class=\"com-paragraph   --s\">El <strong>iPhone 17 Air ser\u00e1 <\/strong>un modelo delgado al que Samsung se adelant\u00f3 con el <a href=\"https:\/\/www.lanacion.com.ar\/tecnologia\/galaxy-s25-edge-ya-es-oficial-el-smartphone-ultradelgado-de-samsung-nid13052025\/\" target=\"_self\" title=\"https:\/\/www.lanacion.com.ar\/tecnologia\/galaxy-s25-edge-ya-es-oficial-el-smartphone-ultradelgado-de-samsung-nid13052025\/\" class=\"com-link break-word\" data-mrf-recirculation=\"n_link_parrafo\"><strong>Galaxy S25 Edge<\/strong><\/a> (5,8mm de grosor) Apple habr\u00eda tomado un camino conservador y no usar\u00e1 las nuevas bater\u00edas de mayor densidad energ\u00e9tica que est\u00e1n llegando al mercado, as\u00ed que ser\u00e1 un equipo con una autonom\u00eda limitada, y <strong>una \u00fanica c\u00e1mara trasera de 48 megapixeles<\/strong> para ampliar todo lo posible el espacio libre dentro de la carcasa para la <strong>bater\u00eda, que ser\u00eda de menos de 3000 mAh<\/strong>. <\/p>\n<p class=\"com-paragraph   --s\">Otras compa\u00f1\u00edas est\u00e1n usando bater\u00edas de silicio-carbono para prometer equipos muy delgados sin resignar autonom\u00eda, como el pr\u00f3ximo Nubia Air (una bater\u00eda de 5000 mAh en 6,7mm de grosor) <a href=\"https:\/\/www.lanacion.com.ar\/tecnologia\/ni-apple-ni-samsung-el-smartphone-mas-delgado-del-mundo-es-el-tecno-spark-slim-nid05032025\/\" target=\"_self\" title=\"https:\/\/www.lanacion.com.ar\/tecnologia\/ni-apple-ni-samsung-el-smartphone-mas-delgado-del-mundo-es-el-tecno-spark-slim-nid05032025\/\" class=\"com-link break-word\" data-mrf-recirculation=\"n_link_parrafo\">o el prototipo Tecno Spark Slim (5200 mAh en 5,75mm de grosor<\/a>). <\/p>\n<div class=\"content-media\">\n<section role=\"button\" class=\"mod-media   \">\n<figure role=\"button\" class=\"mod-figure \"><figcaption class=\"mod-figcaption\"><span class=\"com-text --caption --twoxs\">El Tecno Spark Slim (5,75mm de grosor) y el Galaxy S25 Ultra (8,2 mm de grosor); el iPhone 17 Air tendr\u00eda un grosor similar al Tecno; el iPhone 17 Pro Max, al del Samsung<\/span><\/figcaption><\/figure>\n<\/section>\n<\/div>\n<p class=\"com-paragraph   --s\">Este iPhone 17 Air tendr\u00e1, seg\u00fan m\u00faltiples rumores, una <strong>pantalla OLED de 6,6 pulgadas con tasa de refresco a 120 Hz<\/strong>, un grosor de 6 o 5,5mm (como referencia, un iPad Pro de \u00faltima generaci\u00f3n tiene 5,1mm de grosor), un chip A19, y ser\u00e1 uno de los primeros equipos en usar un modem 5G dise\u00f1ado internamente dentro de Apple. <\/p>\n<p class=\"com-paragraph   --s\">La familia 2025 no ser\u00e1 particularmente innovadora, m\u00e1s all\u00e1 del modelo Air; la gran <strong>novedad <\/strong>llegar\u00e1 en <strong>2026 -en teor\u00eda- con un modelo con pantalla plegable tipo Fold, <\/strong>y <a href=\"https:\/\/www.lanacion.com.ar\/tecnologia\/en-2027-llegara-el-iphone-con-pantalla-curva-segun-el-ultimo-rumor-nid12052025\/\" target=\"_self\" title=\"https:\/\/www.lanacion.com.ar\/tecnologia\/en-2027-llegara-el-iphone-con-pantalla-curva-segun-el-ultimo-rumor-nid12052025\/\" class=\"com-link break-word\" data-mrf-recirculation=\"n_link_parrafo\"><strong>en 2027 con el iPhone con pantalla de bordes curvos<\/strong><\/a>, celebrando el <a href=\"https:\/\/www.lanacion.com.ar\/tecnologia\/el-iphone-cumple-diez-anos-nid1974248\/\" target=\"_self\" title=\"https:\/\/www.lanacion.com.ar\/tecnologia\/el-iphone-cumple-diez-anos-nid1974248\/\" class=\"com-link break-word\" data-mrf-recirculation=\"n_link_parrafo\">20 aniversario del debut del smartphone de Apple<\/a>. <\/p>\n<section class=\"container-center-100 mb-40 border border-bottom border-thin border-neutral-light-700\">\n<hr\/>\n<\/section>\n<\/div>\n","protected":false},"excerpt":{"rendered":"<p>El pr\u00f3ximo martes 9 de septiembre llega el iPhone 17. As\u00ed lo anunci\u00f3 Tim Cook, el CEO de la compa\u00f1\u00eda, hace unos d\u00edas. Aunque no confirm\u00f3 el modelo (nunca lo hace) septiembre es el mes que Apple eligi\u00f3 hace a\u00f1os para presentar los nuevos modelos de iPhone. Seg\u00fan los rumores, los compradores podr\u00e1n acceder a [&hellip;]<\/p>\n","protected":false},"author":2,"featured_media":198977,"comment_status":"closed","ping_status":"closed","sticky":false,"template":"","format":"standard","meta":{"footnotes":""},"categories":[28],"tags":[],"class_list":["post-198976","post","type-post","status-publish","format-standard","has-post-thumbnail","hentry","category-economia"],"_links":{"self":[{"href":"https:\/\/radioacuariofm.com.ar\/index.php?rest_route=\/wp\/v2\/posts\/198976","targetHints":{"allow":["GET"]}}],"collection":[{"href":"https:\/\/radioacuariofm.com.ar\/index.php?rest_route=\/wp\/v2\/posts"}],"about":[{"href":"https:\/\/radioacuariofm.com.ar\/index.php?rest_route=\/wp\/v2\/types\/post"}],"author":[{"embeddable":true,"href":"https:\/\/radioacuariofm.com.ar\/index.php?rest_route=\/wp\/v2\/users\/2"}],"replies":[{"embeddable":true,"href":"https:\/\/radioacuariofm.com.ar\/index.php?rest_route=%2Fwp%2Fv2%2Fcomments&post=198976"}],"version-history":[{"count":1,"href":"https:\/\/radioacuariofm.com.ar\/index.php?rest_route=\/wp\/v2\/posts\/198976\/revisions"}],"predecessor-version":[{"id":198978,"href":"https:\/\/radioacuariofm.com.ar\/index.php?rest_route=\/wp\/v2\/posts\/198976\/revisions\/198978"}],"wp:featuredmedia":[{"embeddable":true,"href":"https:\/\/radioacuariofm.com.ar\/index.php?rest_route=\/wp\/v2\/media\/198977"}],"wp:attachment":[{"href":"https:\/\/radioacuariofm.com.ar\/index.php?rest_route=%2Fwp%2Fv2%2Fmedia&parent=198976"}],"wp:term":[{"taxonomy":"category","embeddable":true,"href":"https:\/\/radioacuariofm.com.ar\/index.php?rest_route=%2Fwp%2Fv2%2Fcategories&post=198976"},{"taxonomy":"post_tag","embeddable":true,"href":"https:\/\/radioacuariofm.com.ar\/index.php?rest_route=%2Fwp%2Fv2%2Ftags&post=198976"}],"curies":[{"name":"wp","href":"https:\/\/api.w.org\/{rel}","templated":true}]}}