{"id":198187,"date":"2025-09-02T02:38:47","date_gmt":"2025-09-02T05:38:47","guid":{"rendered":"https:\/\/radioacuariofm.com.ar\/?p=198187"},"modified":"2025-09-02T02:38:48","modified_gmt":"2025-09-02T05:38:48","slug":"mas-de-1000-personas-murieron-en-sudan-por-un-deslizamiento-de-tierra","status":"publish","type":"post","link":"https:\/\/radioacuariofm.com.ar\/?p=198187","title":{"rendered":"M\u00e1s de 1000 personas murieron en Sud\u00e1n por un deslizamiento de tierra"},"content":{"rendered":"<p> <br \/>\n<\/p>\n<div>\n<p class=\"com-paragraph   --s\"><strong>M\u00e1s de 1000 personas murieron este lunes en una aldea<\/strong> ubicada en la regi\u00f3n de <strong>Darfur<\/strong>, en el oeste de <strong>Sud\u00e1n<\/strong>, por consecuencia de un devastador alud de tierra, seg\u00fan inform\u00f3 un grupo rebelde que controla la zona. Adem\u00e1s asegur\u00f3 que en el tr\u00e1gico desastre natural <strong>fallecieron todos los residentes del lugar, a excepci\u00f3n de una sola persona<\/strong>, que fue la \u00fanica sobreviviente.<\/p>\n<p class=\"com-paragraph   --s\">A trav\u00e9s de un comunicado, el Movimiento de Liberaci\u00f3n de Sud\u00e1n (MLS) expres\u00f3 que un \u201cdeslizamiento masivo y devastador\u201d golpe\u00f3 el domingo la localidad de Tarasin, en las monta\u00f1as de Marra. En tanto, sostuvo: \u201c<strong>La informaci\u00f3n inicial indica la muerte de todos los residentes de la aldea, calculada en m\u00e1s de mil personas, con solo un sobreviviente<\/strong>\u201d.<\/p>\n<p class=\"com-paragraph   --s\">El alud asol\u00f3 la poblaci\u00f3n y \u201c<strong>destruy\u00f3 completamente<\/strong>\u201d parte de una regi\u00f3n conocida por la producci\u00f3n de c\u00edtricos, mientras que el grupo rebelde pidi\u00f3 a la ONU y otras organizaciones que apoyen la recuperaci\u00f3n de los cad\u00e1veres.<\/p>\n<p class=\"com-paragraph   --s\">Sud\u00e1n est\u00e1 inmerso en una guerra civil de tres a\u00f1os entre <strong>el ej\u00e9rcito regular<\/strong> y <strong>las paramilitares Fuerzas de Apoyo R\u00e1pido (FAR)<\/strong>, que hundi\u00f3 al pa\u00eds africano en una de las peores crisis humanitarias del mundo, con hambruna en partes de Darfur. En este contexto, el MLS se ha mantenido generalmente fuera de los combates, aunque controla algunas zonas monta\u00f1osas del pa\u00eds.<\/p>\n<p class=\"com-paragraph   --s\">Gran parte de Darfur permanece <strong>inaccesible a las organizaciones internacionales de ayuda<\/strong>, incluso la zona del deslizamiento, debido a los combates, lo que limita seriamente la entrega de ayuda humanitaria. A su vez, la guerra diezm\u00f3 la infraestructura del pa\u00eds del noreste africano.<\/p>\n<p class=\"com-paragraph   --s\">El <strong>gobernador de Darfur, Minni Minnawi<\/strong>, alineado con el ej\u00e9rcito, defini\u00f3 el deslizamiento como una \u201ctragedia humanitaria que trasciende las fronteras de la regi\u00f3n\u201d y manifest\u00f3 en un comunicado: \u201cLlamamos a las organizaciones humanitarias internacionales a intervenir urgentemente y brindar apoyo y asistencia en este momento cr\u00edtico, pues la tragedia es m\u00e1s de lo que nuestro pueblo puede enfrentar\u201d.<\/p>\n<div class=\"content-media\">\n<section role=\"button\" class=\"mod-media   \">\n<figure role=\"button\" class=\"mod-figure \"><figcaption class=\"mod-figcaption\"><span class=\"com-text --caption --twoxs\">Ni\u00f1os en la regi\u00f3n de Darfur.<\/span><span class=\"com-text --credit --twoxs\">Thibault Fendler &#8211; MSF<\/span><\/figcaption><\/figure>\n<\/section>\n<\/div>\n<p class=\"com-paragraph   --s\">La guerra estall\u00f3 en Sud\u00e1n en abril de 2023 por una lucha de poder entre el jefe del ej\u00e9rcito, Abdel Fatah al Burhan, y el comandante de las FAR, su exsubalterno Mohamed Hamdan Daglo. Las fuerzas de Burhan retomaron este a\u00f1o el control del centro de Sud\u00e1n, dejando a las FAR en control de gran parte de Darfur y partes de la regi\u00f3n sure\u00f1a de Kordofan.<\/p>\n<p class=\"com-paragraph   --s\">El <strong>conflicto dej\u00f3 hasta el momento un saldo de decenas de miles de fallecidos<\/strong>, mientras que millones de ciudadanos migraron del pa\u00eds africano por consecuencia del conflicto. En los \u00faltimos meses, con el repunte de los ataques de las FAR en el estado de Darfur del Norte, murieron centenares de personas.<\/p>\n<p class=\"com-paragraph   --s\">Seg\u00fan la Organizaci\u00f3n de las Naciones Unidas (ONU), unas 10 millones de personas est\u00e1n desplazadas dentro de Sud\u00e1n y otras cuatro millones han huido a pa\u00edses lim\u00edtrofes.<\/p>\n<p class=\"com-paragraph   --s\">La monta\u00f1osa Jebel Marra es uno de los m\u00faltiples puntos a los que han huido cientos de personas escapando del conflicto. En esas zonas permanecen aisladas comunidades enteras, separadas del acceso a servicios b\u00e1sicos tanto por la geograf\u00eda como por la guerra, aunque organizaciones como M\u00e9dicos Sin Fronteras han intervenido para asistir a sus habitantes durante los \u00faltimos meses.<\/p>\n<p class=\"com-paragraph   --s\">El pasado s\u00e1bado, la ONG de la Coordinaci\u00f3n General de Campamentos de Personas Desplazadas y Refugiados alert\u00f3 por el <strong>brote de c\u00f3lera<\/strong> al que los residentes de Jebel Marra, as\u00ed como los de Tawila, Darfur del Norte y los de las ciudades de Nyala y Zalingei, hacen frente actualmente, <strong>con 319 nuevos casos y decenas de muertos<\/strong> en los campamentos de desplazados de toda la regi\u00f3n s\u00f3lo el \u00faltimo viernes.<\/p>\n<p class=\"com-paragraph   --s\"><em><strong>Con informaci\u00f3n de AFP y Europa Press.<\/strong><\/em><\/p>\n<section class=\"container-center-100 mb-40 border border-bottom border-thin border-neutral-light-700\">\n<hr\/>\n<\/section>\n<\/div>\n\n","protected":false},"excerpt":{"rendered":"<p>M\u00e1s de 1000 personas murieron este lunes en una aldea ubicada en la regi\u00f3n de Darfur, en el oeste de Sud\u00e1n, por consecuencia de un devastador alud de tierra, seg\u00fan inform\u00f3 un grupo rebelde que controla la zona. Adem\u00e1s asegur\u00f3 que en el tr\u00e1gico desastre natural fallecieron todos los residentes del lugar, a excepci\u00f3n de [&hellip;]<\/p>\n","protected":false},"author":2,"featured_media":198188,"comment_status":"closed","ping_status":"closed","sticky":false,"template":"","format":"standard","meta":{"footnotes":""},"categories":[1],"tags":[],"class_list":["post-198187","post","type-post","status-publish","format-standard","has-post-thumbnail","hentry","category-uncategorized"],"_links":{"self":[{"href":"https:\/\/radioacuariofm.com.ar\/index.php?rest_route=\/wp\/v2\/posts\/198187","targetHints":{"allow":["GET"]}}],"collection":[{"href":"https:\/\/radioacuariofm.com.ar\/index.php?rest_route=\/wp\/v2\/posts"}],"about":[{"href":"https:\/\/radioacuariofm.com.ar\/index.php?rest_route=\/wp\/v2\/types\/post"}],"author":[{"embeddable":true,"href":"https:\/\/radioacuariofm.com.ar\/index.php?rest_route=\/wp\/v2\/users\/2"}],"replies":[{"embeddable":true,"href":"https:\/\/radioacuariofm.com.ar\/index.php?rest_route=%2Fwp%2Fv2%2Fcomments&post=198187"}],"version-history":[{"count":1,"href":"https:\/\/radioacuariofm.com.ar\/index.php?rest_route=\/wp\/v2\/posts\/198187\/revisions"}],"predecessor-version":[{"id":198189,"href":"https:\/\/radioacuariofm.com.ar\/index.php?rest_route=\/wp\/v2\/posts\/198187\/revisions\/198189"}],"wp:featuredmedia":[{"embeddable":true,"href":"https:\/\/radioacuariofm.com.ar\/index.php?rest_route=\/wp\/v2\/media\/198188"}],"wp:attachment":[{"href":"https:\/\/radioacuariofm.com.ar\/index.php?rest_route=%2Fwp%2Fv2%2Fmedia&parent=198187"}],"wp:term":[{"taxonomy":"category","embeddable":true,"href":"https:\/\/radioacuariofm.com.ar\/index.php?rest_route=%2Fwp%2Fv2%2Fcategories&post=198187"},{"taxonomy":"post_tag","embeddable":true,"href":"https:\/\/radioacuariofm.com.ar\/index.php?rest_route=%2Fwp%2Fv2%2Ftags&post=198187"}],"curies":[{"name":"wp","href":"https:\/\/api.w.org\/{rel}","templated":true}]}}