{"id":198184,"date":"2025-09-02T02:35:06","date_gmt":"2025-09-02T05:35:06","guid":{"rendered":"https:\/\/radioacuariofm.com.ar\/?p=198184"},"modified":"2025-09-02T02:35:07","modified_gmt":"2025-09-02T05:35:07","slug":"el-dolar-subio-25-en-el-arranque-de-la-semana-previa-a-las-elecciones-de-buenos-aires","status":"publish","type":"post","link":"https:\/\/radioacuariofm.com.ar\/?p=198184","title":{"rendered":"El d\u00f3lar subi\u00f3 $25 en el arranque de la semana previa a las elecciones de Buenos Aires"},"content":{"rendered":"<p><\/p>\n<div>\n<p class=\"com-paragraph  --capital --s\">A d\u00edas de las elecciones en la provincia de Buenos Aires, <strong>los d\u00f3lares arrancaron septiembre al alza. <\/strong>Con la llegada de un nuevo mes, se vio una mayor demanda de divisas por parte de los ahorristas minoristas, sobre todo ante un clima electoral que incentiv\u00f3 hist\u00f3ricamente la dolarizaci\u00f3n. Si a eso se le suma el <strong>feriado del D\u00eda del Trabajo en Estados Unidos, <\/strong>que provoc\u00f3 una rueda con un volumen menor al habitual, se explica por qu\u00e9 el oficial subi\u00f3 $25 y otras cotizaciones treparon hasta $36 en un d\u00eda. <\/p>\n<p class=\"com-paragraph   --s\">El <strong>d\u00f3lar oficial minorista<\/strong> se vendi\u00f3 a<strong> $1385<\/strong> en las pizarras del Banco Naci\u00f3n, aunque a mitad de rueda lleg\u00f3 a tocar los $1390. Se trat\u00f3 de una <strong>suba de $25<\/strong> frente al cierre anterior (+1,8%), envi\u00f3n que lo llev\u00f3 a alcanzar <strong>el valor nominal m\u00e1s alto desde la salida del cepo cambiario<\/strong>. <\/p>\n<p class=\"com-paragraph   --s\">El precio promedio del mercado fue de $1391,88, seg\u00fan el relevamiento diario que hace el Banco Central (BCRA). Sin embargo, <mark class=\"hl_underline\">en algunos bancos, la cotizaci\u00f3n ya super\u00f3 la barrera de los $1400.<\/mark><strong> <\/strong>Esto se pudo observar en el Banco Macro ($1402) e ICBC ($1407).<\/p>\n<p class=\"com-paragraph   --s\">El <strong>tipo de cambio oficial mayorista cerr\u00f3 a $1376,16, <\/strong>equivalente a una <strong>suba diaria de $31,68 (+2,36%).<\/strong> De esta manera, se acerc\u00f3 al <strong>techo <\/strong>del nuevo esquema de bandas de flotaci\u00f3n, que actualmente se ubica en torno a los <strong>$1462.<\/strong> De llegar a ese valor, el Banco Central tendr\u00eda que salir a vender reservas. <\/p>\n<div class=\"content-media cursor-pointer container-center-100\">\n<section class=\"mod-media ratio-16-9\">\n<figure class=\"mod-video\">\n<div class=\"video-player bg-black ratio-16-9\">\n<div id=\"facade-Ep4VF8WS\" class=\"content-facade-jw relative bg-black ratio-16-9\"><picture><source media=\"(max-width: 767px)\" srcset=\"https:\/\/resizer.glanacion.com\/resizer\/v2\/https%3A%2F%2Fcdn.jwplayer.com%2Fv2%2Fmedia%2FEp4VF8WS%2Fposter.jpg%3Fwidth%3D720?auth=9ec2f2c8426083d6110a24474de87ee3fe29f9310459941e24f64e80a7beda4b&amp;width=480&amp;quality=70&amp;smart=false\"\/><\/picture><\/div>\n<\/div><figcaption class=\"border border-1 border-bottom border-light-300 bg-white relative px-16 py-8 min-h-36 w-100_md px-0_l mb-8\"><span class=\"text ln-text text-16 block\">\u201cA $1300 hay m\u00e1s demanda que oferta\u201d: la mirada de Hern\u00e1n Lacunza sobre el d\u00f3lar<\/span><\/figcaption><\/figure>\n<\/section>\n<\/div>\n<p class=\"com-paragraph   --s\">\u201cHoy es feriado en Estados Unidos y, por lo tanto, <strong>el mercado local opera con algunas restricciones que se traducen en menor profundidad y liquidez. <\/strong>Los exportadores no pueden liquidar como habitualmente lo hacen por ese motivo y eso resta oferta genuina al mercado. Por supuesto,<strong> el inicio del mes incide por compras de ahorristas y todo el escenario pol\u00edtico tiende a generar cierto ruido <\/strong>que se traduce en un est\u00edmulo a la demanda de divisas. Tendr\u00edamos que esperar a las pr\u00f3ximas jornadas, cuando el mercado opere con actividad habitual para sacar conclusiones, pero <strong>todo parece indicar que la demanda va a estar muy activa de ac\u00e1 a fin de octubre\u00bb, <\/strong>dijo Gustavo Quintana, operador de Cambios PR.<\/p>\n<p class=\"com-paragraph   --s\">Los tipos de cambio financieros tambi\u00e9n tendieron fuertemente al alza. El <strong>d\u00f3lar MEP <\/strong>cerr\u00f3 en las pantallas del mercado de capitales a $1376,49, un avance de $19,15 frente al cierre anterior (+1,4%). En tanto, el <strong>contado con liquidaci\u00f3n (CCL<\/strong>) termin\u00f3 la rueda a $1391,51, unos $36,24 m\u00e1s que el viernes (+2,7%). <\/p>\n<p class=\"com-paragraph   --s\">El <strong>d\u00f3lar blue <\/strong>se negoci\u00f3 a <strong>$1370 <\/strong>en las cuevas y arbolitos que operan en la <em>City <\/em>porte\u00f1a, <strong>un alza de $25<\/strong> con respecto al cierre previo (+1,9%). A modo de comparaci\u00f3n, esta cotizaci\u00f3n hab\u00eda alcanzado los $1500 en julio del a\u00f1o pasado, aunque desde entonces no volvi\u00f3 a testear esos niveles. <\/p>\n<p class=\"com-paragraph   --s\"><strong>\u201cLos incentivos pol\u00edticos y el esquema se alinear\u00e1n para contener el d\u00f3lar oficial de cara a las elecciones<\/strong>, con el foco puesto en mantener la nominalidad a raya, lo que asegurar\u00eda un buen desempe\u00f1o electoral. Lamentablemente, para el \u2018d\u00eda despu\u00e9s\u2019 de las elecciones, las autoridades econ\u00f3micas deber\u00e1n recoger los dividendos de <strong>una estrategia que luce poco sostenible y aumenta la incertidumbre con respecto al esquema cambiario-monetario que viene<\/strong>\u201c, analizaron desde la consultora econ\u00f3mica Ecolatina. <\/p>\n<div class=\"content-media\">\n<section role=\"button\" class=\"mod-media   \">\n<figure role=\"button\" class=\"mod-figure \"><figcaption class=\"mod-figcaption\"><span class=\"com-text --caption --twoxs\">Cae la Bolsa porte\u00f1a, con pocas operaciones por el feriado de Estados Unidos <\/span><span class=\"com-text --credit --twoxs\">Richard Drew  &#8211; AP <\/span><\/figcaption><\/figure>\n<\/section>\n<\/div>\n<p class=\"com-paragraph   --s\">Para Mart\u00edn Polo, de Cohen Aliados Financieros, <strong>la \u00ab<\/strong><em><strong>pax <\/strong><\/em><strong>cambiaria\u00bb que intenta sostener el Gobierno se apoya en una pol\u00edtica monetaria m\u00e1s restrictiva <\/strong>con un nuevo incremento de los encajes. Adem\u00e1s, remarc\u00f3 que el \u00e9xito del ajuste fiscal y de la desinflaci\u00f3n est\u00e1 amenazado por la suba de las tasas de inter\u00e9s y una actividad econ\u00f3mica que se estanc\u00f3 en los \u00faltimos meses. <\/p>\n<p class=\"com-paragraph   --s\">\u201cNo menos importante es el clima pol\u00edtico, con un Gobierno que perdi\u00f3 imagen \u2013aunque se mantiene elevada\u2013 y est\u00e1 golpeado por posibles casos de corrupci\u00f3n. <strong>El objetivo central es evitar que la inestabilidad cambiaria afecte las chances pol\u00edticas del oficialismo.<\/strong> Pasada la incertidumbre electoral, <strong>el Gobierno deber\u00e1 buscar un nuevo equilibrio entre tasas de inter\u00e9s y tipo de cambio\u00bb, <\/strong>agreg\u00f3. <\/p>\n<p class=\"com-paragraph   --s\">Con feriado en Estados Unidos, las operaciones en el mercado accionario local fueron m\u00e1s bien acotadas. Este lunes, <strong>la Bolsa porte\u00f1a registr\u00f3 una ca\u00edda del 2,3%<\/strong> y cotiz\u00f3 en 1.939.743 unidades, equivalente a US$1393 al ajustar por el d\u00f3lar CCL (-4,8%). <\/p>\n<p class=\"com-paragraph   --s\">En el panel l\u00edder, la ca\u00edda fue generalizada, aunque se destacaron las bajas que presentaron las acciones de <strong>BYMA <\/strong>(-3,9%), <strong>Irsa <\/strong>(-3,8%), <strong>Telecom Argentina <\/strong>(-3,7%), <strong>Sociedad Comercial del Plata<\/strong> (-3,4%), <strong>Loma Negra <\/strong>(-3,4%), y <strong>Transportadora de Gas del Sur <\/strong>(-3,3%).<\/p>\n<p class=\"com-paragraph   --s\">En el mercado de deuda, los<strong> bonos soberanos <\/strong>en d\u00f3lares reflejaron la incertidumbre que hay en el mercado y operaron en terreno negativo. Los Bonares retrocedieron hasta 3,45% (AL41D) y los Globales, hasta 2,72% (GD38D). El <strong>riesgo pa\u00eds <\/strong>se ubic\u00f3 en 829 puntos b\u00e1sicos al viernes 29 de agosto, \u00faltimo dato disponible. <\/p>\n<p class=\"com-paragraph   --s\">\u201cEl riesgo pa\u00eds hab\u00eda empezado a abandonar el estado estacionario de 700 puntos b\u00e1sicos cuando a mediados de julio qued\u00f3 reflejada la mala praxis del equipo econ\u00f3mico en el desarme de las LEFI.<strong> Los ruidos pol\u00edticos surgidos con los rechazos del Congreso a los vetos del Gobierno y con los audios relacionados con la Agencia Nacional de Discapacidad (Andis), <\/strong>solo acentuaron esta din\u00e1mica al sembrar dudas sobre la fortaleza del Gobierno, medida en t\u00e9rminos de manejo\/construcci\u00f3n pol\u00edtica, para encarar las reformas pendientes y corregir los desequilibrios que todav\u00eda tiene la macro\u00bb, dijeron desde la consultora econ\u00f3mica LCG. <\/p>\n<section class=\"container-center-100 mb-40 border border-bottom border-thin border-neutral-light-700\">\n<hr\/>\n<\/section>\n<\/div>\n","protected":false},"excerpt":{"rendered":"<p>A d\u00edas de las elecciones en la provincia de Buenos Aires, los d\u00f3lares arrancaron septiembre al alza. Con la llegada de un nuevo mes, se vio una mayor demanda de divisas por parte de los ahorristas minoristas, sobre todo ante un clima electoral que incentiv\u00f3 hist\u00f3ricamente la dolarizaci\u00f3n. Si a eso se le suma el [&hellip;]<\/p>\n","protected":false},"author":2,"featured_media":198185,"comment_status":"closed","ping_status":"closed","sticky":false,"template":"","format":"standard","meta":{"footnotes":""},"categories":[28],"tags":[],"class_list":["post-198184","post","type-post","status-publish","format-standard","has-post-thumbnail","hentry","category-economia"],"_links":{"self":[{"href":"https:\/\/radioacuariofm.com.ar\/index.php?rest_route=\/wp\/v2\/posts\/198184","targetHints":{"allow":["GET"]}}],"collection":[{"href":"https:\/\/radioacuariofm.com.ar\/index.php?rest_route=\/wp\/v2\/posts"}],"about":[{"href":"https:\/\/radioacuariofm.com.ar\/index.php?rest_route=\/wp\/v2\/types\/post"}],"author":[{"embeddable":true,"href":"https:\/\/radioacuariofm.com.ar\/index.php?rest_route=\/wp\/v2\/users\/2"}],"replies":[{"embeddable":true,"href":"https:\/\/radioacuariofm.com.ar\/index.php?rest_route=%2Fwp%2Fv2%2Fcomments&post=198184"}],"version-history":[{"count":1,"href":"https:\/\/radioacuariofm.com.ar\/index.php?rest_route=\/wp\/v2\/posts\/198184\/revisions"}],"predecessor-version":[{"id":198186,"href":"https:\/\/radioacuariofm.com.ar\/index.php?rest_route=\/wp\/v2\/posts\/198184\/revisions\/198186"}],"wp:featuredmedia":[{"embeddable":true,"href":"https:\/\/radioacuariofm.com.ar\/index.php?rest_route=\/wp\/v2\/media\/198185"}],"wp:attachment":[{"href":"https:\/\/radioacuariofm.com.ar\/index.php?rest_route=%2Fwp%2Fv2%2Fmedia&parent=198184"}],"wp:term":[{"taxonomy":"category","embeddable":true,"href":"https:\/\/radioacuariofm.com.ar\/index.php?rest_route=%2Fwp%2Fv2%2Fcategories&post=198184"},{"taxonomy":"post_tag","embeddable":true,"href":"https:\/\/radioacuariofm.com.ar\/index.php?rest_route=%2Fwp%2Fv2%2Ftags&post=198184"}],"curies":[{"name":"wp","href":"https:\/\/api.w.org\/{rel}","templated":true}]}}