{"id":191335,"date":"2025-08-12T21:23:12","date_gmt":"2025-08-13T00:23:12","guid":{"rendered":"https:\/\/radioacuariofm.com.ar\/?p=191335"},"modified":"2025-08-12T21:23:14","modified_gmt":"2025-08-13T00:23:14","slug":"petro-se-equivoco-en-pleno-homenaje-y-llamo-por-otro-nombre-al-senador-asesinado-al-pedir-un-minuto-de-silencio","status":"publish","type":"post","link":"https:\/\/radioacuariofm.com.ar\/?p=191335","title":{"rendered":"Petro se equivoc\u00f3 en pleno homenaje y llam\u00f3 por otro nombre al senador asesinado al pedir un minuto de silencio"},"content":{"rendered":"<p> <br \/>\n<\/p>\n<div>\n<p class=\"com-paragraph  --capital --s\">BOGOT\u00c1.- Durante una ceremonia de ascensos de la Polic\u00eda Nacional, el presidente de Colombia, <strong>Gustavo Petro, pidi\u00f3 un minuto de silencio por el precandidato asesinado Miguel Uribe Turbay, pero cometi\u00f3 un error y lo llam\u00f3 \u201cMario Uribe\u201d<\/strong>. Segundos despu\u00e9s, corrigi\u00f3 su error y mencion\u00f3 el nombre completo del <a href=\"https:\/\/www.lanacion.com.ar\/el-mundo\/murio-miguel-uribe-turbay-el-precandidato-a-presidente-de-colombia-que-habia-sido-victima-de-un-nid11082025\/\" target=\"_self\" title=\"https:\/\/www.lanacion.com.ar\/el-mundo\/murio-miguel-uribe-turbay-el-precandidato-a-presidente-de-colombia-que-habia-sido-victima-de-un-nid11082025\/\" class=\"com-link break-word\" data-mrf-recirculation=\"n_link_parrafo\">precandidato asesinado<\/a>.<\/p>\n<p class=\"com-paragraph   --s\">\u201cUn minuto de silencio por la paz, por la familia y <strong>la paz misma del senador Mario Uribe Turbay<\/strong>&#8230;\u201d, dijo Petro durante su discurso.<\/p>\n<p class=\"com-paragraph   --s\">Despu\u00e9s de cometer la equivocaci\u00f3n, las personas que se encontraban alrededor del presidente <strong>le hicieron caer en cuenta del error<\/strong>, y gracias a esta acci\u00f3n rectific\u00f3 y corrigi\u00f3 mencionando el nombre del senador, seguido de una disculpa. <\/p>\n<p class=\"com-paragraph   --s\"><strong>\u201cMiguel Uribe Turbay, perd\u00f3n\u201d<\/strong>, se corrigi\u00f3 luego el presidente colombiano.<\/p>\n<p class=\"com-paragraph   --s\">Durante el discurso, Petro tambi\u00e9n anunci\u00f3 que <strong>presentar\u00e1 denuncias contra quienes han insinuado, sin pruebas, que estar\u00eda involucrado en el atentado<\/strong>. \u201cHay un delito contra nosotros andando: los que afirman que este presidente es responsable, ni la UNP (Unidad Nacional de Protecci\u00f3n) ni la Polic\u00eda Nacional son responsables. Los responsables apuntan hacia otro lado\u201d, dijo en su discurso ante polic\u00edas en Bogot\u00e1.<\/p>\n<p class=\"com-paragraph   --s\">El presidente fue blanco de fuertes cr\u00edticas de la oposici\u00f3n colombiana tras la muerte de Uribe. Uno de sus enemigos ac\u00e9rrimos, el alcalde de Medell\u00edn,\u00a0<strong>Fico Guti\u00e9rrez,\u00a0<\/strong>tambi\u00e9n se pronunci\u00f3 sobre el asesinato de Uribe Turbay.\u00a0<strong>\u201cSi alguien gener\u00f3 odio contra Miguel Uribe fue Petro como presidente. No pueden seguir gobernando desde el odio. Van tres a\u00f1os de generar odio\u201d<\/strong>, dijo.<\/p>\n<p class=\"com-paragraph   --s\">Petro <strong>ya se hab\u00eda referido a la muerte del senador<\/strong> y precandidato presidencial Miguel Uribe Turbay, quien muri\u00f3 el lunes tras ser v\u00edctima de un atentado sicarial el 7 de junio durante un mit\u00edn pol\u00edtico en Bogot\u00e1. <\/p>\n<p class=\"com-paragraph   --s\">En una extensa publicaci\u00f3n en sus redes sociales, el presidente dio el p\u00e9same e hizo una condena a cualquier tipo de violencia pol\u00edtica. \u201cMi sentido p\u00e9same a la familia del senador Miguel Uribe Turbay, y a las y los colombianos todos. <strong>La vida est\u00e1 por encima de cualquier ideolog\u00eda<\/strong>\u201d.<\/p>\n<p class=\"com-paragraph   --s\">\u201cLa violencia en Colombia viene siendo derrotada a trav\u00e9s de las \u00faltimas d\u00e9cadas. Despu\u00e9s de un genocidio pol\u00edtico desatado entre liberales y conservadores, que dej\u00f3 300.000 campesinos muertos, despu\u00e9s de otro genocidio pol\u00edtico, cometido contra la izquierda del pa\u00eds, hemos pasado a una violencia centrada en las econom\u00edas il\u00edcitas, que se arrincona, cada vez m\u00e1s, en las fronteras y los puertos. <strong>Pero la muerte nos da sorpresas y nos asalta a\u00fan<\/strong>\u201d, declar\u00f3.<\/p>\n<p class=\"com-paragraph   --s\">El mandatario colombiano apunt\u00f3 que fue en un <strong>\u201cgobierno progresista, amante de la vida\u201d<\/strong>, que ocurri\u00f3 este crimen, \u201ccon tr\u00e1gico final contra un senador de la oposici\u00f3n\u201d.<\/p>\n<p class=\"com-paragraph   --s\">Gustavo Petro habl\u00f3 de la investigaci\u00f3n que actualmente adelanta la Fiscal\u00eda. \u201cSus causas, a\u00fan en averiguaci\u00f3n, marcan por ahora, un camino muy diferente al que inicialmente y de manera prejuiciada, se insinu\u00f3. La investigaci\u00f3n debe profundizarse. Y ser\u00e1n las autoridades competentes para ella, ayudada por expertos internacionales, quienes se pronunciar\u00e1n en su momento\u201d. <\/p>\n<p class=\"com-paragraph   --s\"><strong>Agencia AP y diario <\/strong><em><strong>El Tiempo<\/strong><\/em><strong> (GDA)<\/strong><\/p>\n<section class=\"container-center-100 mb-40 border border-bottom border-thin border-neutral-light-700\">\n<hr\/>\n<\/section>\n<\/div>\n\n","protected":false},"excerpt":{"rendered":"<p>BOGOT\u00c1.- Durante una ceremonia de ascensos de la Polic\u00eda Nacional, el presidente de Colombia, Gustavo Petro, pidi\u00f3 un minuto de silencio por el precandidato asesinado Miguel Uribe Turbay, pero cometi\u00f3 un error y lo llam\u00f3 \u201cMario Uribe\u201d. Segundos despu\u00e9s, corrigi\u00f3 su error y mencion\u00f3 el nombre completo del precandidato asesinado. \u201cUn minuto de silencio por [&hellip;]<\/p>\n","protected":false},"author":2,"featured_media":191336,"comment_status":"closed","ping_status":"closed","sticky":false,"template":"","format":"standard","meta":{"footnotes":""},"categories":[1],"tags":[],"class_list":["post-191335","post","type-post","status-publish","format-standard","has-post-thumbnail","hentry","category-uncategorized"],"_links":{"self":[{"href":"https:\/\/radioacuariofm.com.ar\/index.php?rest_route=\/wp\/v2\/posts\/191335","targetHints":{"allow":["GET"]}}],"collection":[{"href":"https:\/\/radioacuariofm.com.ar\/index.php?rest_route=\/wp\/v2\/posts"}],"about":[{"href":"https:\/\/radioacuariofm.com.ar\/index.php?rest_route=\/wp\/v2\/types\/post"}],"author":[{"embeddable":true,"href":"https:\/\/radioacuariofm.com.ar\/index.php?rest_route=\/wp\/v2\/users\/2"}],"replies":[{"embeddable":true,"href":"https:\/\/radioacuariofm.com.ar\/index.php?rest_route=%2Fwp%2Fv2%2Fcomments&post=191335"}],"version-history":[{"count":1,"href":"https:\/\/radioacuariofm.com.ar\/index.php?rest_route=\/wp\/v2\/posts\/191335\/revisions"}],"predecessor-version":[{"id":191337,"href":"https:\/\/radioacuariofm.com.ar\/index.php?rest_route=\/wp\/v2\/posts\/191335\/revisions\/191337"}],"wp:featuredmedia":[{"embeddable":true,"href":"https:\/\/radioacuariofm.com.ar\/index.php?rest_route=\/wp\/v2\/media\/191336"}],"wp:attachment":[{"href":"https:\/\/radioacuariofm.com.ar\/index.php?rest_route=%2Fwp%2Fv2%2Fmedia&parent=191335"}],"wp:term":[{"taxonomy":"category","embeddable":true,"href":"https:\/\/radioacuariofm.com.ar\/index.php?rest_route=%2Fwp%2Fv2%2Fcategories&post=191335"},{"taxonomy":"post_tag","embeddable":true,"href":"https:\/\/radioacuariofm.com.ar\/index.php?rest_route=%2Fwp%2Fv2%2Ftags&post=191335"}],"curies":[{"name":"wp","href":"https:\/\/api.w.org\/{rel}","templated":true}]}}