{"id":191332,"date":"2025-08-12T21:06:46","date_gmt":"2025-08-13T00:06:46","guid":{"rendered":"https:\/\/radioacuariofm.com.ar\/?p=191332"},"modified":"2025-08-12T21:06:48","modified_gmt":"2025-08-13T00:06:48","slug":"llaryora-y-pullaro-se-mostraron-juntos-y-pidieron-el-voto-en-las-elecciones","status":"publish","type":"post","link":"https:\/\/radioacuariofm.com.ar\/?p=191332","title":{"rendered":"Llaryora y Pullaro se mostraron juntos y pidieron el voto en las elecciones"},"content":{"rendered":"<p><\/p>\n<div>\n<p class=\"com-paragraph  --capital --s\">ROSARIO.\u2013 En el cierre del encuentro<strong> Experiencia IDEA Rosario<\/strong>, realizado bajo el lema \u201cDesaf\u00edos hoy, productividad y eficiencia, camino al Coloquio\u201d, los gobernadores <strong>Mart\u00edn Llaryora, de C\u00f3rdoba, y Maximiliano Pullaro, de Santa Fe,<\/strong> se mostraron como el bloque de \u201cProvincias Unidas\u201d y pidieron abiertamente el respaldo de la ciudadan\u00eda en las elecciones legislativas de octubre pr\u00f3ximo. En modo de campa\u00f1a, ambos mandatarios buscaron posicionarse como una alternativa<strong> \u201csensata\u201d frente a los extremos, <\/strong>reivindicando la defensa del interior productivo.<\/p>\n<p class=\"com-paragraph   --s\"><strong>\u201cSe abre en la Argentina una etapa nueva, donde todos tenemos que ser parte. Tenemos que salir de los dos polos en los que estamos presos. Ustedes saben que cuentan con nosotros, no atendemos en la Capital sino que estamos en la Regi\u00f3n Centro\u201d, <\/strong>afirm\u00f3 Llaryora.<\/p>\n<p class=\"com-paragraph   --s\">El mandatario cordob\u00e9s plante\u00f3 que el pa\u00eds necesita <strong>\u201cun modelo que nivele la macro, pero que entienda que la micro es importante para el crecimiento y el trabajo\u201d.<\/strong> En ese sentido, subray\u00f3 la importancia de las obras de infraestructura, como la Hidrov\u00eda, y remarc\u00f3: \u201cEn C\u00f3rdoba tenemos tasa cero para la industria y despu\u00e9s el costo de log\u00edstica te deja afuera\u201d.<\/p>\n<p class=\"com-paragraph   --s\">Pullaro, en tanto, advirti\u00f3 que el interior productivo <strong>\u201csigue siendo visto como la gallina de los huevos de oro\u201d. <\/strong>Y agreg\u00f3: \u201c<strong>Queremos mostrar que es posible tener un Estado eficiente, que puede bajar los gastos y hacer lo que tiene que hacer, m\u00e1s all\u00e1 de pagar costos pol\u00edticos.<\/strong> <strong>El equilibrio fiscal viene a terminar con el populismo, pero sin crecimiento econ\u00f3mico realmente nos pone en un cuello de botella\u201d.<\/strong><\/p>\n<div class=\"content-media\">\n<section role=\"button\" class=\"mod-media   \">\n<figure role=\"button\" class=\"mod-figure \"><figcaption class=\"mod-figcaption\"><span class=\"com-text --caption --twoxs\">El gobernador santafesino asegur\u00f3: \u201cEl Estado puede trabajar al lado del sector privado, desburocratizando en muchos aspectos para potenciarlo\u201d<\/span><span class=\"com-text --credit --twoxs\">Marcelo Manera<\/span><\/figcaption><\/figure>\n<\/section>\n<\/div>\n<p class=\"com-paragraph   --s\">El gobernador santafesino record\u00f3 que, incluso antes de asumir, robustecieron el Ministerio de Desarrollo Productivo, sumando \u00e1reas clave como log\u00edstica, puertos, aeropuertos, energ\u00eda y energ\u00edas renovables. \u201cEl Estado puede trabajar al lado del sector privado, desburocratizando en muchos aspectos para potenciarlo\u201d, asegur\u00f3.<\/p>\n<p class=\"com-paragraph   --s\"><strong>Pullaro <\/strong>resalt\u00f3 que en la Argentina \u201cse corrigieron variables macroecon\u00f3micas\u201d como la inflaci\u00f3n y la tasa de inter\u00e9s, pero admiti\u00f3: <strong>\u201cTodav\u00eda no hemos generado la confianza suficiente\u201d para bajar el riesgo pa\u00eds y atraer inversiones.<\/strong><\/p>\n<p class=\"com-paragraph   --s\">En l\u00ednea con su par cordob\u00e9s, advirti\u00f3 que <strong>tanto gobiernos \u201cpopulistas\u201d como \u201cliberales\u201d siguen sin comprender al interior productivo.<\/strong> \u201cQueremos mostrar que es posible tener un Estado que baje la carga y apueste al crecimiento econ\u00f3mico\u201d, insisti\u00f3.<\/p>\n<div class=\"content-media\">\n<section role=\"button\" class=\"mod-media   \">\n<figure role=\"button\" class=\"mod-figure \"><figcaption class=\"mod-figcaption\"><span class=\"com-text --caption --twoxs\">Llaryora, por su parte, repas\u00f3 el rol que ambos gobernadores tuvieron frente a iniciativas nacionales como la primera iniciativa de Ley Bases, cuando se proyectaba un aumento del 15% en las retenciones al valor industrial agregado: \u201cNo estamos dispuestos a darle herramientas que revienten el sistema productivo\u201d<br \/>\n<\/span><span class=\"com-text --credit --twoxs\">Marcelo Manera<\/span><\/figcaption><\/figure>\n<\/section>\n<\/div>\n<p class=\"com-paragraph   --s\">Llaryora, por su parte, repas\u00f3 el rol que ambos gobernadores tuvieron frente a iniciativas nacionales como la primera iniciativa de Ley Bases, cuando se proyectaba un aumento del 15% en las retenciones al valor industrial agregado. \u201cNo estamos dispuestos a darle herramientas que revienten el sistema productivo\u201d, dijo. Y record\u00f3: \u201c<strong>Fuimos el espacio de gobernadores que acompa\u00f1\u00f3 las leyes que ayudan a la macro, pero que pone l\u00edmites cuando afectan al trabajo y la producci\u00f3n\u201d.<\/strong><\/p>\n<p class=\"com-paragraph   --s\">Recalc\u00f3 que las decisiones se deben tomar<strong> \u201cconociendo la realidad del interior\u201d <\/strong>y defendi\u00f3 la necesidad de un modelo macroecon\u00f3mico estable que incluya \u201cdesarrollo y microeconom\u00eda\u201d para generar empleo y trabajo. <strong>\u201cPedimos un apoyo a la sensatez y a salir de la grieta, para construir un puente al futuro con certezas\u201d, <\/strong>sostuvo.<\/p>\n<p class=\"com-paragraph   --s\">Pullaro insisti\u00f3 en que<strong> la Argentina \u201ctiene una oportunidad\u201d si logra mirar al interior y no al AMBA.<\/strong> Record\u00f3 que se opusieron a aumentos de retenciones y que celebraron su reducci\u00f3n permanente. \u201cCuando en enero de 2025 no comprend\u00edan la situaci\u00f3n que estaba atravesando el campo y no las bajaban [las retenciones], <strong>nosotros dijimos que hab\u00eda que hacerlo; despu\u00e9s se redujeron por un tiempo y ahora de manera estable. <\/strong>Nos opusimos cuando quisieron aumentarlas y eso lo defendimos con firmeza. La consolidaci\u00f3n de un proyecto que cuide lo que se hizo bien y marque el rumbo que necesita el pa\u00eds es clave\u201d, afirm\u00f3.<\/p>\n<p class=\"com-paragraph   --s\">En Santa Fe, dijo, aplicaron \u201cel ajuste m\u00e1s grande que hizo cualquier gobierno provincial\u201d, reduciendo un 40% los gastos corrientes de los ministerios, bajando entre un 40 y un 70% el costo de la obra p\u00fablica y discutiendo el d\u00e9ficit de la caja de jubilaciones.<\/p>\n<p class=\"com-paragraph   --s\"><strong>\u201cLa Argentina no va a salir adelante si sigue mirando solo al mundo financiero o a la especulaci\u00f3n; va a salir adelante si fortalece su sistema productivo, y para eso estamos las Provincias Unidas\u201d, <\/strong>enfatiz\u00f3.<\/p>\n<p class=\"com-paragraph   --s\">A dos meses de las elecciones, Llaryora agradeci\u00f3 a los empresarios \u201cpor sostener y generar trabajo en un momento tan dif\u00edcil\u201d y reforz\u00f3: <strong>\u201cEl voto es un mensaje. Tenemos una oportunidad de generar una Argentina distinta, salir de los extremos y proyectar una naci\u00f3n estable, productiva y con empleo\u201d.<\/strong><\/p>\n<div class=\"content-media\">\n<section role=\"button\" class=\"mod-media   \">\n<figure role=\"button\" class=\"mod-figure \"><figcaption class=\"mod-figcaption\"><span class=\"com-text --caption --twoxs\">El cordob\u00e9s destac\u00f3 la articulaci\u00f3n p\u00fablico-privada en su provincia, con pol\u00edticas de cl\u00faster, participaci\u00f3n de universidades y c\u00e1maras, y una ley de promoci\u00f3n industrial con tasa cero para toda la cadena: \u201cNuestro diferencial es la infraestructura, que atrae inversiones\u201d<br \/>\n<\/span><span class=\"com-text --credit --twoxs\">Marcelo Manera<\/span><\/figcaption><\/figure>\n<\/section>\n<\/div>\n<p class=\"com-paragraph   --s\">El cordob\u00e9s destac\u00f3 la articulaci\u00f3n p\u00fablico-privada en su provincia, con pol\u00edticas de cl\u00faster, participaci\u00f3n de universidades y c\u00e1maras, y una ley de promoci\u00f3n industrial con tasa cero para toda la cadena. \u201cNuestro diferencial es la infraestructura, que atrae inversiones\u201d, remarc\u00f3.<\/p>\n<p class=\"com-paragraph   --s\">Pullaro, en el tramo final, apel\u00f3 a un mensaje de unidad: \u201cA veces siento que<strong> la sociedad se deja llevar por quien le vende espejitos de colores, o por discursos muy fuertes que terminan identificando una demanda que tiene la sociedad. <\/strong>Pero en los hechos las cosas no terminan sucediendo como se plantean esos discursos tan fuertes, que pretenden gritar muy alto para que no haya ninguna voz que se pueda escuchar con claridad o con sensatez. <strong>Si trabajamos juntos y no desaprovechamos la oportunidad que nos va a dar el pa\u00eds en los pr\u00f3ximos a\u00f1os, la Argentina va a ser imparable e invencible como la provincia de Santa Fe\u201d.<\/strong><\/p>\n<section class=\"container-center-100 mb-40 border border-bottom border-thin border-neutral-light-700\">\n<hr\/>\n<\/section>\n<\/div>\n","protected":false},"excerpt":{"rendered":"<p>ROSARIO.\u2013 En el cierre del encuentro Experiencia IDEA Rosario, realizado bajo el lema \u201cDesaf\u00edos hoy, productividad y eficiencia, camino al Coloquio\u201d, los gobernadores Mart\u00edn Llaryora, de C\u00f3rdoba, y Maximiliano Pullaro, de Santa Fe, se mostraron como el bloque de \u201cProvincias Unidas\u201d y pidieron abiertamente el respaldo de la ciudadan\u00eda en las elecciones legislativas de octubre [&hellip;]<\/p>\n","protected":false},"author":2,"featured_media":191333,"comment_status":"closed","ping_status":"closed","sticky":false,"template":"","format":"standard","meta":{"footnotes":""},"categories":[28],"tags":[],"class_list":["post-191332","post","type-post","status-publish","format-standard","has-post-thumbnail","hentry","category-economia"],"_links":{"self":[{"href":"https:\/\/radioacuariofm.com.ar\/index.php?rest_route=\/wp\/v2\/posts\/191332","targetHints":{"allow":["GET"]}}],"collection":[{"href":"https:\/\/radioacuariofm.com.ar\/index.php?rest_route=\/wp\/v2\/posts"}],"about":[{"href":"https:\/\/radioacuariofm.com.ar\/index.php?rest_route=\/wp\/v2\/types\/post"}],"author":[{"embeddable":true,"href":"https:\/\/radioacuariofm.com.ar\/index.php?rest_route=\/wp\/v2\/users\/2"}],"replies":[{"embeddable":true,"href":"https:\/\/radioacuariofm.com.ar\/index.php?rest_route=%2Fwp%2Fv2%2Fcomments&post=191332"}],"version-history":[{"count":1,"href":"https:\/\/radioacuariofm.com.ar\/index.php?rest_route=\/wp\/v2\/posts\/191332\/revisions"}],"predecessor-version":[{"id":191334,"href":"https:\/\/radioacuariofm.com.ar\/index.php?rest_route=\/wp\/v2\/posts\/191332\/revisions\/191334"}],"wp:featuredmedia":[{"embeddable":true,"href":"https:\/\/radioacuariofm.com.ar\/index.php?rest_route=\/wp\/v2\/media\/191333"}],"wp:attachment":[{"href":"https:\/\/radioacuariofm.com.ar\/index.php?rest_route=%2Fwp%2Fv2%2Fmedia&parent=191332"}],"wp:term":[{"taxonomy":"category","embeddable":true,"href":"https:\/\/radioacuariofm.com.ar\/index.php?rest_route=%2Fwp%2Fv2%2Fcategories&post=191332"},{"taxonomy":"post_tag","embeddable":true,"href":"https:\/\/radioacuariofm.com.ar\/index.php?rest_route=%2Fwp%2Fv2%2Ftags&post=191332"}],"curies":[{"name":"wp","href":"https:\/\/api.w.org\/{rel}","templated":true}]}}