{"id":190774,"date":"2025-08-11T13:10:40","date_gmt":"2025-08-11T16:10:40","guid":{"rendered":"https:\/\/radioacuariofm.com.ar\/?p=190774"},"modified":"2025-08-11T13:10:43","modified_gmt":"2025-08-11T16:10:43","slug":"quien-es-alias-chipi-el-acusado-de-ser-el-cerebro-operativo-del-ataque-al-senador-colombiano-miguel-uribe-turbay","status":"publish","type":"post","link":"https:\/\/radioacuariofm.com.ar\/?p=190774","title":{"rendered":"Qui\u00e9n es alias Chipi, el acusado de ser el \u201ccerebro\u201d operativo del ataque al senador colombiano Miguel Uribe Turbay"},"content":{"rendered":"<p><img decoding=\"async\" src=\"https:\/\/radioacuariofm.com.ar\/wp-content\/uploads\/2025\/08\/quien-es-alias-chipi-el-acusado-de-ser-el-cerebro-FSYBHDV6IZFKFPENCU42KDUZIQ-1.jpg\"\/><\/p>\n<p><\/p>\n<p>Mientras <strong>Colombia est\u00e1 en luto por la<\/strong><strong> muerte este lunes del senador Miguel Uribe Turbay<\/strong><strong>, baleado en un acto p\u00fablico en Bogot\u00e1 en junio<\/strong>, la investigaci\u00f3n sobre el motivo del crimen sigue su curso. <strong>Elder Jos\u00e9 Arteaga Hern\u00e1ndez, alias Chipi o Coste\u00f1o, permanece como uno de los principales sospechosos <\/strong>seg\u00fan las autoridades.<\/p>\n<p>A fines de junio, Arteaga Hern\u00e1ndez fue identificado como el <strong>l\u00edder de una c\u00e9lula criminal contratada para ejecutar el atentado contra el pol\u00edtico. Su arresto fue confirmado d\u00edas despu\u00e9s<\/strong>.<\/p>\n<p><strong>Seg\u00fan la Fiscal\u00eda General, Chipi se encarg\u00f3 presuntamente de reclutar a los involucrados en el atentado y realizar la planeaci\u00f3n del crimen por encargo<\/strong>. Hasta el momento<strong> seis personas fueron detenidas, incluido un adolescente de 15 a\u00f1os, principal sospechoso de ser el autor material de los disparos<\/strong> que finalmente apagaron la vida de Uribe Turbay.<\/p>\n<p>Otros detenidos son Katerine Andrea Mart\u00ednez, alias Gabriela, una joven de 19 a\u00f1os que habr\u00eda proporcionado el arma al adolescente; William Fernando Gonz\u00e1lez Cruz, alias El Viejo o El Hermano, quien fue otro de los cabecillas log\u00edsticos del ataque; Carlos Eduardo Mora Gonz\u00e1lez, un colombo-venezolano identificado como conductor de uno de los veh\u00edculos usados en el escape de los implicados y Cristian Camilo Gonz\u00e1lez Ardila, de quien la Fiscal\u00eda dice que se encargar\u00eda de garantizar la huida del perpetrado.<\/p>\n<p>Seg\u00fan el avance de las investigaciones revelado por el general Triana,<strong> el atentado estuvo cuidadosamente planeado<\/strong>, con <strong>Chipi <\/strong>como cabeza de la operaci\u00f3n, <strong>\u201cun delincuente con m\u00e1s de 20 a\u00f1os de historial delictivo, quien ser\u00eda el principal coordinador de la acci\u00f3n criminal, desde su planeaci\u00f3n hasta su ejecuci\u00f3n\u201d<\/strong>, se\u00f1al\u00f3 el alto mando.<\/p>\n<p>Tras su captura, el ministro de Defensa colombiano, Pedro S\u00e1nchez, indic\u00f3 que \u2018el Coste\u00f1o\u2019 fue quien coordin\u00f3 los detalles log\u00edsticos y operativos del atentado. <strong>\u201cEste criminal, que habr\u00eda recibido hasta 1000 millones de pesos para articular la red de sicarios y coordinar cada detalle del ataque, ya est\u00e1 en manos de la justicia\u201d<\/strong>, afirm\u00f3 S\u00e1nchez.<\/p>\n<p>El sospechoso ya era conocido desde la d\u00e9cada de 2000 por delitos como lesiones, robos, extorsi\u00f3n y violencia en la zona de Bogot\u00e1. Estuvo encarcelado en la prisi\u00f3n La Modelo, donde conoci\u00f3 en 2002 a William Gonz\u00e1lez, El Hermano.<\/p>\n<p>\u201cLa investigaci\u00f3n indica que [el atentado] no es fortuito. Es algo planeado, de personas que se re\u00fanen, se concentran, y planean la afectaci\u00f3n a la integridad del senador. Y eso implica que hay alguien detr\u00e1s de todo eso\u201d, dijo Triana en entrevista con la revista Semana.<\/p>\n<p>Aunque no se identific\u00f3 al autor intelectual, <strong>el general asegur\u00f3 en junio que el grupo encabezado por Chipi fue contratado como \u201coutsourcing criminal\u201d, es decir, un grupo delincuencial que realiza operaciones a sueldo<\/strong>.<\/p>\n<p><strong>\u201c[Chipi] Es una persona l\u00edder, tiene una capacidad criminal se\u00f1alada que implica que estuvo en la c\u00e1rcel. Organiza un trabajo criminal, da instrucciones a un grupo de personas, entre ocho y 10 personas\u201d<\/strong>, asegur\u00f3 Triana a Semana.<\/p>\n<p>El funcionario se\u00f1al\u00f3 que, como en otros casos de la delincuencia de Colombia, la c\u00e9lula delictiva de Chipi se aprovech\u00f3 de que el adolescente detenido viene de un contexto de conflictos familiares y fue \u201cinstrumentalizado\u201d para realizar el ataque. Los otros involucrados participaron en las labores de planeaci\u00f3n y movimientos antes, durante y despu\u00e9s del atentado. <\/p>\n<p><strong>Los motivos del crimen a\u00fan no fueron esclarecidos<\/strong>.<\/p>\n<p>La entrada Qui\u00e9n es alias Chipi, el acusado de ser el \u201ccerebro\u201d operativo del ataque al senador colombiano Miguel Uribe Turbay se public\u00f3 primero en DIARIO DIGITAL MORENO MEDIOS.<\/p>\n","protected":false},"excerpt":{"rendered":"<p>Mientras Colombia est\u00e1 en luto por la muerte este lunes del senador Miguel Uribe Turbay, baleado en un acto p\u00fablico en Bogot\u00e1 en junio, la investigaci\u00f3n sobre el motivo del crimen sigue su curso. Elder Jos\u00e9 Arteaga Hern\u00e1ndez, alias Chipi o Coste\u00f1o, permanece como uno de los principales sospechosos seg\u00fan las autoridades. A fines de [&hellip;]<\/p>\n","protected":false},"author":2,"featured_media":190775,"comment_status":"closed","ping_status":"closed","sticky":false,"template":"","format":"standard","meta":{"footnotes":""},"categories":[33],"tags":[],"class_list":["post-190774","post","type-post","status-publish","format-standard","has-post-thumbnail","hentry","category-el-mundo"],"_links":{"self":[{"href":"https:\/\/radioacuariofm.com.ar\/index.php?rest_route=\/wp\/v2\/posts\/190774","targetHints":{"allow":["GET"]}}],"collection":[{"href":"https:\/\/radioacuariofm.com.ar\/index.php?rest_route=\/wp\/v2\/posts"}],"about":[{"href":"https:\/\/radioacuariofm.com.ar\/index.php?rest_route=\/wp\/v2\/types\/post"}],"author":[{"embeddable":true,"href":"https:\/\/radioacuariofm.com.ar\/index.php?rest_route=\/wp\/v2\/users\/2"}],"replies":[{"embeddable":true,"href":"https:\/\/radioacuariofm.com.ar\/index.php?rest_route=%2Fwp%2Fv2%2Fcomments&post=190774"}],"version-history":[{"count":1,"href":"https:\/\/radioacuariofm.com.ar\/index.php?rest_route=\/wp\/v2\/posts\/190774\/revisions"}],"predecessor-version":[{"id":190777,"href":"https:\/\/radioacuariofm.com.ar\/index.php?rest_route=\/wp\/v2\/posts\/190774\/revisions\/190777"}],"wp:featuredmedia":[{"embeddable":true,"href":"https:\/\/radioacuariofm.com.ar\/index.php?rest_route=\/wp\/v2\/media\/190775"}],"wp:attachment":[{"href":"https:\/\/radioacuariofm.com.ar\/index.php?rest_route=%2Fwp%2Fv2%2Fmedia&parent=190774"}],"wp:term":[{"taxonomy":"category","embeddable":true,"href":"https:\/\/radioacuariofm.com.ar\/index.php?rest_route=%2Fwp%2Fv2%2Fcategories&post=190774"},{"taxonomy":"post_tag","embeddable":true,"href":"https:\/\/radioacuariofm.com.ar\/index.php?rest_route=%2Fwp%2Fv2%2Ftags&post=190774"}],"curies":[{"name":"wp","href":"https:\/\/api.w.org\/{rel}","templated":true}]}}