{"id":190335,"date":"2025-08-09T17:34:53","date_gmt":"2025-08-09T20:34:53","guid":{"rendered":"https:\/\/radioacuariofm.com.ar\/?p=190335"},"modified":"2025-08-09T17:34:54","modified_gmt":"2025-08-09T20:34:54","slug":"conmocion-en-brasil-por-un-brutal-choque-entre-un-omnibus-y-un-camion-11-muertos-y-45-heridos","status":"publish","type":"post","link":"https:\/\/radioacuariofm.com.ar\/?p=190335","title":{"rendered":"Conmoci\u00f3n en Brasil por un brutal choque entre un \u00f3mnibus y un cami\u00f3n: 11 muertos y 45 heridos"},"content":{"rendered":"<p> <br \/>\n<\/p>\n<div>\n<p class=\"com-paragraph  --capital --s\">R\u00cdO DE JANEIRO.-<strong> Once personas murieron y 45 resultaron heridas por un choque frontal entre un cami\u00f3n de carga y un \u00f3mnibus en el centro oeste de Brasil<\/strong>, informaron este s\u00e1bado las autoridades.<\/p>\n<p class=\"com-paragraph   --s\">El accidente ocurri\u00f3 a las 21.40 locales del viernes en la carretera BR-163, cerca de la poblaci\u00f3n de Lucas do Rio Verde, en el estado de <strong>Mato Grosso.<\/strong><\/p>\n<p><iframe src=\"https:\/\/www.google.com\/maps\/embed?pb=!1m18!1m12!1m3!1d49146.28059059553!2d-55.92181555!3d-13.076256799999998!2m3!1f0!2f0!3f0!3m2!1i1024!2i768!4f13.1!3m3!1m2!1s0x93a0f3c6a1d90b3b%3A0xd207602a5617a3b1!2sLucas%20do%20Rio%20Verde%2C%20Mato%20Grosso%2C%2078455-000%2C%20Brasil!5e1!3m2!1ses-419!2sar!4v1754764689298!5m2!1ses-419!2sar\" width=\"600\" height=\"450\" style=\"border:0;\" allowfullscreen=\"\" loading=\"lazy\" referrerpolicy=\"no-referrer-when-downgrade\"><\/iframe>\n<\/p>\n<p class=\"com-paragraph   --s\">Seg\u00fan la Polic\u00eda Rodoviaria Federal (PRF, polic\u00eda de carretera), <strong>un \u00f3mnibus que viajaba de la capital estatal Cuiab\u00e1 a Sinop choc\u00f3 de frente contra un cami\u00f3n que transportaba semillas de algod\u00f3n<\/strong>.<\/p>\n<p class=\"com-paragraph   --s\">\u201cEl accidente dej\u00f3 11 muertos\u201d, indic\u00f3 en una nota la PRF, que examina las razones del choque.<\/p>\n<div class=\"content-media\">\n<section role=\"button\" class=\"mod-media   \">\n<figure role=\"button\" class=\"mod-figure \"><figcaption class=\"mod-figcaption\"><span class=\"com-text --caption --twoxs\">El frente del \u00f3mnibus partido a la mitad<\/span><span class=\"com-text --credit --twoxs\">Captura<\/span><\/figcaption><\/figure>\n<\/section>\n<\/div>\n<p class=\"com-paragraph   --s\">Los heridos fueron llevados a hospitales cercanos: 11 est\u00e1n en estado grave, 26 moderado y 8 leve, seg\u00fan la polic\u00eda vial.<\/p>\n<p class=\"com-paragraph   --s\">El conductor del cami\u00f3n tuvo heridas leves.<\/p>\n<p class=\"com-paragraph   --s\">Seg\u00fan el superintendente Francisco \u00c9lcio Lima Lucena, el conductor del \u00f3mnibus se cruz\u00f3 al carril contrario, lo que provoc\u00f3 el accidente.<strong> El conductor Edmilson Ferreira habr\u00eda salido de Cuiab\u00e1 alrededor del mediod\u00eda con destino a Sinop (a 500 km de la capital), y llevaba diez horas manejando. A Ferreira debieron amputarle un brazo y se encuentra en estado grave<\/strong>.<\/p>\n<p class=\"com-paragraph   --s\">La empresa de transporte Rio Novo, propietaria del \u00f3mnibus, confirm\u00f3 el accidente.<strong> \u201cNuestra prioridad es cuidar a las v\u00edctimas y a sus familiares\u201d<\/strong>, indic\u00f3 en una nota en redes sociales.<\/p>\n<p class=\"com-paragraph   --s\">Los accidentes mortales son frecuentes en las carreteras de Brasil, <strong>un pa\u00eds de dimensiones continentales donde mueren unas 25.000 personas por a\u00f1o en las rutas.<\/strong><\/p>\n<div class=\"content-media\">\n<section role=\"button\" class=\"mod-media   \">\n<figure role=\"button\" class=\"mod-figure \"><figcaption class=\"mod-figcaption\"><span class=\"com-text --caption --twoxs\">El cami\u00f3n que protagoniz\u00f3 el accidente<\/span><span class=\"com-text --credit --twoxs\">Captura<\/span><\/figcaption><\/figure>\n<\/section>\n<\/div>\n<p class=\"com-paragraph   --s\">El domingo pasado, ocho personas murieron en un choque entre dos autom\u00f3viles y una motocicleta en una carretera en el estado brasile\u00f1o de Minas Gerais (sudeste).<\/p>\n<p class=\"com-paragraph   --s\">En mayo, el choque frontal entre una miniv\u00e1n y un cami\u00f3n dej\u00f3 nueve fallecidos y 10 heridos, tambi\u00e9n en Minas Gerais.<\/p>\n<p class=\"com-paragraph   --s\"><strong>Agencias AFP y Reuters<\/strong><\/p>\n<section class=\"container-center-100 mb-40 border border-bottom border-thin border-neutral-light-700\">\n<hr\/>\n<\/section>\n<\/div>\n\n","protected":false},"excerpt":{"rendered":"<p>R\u00cdO DE JANEIRO.- Once personas murieron y 45 resultaron heridas por un choque frontal entre un cami\u00f3n de carga y un \u00f3mnibus en el centro oeste de Brasil, informaron este s\u00e1bado las autoridades. El accidente ocurri\u00f3 a las 21.40 locales del viernes en la carretera BR-163, cerca de la poblaci\u00f3n de Lucas do Rio Verde, [&hellip;]<\/p>\n","protected":false},"author":2,"featured_media":190336,"comment_status":"closed","ping_status":"closed","sticky":false,"template":"","format":"standard","meta":{"footnotes":""},"categories":[1],"tags":[],"class_list":["post-190335","post","type-post","status-publish","format-standard","has-post-thumbnail","hentry","category-uncategorized"],"_links":{"self":[{"href":"https:\/\/radioacuariofm.com.ar\/index.php?rest_route=\/wp\/v2\/posts\/190335","targetHints":{"allow":["GET"]}}],"collection":[{"href":"https:\/\/radioacuariofm.com.ar\/index.php?rest_route=\/wp\/v2\/posts"}],"about":[{"href":"https:\/\/radioacuariofm.com.ar\/index.php?rest_route=\/wp\/v2\/types\/post"}],"author":[{"embeddable":true,"href":"https:\/\/radioacuariofm.com.ar\/index.php?rest_route=\/wp\/v2\/users\/2"}],"replies":[{"embeddable":true,"href":"https:\/\/radioacuariofm.com.ar\/index.php?rest_route=%2Fwp%2Fv2%2Fcomments&post=190335"}],"version-history":[{"count":1,"href":"https:\/\/radioacuariofm.com.ar\/index.php?rest_route=\/wp\/v2\/posts\/190335\/revisions"}],"predecessor-version":[{"id":190337,"href":"https:\/\/radioacuariofm.com.ar\/index.php?rest_route=\/wp\/v2\/posts\/190335\/revisions\/190337"}],"wp:featuredmedia":[{"embeddable":true,"href":"https:\/\/radioacuariofm.com.ar\/index.php?rest_route=\/wp\/v2\/media\/190336"}],"wp:attachment":[{"href":"https:\/\/radioacuariofm.com.ar\/index.php?rest_route=%2Fwp%2Fv2%2Fmedia&parent=190335"}],"wp:term":[{"taxonomy":"category","embeddable":true,"href":"https:\/\/radioacuariofm.com.ar\/index.php?rest_route=%2Fwp%2Fv2%2Fcategories&post=190335"},{"taxonomy":"post_tag","embeddable":true,"href":"https:\/\/radioacuariofm.com.ar\/index.php?rest_route=%2Fwp%2Fv2%2Ftags&post=190335"}],"curies":[{"name":"wp","href":"https:\/\/api.w.org\/{rel}","templated":true}]}}