{"id":189655,"date":"2025-08-07T17:22:43","date_gmt":"2025-08-07T20:22:43","guid":{"rendered":"https:\/\/radioacuariofm.com.ar\/?p=189655"},"modified":"2025-08-07T17:22:44","modified_gmt":"2025-08-07T20:22:44","slug":"como-llegaron-a-trabajar-en-una-heladeria","status":"publish","type":"post","link":"https:\/\/radioacuariofm.com.ar\/?p=189655","title":{"rendered":"c\u00f3mo llegaron a trabajar en una helader\u00eda"},"content":{"rendered":"<p><\/p>\n<div>\n<p>La f\u00e1brica de helados sanjuanina Portho estaba en un proceso de cambios internos en su estructura cuando les lleg\u00f3 un mail con la propuesta del programa de inclusi\u00f3n laboral Trabajando Sue\u00f1os. Hab\u00edan generado algunos puestos de trabajo nuevos y buscaban cubrirlos, por lo que ese eventual correo electr\u00f3nico fue una oportunidad para ambas partes: para la empresa para seguir su premisa de ser \u201cun lugar de posibilidades y compromiso social\u201d y para Facundo Castro y Pedro Balmaceda, un trabajo asegurado por 6 meses, con opci\u00f3n de quedar efectivos.<\/p>\n<p>Bastaron un par de reuniones, un proceso de capacitaci\u00f3n para quienes ya trabajaban all\u00ed y la firma de un acuerdo entre las partes involucradas, para que los j\u00f3venes recibieran sus uniformes y se integraran uno en el \u00e1rea administrativa y el otro, en el dep\u00f3sito hace poco m\u00e1s de un mes. Hasta ahora no hay quejas, s\u00f3lo aplausos por el buen desempe\u00f1o de ambos.<\/p>\n<p>Facundo tiene 34 a\u00f1os y algunas secuelas intelectuales de los recurrentes episodios de convulsiones por epilepsia que sufri\u00f3 de chico y que lo obligaron a pasar por muchos hospitales y sanatorios de San Juan, Mendoza, C\u00f3rdoba y Buenos Aires. Tambi\u00e9n tiene una importante disminuci\u00f3n visual, astigmatismo y miop\u00eda y una leve dificultad en el habla, que ha ido superando de a poco. Nada de eso le impidi\u00f3 terminar el secundario y hacer diferentes cursos de capacitaci\u00f3n que le han permitido incursionar como operador de PC, masajista y hasta preparador f\u00edsico.<\/p>\n<p>www.flickr.com\/photos\/gobiernodesanjuan\/54705965210\/in\/album-72177720328218277\/<\/p>\n<p>\u201cPese a que soy estudioso, hasta ahora nunca tuve un trabajo formal. S\u00ed he tenido ocupaciones temporales como las colonias de verano del municipio de Santa Luc\u00eda, entre el 2018 y el 2022, en una ferreter\u00eda y en una empresa de gastronom\u00eda, pero luego nunca m\u00e1s. Hasta ahora cre\u00eda que la discapacidad hace que las cosas sean m\u00e1s dif\u00edciles, pero no imposibles. Por eso me inclu\u00ed en el programa con mucha ilusi\u00f3n y ganas de trabajar\u201d, cuenta Facundo que aplica su m\u00e1xima atenci\u00f3n y responsabilidad para cumplir su funci\u00f3n de ordenar papeles, cargar en el sistema facturas y remitos. Pero adem\u00e1s de eso, como todos en su sector saben de su talento como preparador f\u00edsico, le asignaron la tarea de armar las pausas activas. Entonces al menos una vez al d\u00eda, los hace elongar y hacer algunos ejercicios.<\/p>\n<p>\u201cMe encanta este lugar de trabajo porque hay mucha calidad humana y porque queda muy cerca de mi casa. Son todas ventajas \u2026 y con el sueldo me voy a ir comprando de a poco algunas cosas para armar mi gimnasio y qui\u00e9n dice, alg\u00fan d\u00eda dar clases\u201d, afirma.<\/p>\n<p>Pedro Balmaceda, como su nuevo amigo Facundo, tambi\u00e9n valora el equipo de trabajo. \u201cYo soy un poco despistado. Quiz\u00e1s sea porque tengo un retraso madurativo leve que hace que las cosas me cuesten siempre un poco m\u00e1s o tenga otros tiempos para aprender. Pero ac\u00e1, mis compa\u00f1eros me explican todo, tienen predisposici\u00f3n y paciencia, me ayudan en lo que necesito y no se enojan si les pregunto algunas veces lo mismo. Y eso, te hace sentir bien\u201d, dice este muchacho de 24 a\u00f1os que s\u00f3lo ha tenido trabajo espor\u00e1dico, de pocos meses, en la cocina de un hotel. Por eso conseguir un trabajo era su gran aspiraci\u00f3n.<\/p>\n<p>\u201cEstar desocupado es estar en la incertidumbre, sin plata y sin tener nada que hacer. En cambio ahora, tengo una responsabilidad, tengo que cumplir un horario, presentarme a tiempo, tengo que venir prolijo y lo mejor es que tengo mi plata para hacer lo que quiero o lo que necesito. Eso es muy bueno y no s\u00f3lo me pone bien a m\u00ed, sino que a toda mi familia\u201d, asegura.<\/p>\n<p>www.flickr.com\/photos\/gobiernodesanjuan\/54705633476\/in\/album-72177720328218277\/<\/p>\n<p>Pedro trabaja en el dep\u00f3sito de la f\u00e1brica, se ocupa de ordenar y armar pedidos, pero a su vez contabilizar el stock tanto de las materias primas que ingresa para hacer los productos, como de los insumos que piden las sucursales para el despacho, ya sea cucuruchos, cucharitas, servilletas, entre otros elementos. Pero, lo mejor es, sin lugar a dudas, el descuento que tiene como empleado, cada vez que quiere ir a tomar un helado, un beneficio al que tambi\u00e9n accedi\u00f3 como el resto de los trabajadores del lugar.<\/p>\n<\/p><\/div>\n<p><script async defer crossorigin=\"anonymous\" src=\"https:\/\/connect.facebook.net\/es_ES\/sdk.js#xfbml=1&#038;version=v3.3\"><\/script><\/p>\n","protected":false},"excerpt":{"rendered":"<p>La f\u00e1brica de helados sanjuanina Portho estaba en un proceso de cambios internos en su estructura cuando les lleg\u00f3 un mail con la propuesta del programa de inclusi\u00f3n laboral Trabajando Sue\u00f1os. Hab\u00edan generado algunos puestos de trabajo nuevos y buscaban cubrirlos, por lo que ese eventual correo electr\u00f3nico fue una oportunidad para ambas partes: para [&hellip;]<\/p>\n","protected":false},"author":2,"featured_media":189656,"comment_status":"closed","ping_status":"closed","sticky":false,"template":"","format":"standard","meta":{"footnotes":""},"categories":[27],"tags":[],"class_list":["post-189655","post","type-post","status-publish","format-standard","has-post-thumbnail","hentry","category-san-juan"],"_links":{"self":[{"href":"https:\/\/radioacuariofm.com.ar\/index.php?rest_route=\/wp\/v2\/posts\/189655","targetHints":{"allow":["GET"]}}],"collection":[{"href":"https:\/\/radioacuariofm.com.ar\/index.php?rest_route=\/wp\/v2\/posts"}],"about":[{"href":"https:\/\/radioacuariofm.com.ar\/index.php?rest_route=\/wp\/v2\/types\/post"}],"author":[{"embeddable":true,"href":"https:\/\/radioacuariofm.com.ar\/index.php?rest_route=\/wp\/v2\/users\/2"}],"replies":[{"embeddable":true,"href":"https:\/\/radioacuariofm.com.ar\/index.php?rest_route=%2Fwp%2Fv2%2Fcomments&post=189655"}],"version-history":[{"count":1,"href":"https:\/\/radioacuariofm.com.ar\/index.php?rest_route=\/wp\/v2\/posts\/189655\/revisions"}],"predecessor-version":[{"id":189657,"href":"https:\/\/radioacuariofm.com.ar\/index.php?rest_route=\/wp\/v2\/posts\/189655\/revisions\/189657"}],"wp:featuredmedia":[{"embeddable":true,"href":"https:\/\/radioacuariofm.com.ar\/index.php?rest_route=\/wp\/v2\/media\/189656"}],"wp:attachment":[{"href":"https:\/\/radioacuariofm.com.ar\/index.php?rest_route=%2Fwp%2Fv2%2Fmedia&parent=189655"}],"wp:term":[{"taxonomy":"category","embeddable":true,"href":"https:\/\/radioacuariofm.com.ar\/index.php?rest_route=%2Fwp%2Fv2%2Fcategories&post=189655"},{"taxonomy":"post_tag","embeddable":true,"href":"https:\/\/radioacuariofm.com.ar\/index.php?rest_route=%2Fwp%2Fv2%2Ftags&post=189655"}],"curies":[{"name":"wp","href":"https:\/\/api.w.org\/{rel}","templated":true}]}}