{"id":187799,"date":"2025-08-02T09:39:34","date_gmt":"2025-08-02T12:39:34","guid":{"rendered":"https:\/\/radioacuariofm.com.ar\/?p=187799"},"modified":"2025-08-02T09:39:39","modified_gmt":"2025-08-02T12:39:39","slug":"gobierno-participo-de-la-inauguracion-del-espacio-de-la-memoria-en-el-foro-de-abogados-2","status":"publish","type":"post","link":"https:\/\/radioacuariofm.com.ar\/?p=187799","title":{"rendered":"Gobierno particip\u00f3 de la inauguraci\u00f3n del Espacio de la Memoria en el Foro de Abogados"},"content":{"rendered":"<p><img decoding=\"async\" src=\"https:\/\/radioacuariofm.com.ar\/wp-content\/uploads\/2025\/08\/39e8674211c26cb316eeb32730901931_L-2.jpg\"\/>  <\/p>\n<p>Con la presencia de la ministra Laura Palma, el Foro de Abogados estren\u00f3 un sector en su biblioteca que albergar\u00e1 libros relacionados con los hechos de la \u00faltima dictadura c\u00edvico-militar de la Argentina, en conmemoraci\u00f3n del D\u00eda del Abogado V\u00edctima del Terrorismo de Estado.<\/p>\n<p>\u201cEste espacio representa la labor de la profesi\u00f3n del abogado, una labor que como personas que hemos nacido en democracia no debemos olvidar. Es importante entender la posibilidad que tenemos de decir lo que pensamos sin miedo en un sistema que nos lo permite, y que quienes ejercemos esta profesi\u00f3n tenemos la responsabilidad de defender los derechos de los dem\u00e1s, que es mucho m\u00e1s que un trabajo\u201d afirm\u00f3 la ministra Palma en su alocuci\u00f3n, que concluy\u00f3 con la entrega de ejemplares del libro \u201cVoces del \u00daltimo Golpe de Estado\u201d.<\/p>\n<p> <img decoding=\"async\" src=\"https:\/\/radioacuariofm.com.ar\/wp-content\/uploads\/2025\/08\/54693440878_c42cb04149_b.jpg\" alt=\"2025-08-01 GOBIERNO: Actividad en Foro de Abogados\"\/> <\/p>\n<p>El acto cont\u00f3 con la participaci\u00f3n del ministro de la Corte Suprema de la Provincia Daniel Olivares Yapur, la vicepresidente del Foro de Abogados Carina Garc\u00eda Bueno, la vicerrectora de la Universidad Nacional de San Juan Andrea Leceta, el secretario de Gobierno, Justicia y Derechos Humanos Juan Jos\u00e9 Dubos y el director de Protecci\u00f3n y Promoci\u00f3n de Derechos Humanos Carlos Ma\u00f1\u00e9.<\/p>\n<p> <img decoding=\"async\" src=\"https:\/\/radioacuariofm.com.ar\/wp-content\/uploads\/2025\/08\/54693440908_972269a29b_b.jpg\" alt=\"2025-08-01 GOBIERNO: Actividad en Foro de Abogados\"\/>  <\/p>\n<p>La entrada Gobierno particip\u00f3 de la inauguraci\u00f3n del Espacio de la Memoria en el Foro de Abogados se public\u00f3 primero en DIARIO DIGITAL MORENO MEDIOS.<\/p>\n","protected":false},"excerpt":{"rendered":"<p>Con la presencia de la ministra Laura Palma, el Foro de Abogados estren\u00f3 un sector en su biblioteca que albergar\u00e1 libros relacionados con los hechos de la \u00faltima dictadura c\u00edvico-militar de la Argentina, en conmemoraci\u00f3n del D\u00eda del Abogado V\u00edctima del Terrorismo de Estado. \u201cEste espacio representa la labor de la profesi\u00f3n del abogado, una [&hellip;]<\/p>\n","protected":false},"author":2,"featured_media":187800,"comment_status":"closed","ping_status":"closed","sticky":false,"template":"","format":"standard","meta":{"footnotes":""},"categories":[27],"tags":[],"class_list":["post-187799","post","type-post","status-publish","format-standard","has-post-thumbnail","hentry","category-san-juan"],"_links":{"self":[{"href":"https:\/\/radioacuariofm.com.ar\/index.php?rest_route=\/wp\/v2\/posts\/187799","targetHints":{"allow":["GET"]}}],"collection":[{"href":"https:\/\/radioacuariofm.com.ar\/index.php?rest_route=\/wp\/v2\/posts"}],"about":[{"href":"https:\/\/radioacuariofm.com.ar\/index.php?rest_route=\/wp\/v2\/types\/post"}],"author":[{"embeddable":true,"href":"https:\/\/radioacuariofm.com.ar\/index.php?rest_route=\/wp\/v2\/users\/2"}],"replies":[{"embeddable":true,"href":"https:\/\/radioacuariofm.com.ar\/index.php?rest_route=%2Fwp%2Fv2%2Fcomments&post=187799"}],"version-history":[{"count":1,"href":"https:\/\/radioacuariofm.com.ar\/index.php?rest_route=\/wp\/v2\/posts\/187799\/revisions"}],"predecessor-version":[{"id":187804,"href":"https:\/\/radioacuariofm.com.ar\/index.php?rest_route=\/wp\/v2\/posts\/187799\/revisions\/187804"}],"wp:featuredmedia":[{"embeddable":true,"href":"https:\/\/radioacuariofm.com.ar\/index.php?rest_route=\/wp\/v2\/media\/187800"}],"wp:attachment":[{"href":"https:\/\/radioacuariofm.com.ar\/index.php?rest_route=%2Fwp%2Fv2%2Fmedia&parent=187799"}],"wp:term":[{"taxonomy":"category","embeddable":true,"href":"https:\/\/radioacuariofm.com.ar\/index.php?rest_route=%2Fwp%2Fv2%2Fcategories&post=187799"},{"taxonomy":"post_tag","embeddable":true,"href":"https:\/\/radioacuariofm.com.ar\/index.php?rest_route=%2Fwp%2Fv2%2Ftags&post=187799"}],"curies":[{"name":"wp","href":"https:\/\/api.w.org\/{rel}","templated":true}]}}