{"id":183813,"date":"2025-07-22T12:30:09","date_gmt":"2025-07-22T15:30:09","guid":{"rendered":"https:\/\/radioacuariofm.com.ar\/?p=183813"},"modified":"2025-07-22T12:30:12","modified_gmt":"2025-07-22T15:30:12","slug":"tres-sanjuaninos-al-mundial-u21-de-voley-2","status":"publish","type":"post","link":"https:\/\/radioacuariofm.com.ar\/?p=183813","title":{"rendered":"Tres sanjuaninos al Mundial U21 de voley"},"content":{"rendered":"<p><img decoding=\"async\" src=\"https:\/\/radioacuariofm.com.ar\/wp-content\/uploads\/2025\/07\/09a44e44c2f54cad6bfbfe03217c2ee2_L-2.jpg\"\/>  <\/p>\n<p>El voley sanjuanino sigue dando que hablar se de Selecci\u00f3n Argentina hablamos, y m\u00e1s en esta oportunidad con la confirmaci\u00f3n de la lista de convocados para el Mundial U21 en China. En esta oportunidad la provincia contar\u00e1 con tres representantes que viajar\u00e1n al continente asi\u00e1tico. <\/p>\n<p>Juan Sanchez, Mateo Gomez y Gino Bevilacua, formar\u00e1n parte de la lista de 12 convocados que tendr\u00e1 la Argentina del 21 al 31 de agosto disputando el certamen en China. Los jugadores, dos surgidos en Obras y uno en UVT, formaron parte del plantel que consigui\u00f3 el tercer puesto en el Sudamericano Juvenil del 2024.<\/p>\n<p>El seleccionado dirigido por Sebasti\u00e1n Fernandez disputar\u00e1 la zona de grupos junto a Ucrania, Francia, T\u00fanez, Indonesia e Italia.<\/p>\n<p>El listado completo:<\/p>\n<p><strong>Jugadores<\/strong><\/p>\n<p>Lucas Astegiano<br \/><strong>Juan S\u00e1nchez<\/strong><br \/>I\u00f1aki Ramos<br \/>Agust\u00edn Moyano<br \/>Leonardo Herbsommer<br \/>Emiliano Molini<br \/>Fausto L\u00f3pez<br \/>Fausto D\u00edaz<br \/><strong>Mateo G\u00f3mez<\/strong><br \/>Lorenzo Giraudo<br \/><strong>Gino Bevilacua<\/strong><br \/>Pedro Besso<\/p>\n<p><strong>Staff<\/strong><br \/>DT: Sebasti\u00e1n Fern\u00e1ndez<br \/>Asistente: Marcos Blanco<br \/>Estad\u00edstico: Adri\u00e1n Dezzutti<br \/>Kinesi\u00f3logo: Guido Malagrino<br \/>Manager: Fernando Valli<\/p>\n<p>La entrada Tres sanjuaninos al Mundial U21 de voley se public\u00f3 primero en DIARIO DIGITAL MORENO MEDIOS.<\/p>\n","protected":false},"excerpt":{"rendered":"<p>El voley sanjuanino sigue dando que hablar se de Selecci\u00f3n Argentina hablamos, y m\u00e1s en esta oportunidad con la confirmaci\u00f3n de la lista de convocados para el Mundial U21 en China. En esta oportunidad la provincia contar\u00e1 con tres representantes que viajar\u00e1n al continente asi\u00e1tico. Juan Sanchez, Mateo Gomez y Gino Bevilacua, formar\u00e1n parte de [&hellip;]<\/p>\n","protected":false},"author":2,"featured_media":183814,"comment_status":"closed","ping_status":"closed","sticky":false,"template":"","format":"standard","meta":{"footnotes":""},"categories":[27],"tags":[],"class_list":["post-183813","post","type-post","status-publish","format-standard","has-post-thumbnail","hentry","category-san-juan"],"_links":{"self":[{"href":"https:\/\/radioacuariofm.com.ar\/index.php?rest_route=\/wp\/v2\/posts\/183813","targetHints":{"allow":["GET"]}}],"collection":[{"href":"https:\/\/radioacuariofm.com.ar\/index.php?rest_route=\/wp\/v2\/posts"}],"about":[{"href":"https:\/\/radioacuariofm.com.ar\/index.php?rest_route=\/wp\/v2\/types\/post"}],"author":[{"embeddable":true,"href":"https:\/\/radioacuariofm.com.ar\/index.php?rest_route=\/wp\/v2\/users\/2"}],"replies":[{"embeddable":true,"href":"https:\/\/radioacuariofm.com.ar\/index.php?rest_route=%2Fwp%2Fv2%2Fcomments&post=183813"}],"version-history":[{"count":1,"href":"https:\/\/radioacuariofm.com.ar\/index.php?rest_route=\/wp\/v2\/posts\/183813\/revisions"}],"predecessor-version":[{"id":183816,"href":"https:\/\/radioacuariofm.com.ar\/index.php?rest_route=\/wp\/v2\/posts\/183813\/revisions\/183816"}],"wp:featuredmedia":[{"embeddable":true,"href":"https:\/\/radioacuariofm.com.ar\/index.php?rest_route=\/wp\/v2\/media\/183814"}],"wp:attachment":[{"href":"https:\/\/radioacuariofm.com.ar\/index.php?rest_route=%2Fwp%2Fv2%2Fmedia&parent=183813"}],"wp:term":[{"taxonomy":"category","embeddable":true,"href":"https:\/\/radioacuariofm.com.ar\/index.php?rest_route=%2Fwp%2Fv2%2Fcategories&post=183813"},{"taxonomy":"post_tag","embeddable":true,"href":"https:\/\/radioacuariofm.com.ar\/index.php?rest_route=%2Fwp%2Fv2%2Ftags&post=183813"}],"curies":[{"name":"wp","href":"https:\/\/api.w.org\/{rel}","templated":true}]}}