{"id":183374,"date":"2025-07-21T12:18:25","date_gmt":"2025-07-21T15:18:25","guid":{"rendered":"https:\/\/radioacuariofm.com.ar\/?p=183374"},"modified":"2025-07-21T12:18:26","modified_gmt":"2025-07-21T15:18:26","slug":"el-boleto-escolar-y-docente-gratuito-retoma-su-vigencia-tras-el-receso-invernal","status":"publish","type":"post","link":"https:\/\/radioacuariofm.com.ar\/?p=183374","title":{"rendered":"El Boleto Escolar y Docente Gratuito retoma su vigencia tras el receso invernal"},"content":{"rendered":"<p><\/p>\n<div>\n<p>El Ministerio de Gobierno inform\u00f3 a toda la comunidad educativa que desde el lunes 21 de julio de 2025 se reactiva el servicio de Boleto Escolar y Docente Gratuito en todas las l\u00edneas de transporte p\u00fablico de pasajeros. <\/p>\n<p>Este beneficio, que abarca a todas las l\u00edneas y recorridos de la RedTulum, se extender\u00e1 hasta la finalizaci\u00f3n del ciclo lectivo 2025, para continuar con la medida adoptada por el Gobierno de Marcelo Orrego. <\/p>\n<p>Con el objetivo de facilitar el acceso y agilizar el uso del servicio, se establece que todos los estudiantes que porten su uniforme escolar o guardapolvo, no necesitar\u00e1n presentar la credencial para acceder al boleto gratuito. <\/p>\n<p>El beneficio del boleto gratuito est\u00e1 dirigido a todos los estudiantes de los niveles inicial, primario y secundario, terciario y universitario, as\u00ed como a los docentes de todas las modalidades y niveles educativos, tanto de instituciones p\u00fablicas como privadas de la provincia.<\/p>\n<\/p><\/div>\n<p><script async defer crossorigin=\"anonymous\" src=\"https:\/\/connect.facebook.net\/es_ES\/sdk.js#xfbml=1&#038;version=v3.3\"><\/script><\/p>\n","protected":false},"excerpt":{"rendered":"<p>El Ministerio de Gobierno inform\u00f3 a toda la comunidad educativa que desde el lunes 21 de julio de 2025 se reactiva el servicio de Boleto Escolar y Docente Gratuito en todas las l\u00edneas de transporte p\u00fablico de pasajeros. Este beneficio, que abarca a todas las l\u00edneas y recorridos de la RedTulum, se extender\u00e1 hasta la [&hellip;]<\/p>\n","protected":false},"author":2,"featured_media":183375,"comment_status":"closed","ping_status":"closed","sticky":false,"template":"","format":"standard","meta":{"footnotes":""},"categories":[27],"tags":[],"class_list":["post-183374","post","type-post","status-publish","format-standard","has-post-thumbnail","hentry","category-san-juan"],"_links":{"self":[{"href":"https:\/\/radioacuariofm.com.ar\/index.php?rest_route=\/wp\/v2\/posts\/183374","targetHints":{"allow":["GET"]}}],"collection":[{"href":"https:\/\/radioacuariofm.com.ar\/index.php?rest_route=\/wp\/v2\/posts"}],"about":[{"href":"https:\/\/radioacuariofm.com.ar\/index.php?rest_route=\/wp\/v2\/types\/post"}],"author":[{"embeddable":true,"href":"https:\/\/radioacuariofm.com.ar\/index.php?rest_route=\/wp\/v2\/users\/2"}],"replies":[{"embeddable":true,"href":"https:\/\/radioacuariofm.com.ar\/index.php?rest_route=%2Fwp%2Fv2%2Fcomments&post=183374"}],"version-history":[{"count":1,"href":"https:\/\/radioacuariofm.com.ar\/index.php?rest_route=\/wp\/v2\/posts\/183374\/revisions"}],"predecessor-version":[{"id":183376,"href":"https:\/\/radioacuariofm.com.ar\/index.php?rest_route=\/wp\/v2\/posts\/183374\/revisions\/183376"}],"wp:featuredmedia":[{"embeddable":true,"href":"https:\/\/radioacuariofm.com.ar\/index.php?rest_route=\/wp\/v2\/media\/183375"}],"wp:attachment":[{"href":"https:\/\/radioacuariofm.com.ar\/index.php?rest_route=%2Fwp%2Fv2%2Fmedia&parent=183374"}],"wp:term":[{"taxonomy":"category","embeddable":true,"href":"https:\/\/radioacuariofm.com.ar\/index.php?rest_route=%2Fwp%2Fv2%2Fcategories&post=183374"},{"taxonomy":"post_tag","embeddable":true,"href":"https:\/\/radioacuariofm.com.ar\/index.php?rest_route=%2Fwp%2Fv2%2Ftags&post=183374"}],"curies":[{"name":"wp","href":"https:\/\/api.w.org\/{rel}","templated":true}]}}