{"id":183230,"date":"2025-07-14T16:01:00","date_gmt":"2025-07-14T19:01:00","guid":{"rendered":"https:\/\/radioacuariofm.com.ar\/?p=183230"},"modified":"2025-07-14T16:01:04","modified_gmt":"2025-07-14T19:01:04","slug":"la-historia-del-escudo-provincial-2","status":"publish","type":"post","link":"https:\/\/radioacuariofm.com.ar\/?p=183230","title":{"rendered":"la historia del Escudo Provincial"},"content":{"rendered":"<p><img decoding=\"async\" src=\"https:\/\/radioacuariofm.com.ar\/wp-content\/uploads\/2025\/07\/9e06dc47b4af47413394142376b55544_L-2.jpg\"\/>  <\/p>\n<p>El escudo provincial de San Juan fue institucionalizado por primera vez el 13 de julio de 1911. No obstante, debido a la falta de detalles en su descripci\u00f3n original, en 1962 se sancion\u00f3 el Decreto ley N\u00b0 1-G, que modific\u00f3 el art\u00edculo 1\u00b0 de la norma inicial para establecer con mayor precisi\u00f3n su dise\u00f1o y elementos simb\u00f3licos. Esta normativa fue finalmente ratificada por la Ley N\u00b0 3.004, en 1963.<\/p>\n<p>De forma ovalada, el escudo reproduce los atributos del escudo nacional: dos brazos entrelazados que sostienen una pica con un gorro frigio, coronado por un sol incaico de 18 rayos y rodeado por ramas de laurel unidas por una cinta patria. A partir de la ley de 1962, se estableci\u00f3 que los brazos estar\u00edan vestidos, en alusi\u00f3n al car\u00e1cter civil de quienes lucharon por la independencia.<\/p>\n<p>El sol con 18 rayos representa a los departamentos en los que se organizaba la provincia en ese momento. Las ramas de laurel simbolizan la tierra cultivada, la victoria y la paz, mientras que la cinta patria reafirma el sentimiento de argentinidad.<\/p>\n<p>La entrada la historia del Escudo Provincial se public\u00f3 primero en DIARIO DIGITAL MORENO MEDIOS.<\/p>\n","protected":false},"excerpt":{"rendered":"<p>El escudo provincial de San Juan fue institucionalizado por primera vez el 13 de julio de 1911. No obstante, debido a la falta de detalles en su descripci\u00f3n original, en 1962 se sancion\u00f3 el Decreto ley N\u00b0 1-G, que modific\u00f3 el art\u00edculo 1\u00b0 de la norma inicial para establecer con mayor precisi\u00f3n su dise\u00f1o y [&hellip;]<\/p>\n","protected":false},"author":2,"featured_media":183231,"comment_status":"closed","ping_status":"closed","sticky":false,"template":"","format":"standard","meta":{"footnotes":""},"categories":[27],"tags":[],"class_list":["post-183230","post","type-post","status-publish","format-standard","has-post-thumbnail","hentry","category-san-juan"],"_links":{"self":[{"href":"https:\/\/radioacuariofm.com.ar\/index.php?rest_route=\/wp\/v2\/posts\/183230","targetHints":{"allow":["GET"]}}],"collection":[{"href":"https:\/\/radioacuariofm.com.ar\/index.php?rest_route=\/wp\/v2\/posts"}],"about":[{"href":"https:\/\/radioacuariofm.com.ar\/index.php?rest_route=\/wp\/v2\/types\/post"}],"author":[{"embeddable":true,"href":"https:\/\/radioacuariofm.com.ar\/index.php?rest_route=\/wp\/v2\/users\/2"}],"replies":[{"embeddable":true,"href":"https:\/\/radioacuariofm.com.ar\/index.php?rest_route=%2Fwp%2Fv2%2Fcomments&post=183230"}],"version-history":[{"count":1,"href":"https:\/\/radioacuariofm.com.ar\/index.php?rest_route=\/wp\/v2\/posts\/183230\/revisions"}],"predecessor-version":[{"id":183233,"href":"https:\/\/radioacuariofm.com.ar\/index.php?rest_route=\/wp\/v2\/posts\/183230\/revisions\/183233"}],"wp:featuredmedia":[{"embeddable":true,"href":"https:\/\/radioacuariofm.com.ar\/index.php?rest_route=\/wp\/v2\/media\/183231"}],"wp:attachment":[{"href":"https:\/\/radioacuariofm.com.ar\/index.php?rest_route=%2Fwp%2Fv2%2Fmedia&parent=183230"}],"wp:term":[{"taxonomy":"category","embeddable":true,"href":"https:\/\/radioacuariofm.com.ar\/index.php?rest_route=%2Fwp%2Fv2%2Fcategories&post=183230"},{"taxonomy":"post_tag","embeddable":true,"href":"https:\/\/radioacuariofm.com.ar\/index.php?rest_route=%2Fwp%2Fv2%2Ftags&post=183230"}],"curies":[{"name":"wp","href":"https:\/\/api.w.org\/{rel}","templated":true}]}}