{"id":180108,"date":"2025-07-04T14:53:37","date_gmt":"2025-07-04T17:53:37","guid":{"rendered":"https:\/\/radioacuariofm.com.ar\/?p=180108"},"modified":"2025-07-04T14:53:38","modified_gmt":"2025-07-04T17:53:38","slug":"facundo-tivani-fue-citado-para-el-panamericano-de-ciclismo-en-pista","status":"publish","type":"post","link":"https:\/\/radioacuariofm.com.ar\/?p=180108","title":{"rendered":"Facundo Tivani fue citado para el Panamericano de ciclismo en pista"},"content":{"rendered":"<p><\/p>\n<div>\n<p>El sanjuanino Facundo Tivani fue incluido en la n\u00f3mina oficial de la Selecci\u00f3n Argentina Junior de ciclismo que, a mediados de julio, competir\u00e1 en el C<strong>ampeonato Panamericano de Pista 2025<\/strong> de la categor\u00eda.<\/p>\n<p>La cita cicl\u00edstica reunir\u00e1 a los j\u00f3venes talentos m\u00e1s destacados en el rubro de las selecciones panamericanas. El Panamericano se celebrar\u00e1 desde el jueves 17 al martes 22 de julio en <strong>Lima, Per\u00fa<\/strong>. La sede dispuesta por la <strong>Confederaci\u00f3n Panamericana de Ciclismo<\/strong> es el vel\u00f3dromo \u2013techado y con pista de madera- de la <strong>Villa Deportiva Nacional<\/strong> (<strong>VIDENA<\/strong>).<\/p>\n<p>La selecci\u00f3n de Argentina ser\u00e1 representada por los siguientes 11 ciclistas: en damas, Abril Ureta, Guadalupe D\u00edaz, Bianca Tempestini y Zoe Milagros Quiroga; en varones, Tiago Rivera, I\u00f1aki Serrano, Ignacio Di Rico, Facundo Tivani, Agust\u00edn Quiles, Bautista Nichea y Ramiro Migueles. El staff t\u00e9cnico estar\u00e1 integrado por el entrenador Walter P\u00e9rez, Daniel Capella y Jos\u00e9 Vellutato.<\/p>\n<p>El anuncio de la <strong>Federaci\u00f3n Argentina de Ciclismo de Pista y Ruta (FACPyR)<\/strong> se hizo posterior al Campeonato Argentino de Pista, reservado para Menores y Junior. El evento se celebr\u00f3 el fin de semana pasado, en el <strong>vel\u00f3dromo Vicente Alejo Chancay de San Juan.<\/strong><\/p>\n<p>En la competencia, el sanjuanino Facundo Tivani (sobrino de los reconocidos ciclistas Nicol\u00e1s y Gerardo Tivani) integr\u00f3 la selecci\u00f3n de la provincia. Pertenece a la categor\u00eda Junior y obtuvo tres medallas. Logr\u00f3 el oro en Vuelta a los puntos (acompa\u00f1ado por su comprovinciano Benjam\u00edn Guzm\u00e1n que gan\u00f3 el bronce, reflejado en la fotograf\u00eda de portada), el bronce en persecuci\u00f3n individual y bronce en Madison, junto a Alejo Riofr\u00edo. En general, <a href=\"https:\/\/sisanjuan.gob.ar\/23-deportes\/2025-06-30\/62703-ciclismo-san-juan-gano-el-medallero-en-el-campeonato-argentino-de-pista\" target=\"_blank\" rel=\"noopener noreferrer\">el desempe\u00f1o de la Selecci\u00f3n Sanjuanina fue excelente, ya que se consagr\u00f3 como ganadora del medallero general del Argentino.<\/a><\/p>\n<p>Es el tercer a\u00f1o consecutivo que San Juan aporta ciclistas a la Selecci\u00f3n Argentina para el Panamericano de Pista Junior. En 2023, Mat\u00edas Balmaceda, Samara Medrano y Delfina Dibella estuvieron en Asunci\u00f3n, Paraguay. Y en 2024, en Lima, Per\u00fa, Dibella repiti\u00f3 experiencia y tambi\u00e9n estuvo Ramiro Videla.<\/p>\n<\/p><\/div>\n<p><script async defer crossorigin=\"anonymous\" src=\"https:\/\/connect.facebook.net\/es_ES\/sdk.js#xfbml=1&#038;version=v3.3\"><\/script><\/p>\n","protected":false},"excerpt":{"rendered":"<p>El sanjuanino Facundo Tivani fue incluido en la n\u00f3mina oficial de la Selecci\u00f3n Argentina Junior de ciclismo que, a mediados de julio, competir\u00e1 en el Campeonato Panamericano de Pista 2025 de la categor\u00eda. La cita cicl\u00edstica reunir\u00e1 a los j\u00f3venes talentos m\u00e1s destacados en el rubro de las selecciones panamericanas. El Panamericano se celebrar\u00e1 desde [&hellip;]<\/p>\n","protected":false},"author":2,"featured_media":180109,"comment_status":"closed","ping_status":"closed","sticky":false,"template":"","format":"standard","meta":{"footnotes":""},"categories":[27],"tags":[],"class_list":["post-180108","post","type-post","status-publish","format-standard","has-post-thumbnail","hentry","category-san-juan"],"_links":{"self":[{"href":"https:\/\/radioacuariofm.com.ar\/index.php?rest_route=\/wp\/v2\/posts\/180108","targetHints":{"allow":["GET"]}}],"collection":[{"href":"https:\/\/radioacuariofm.com.ar\/index.php?rest_route=\/wp\/v2\/posts"}],"about":[{"href":"https:\/\/radioacuariofm.com.ar\/index.php?rest_route=\/wp\/v2\/types\/post"}],"author":[{"embeddable":true,"href":"https:\/\/radioacuariofm.com.ar\/index.php?rest_route=\/wp\/v2\/users\/2"}],"replies":[{"embeddable":true,"href":"https:\/\/radioacuariofm.com.ar\/index.php?rest_route=%2Fwp%2Fv2%2Fcomments&post=180108"}],"version-history":[{"count":1,"href":"https:\/\/radioacuariofm.com.ar\/index.php?rest_route=\/wp\/v2\/posts\/180108\/revisions"}],"predecessor-version":[{"id":180110,"href":"https:\/\/radioacuariofm.com.ar\/index.php?rest_route=\/wp\/v2\/posts\/180108\/revisions\/180110"}],"wp:featuredmedia":[{"embeddable":true,"href":"https:\/\/radioacuariofm.com.ar\/index.php?rest_route=\/wp\/v2\/media\/180109"}],"wp:attachment":[{"href":"https:\/\/radioacuariofm.com.ar\/index.php?rest_route=%2Fwp%2Fv2%2Fmedia&parent=180108"}],"wp:term":[{"taxonomy":"category","embeddable":true,"href":"https:\/\/radioacuariofm.com.ar\/index.php?rest_route=%2Fwp%2Fv2%2Fcategories&post=180108"},{"taxonomy":"post_tag","embeddable":true,"href":"https:\/\/radioacuariofm.com.ar\/index.php?rest_route=%2Fwp%2Fv2%2Ftags&post=180108"}],"curies":[{"name":"wp","href":"https:\/\/api.w.org\/{rel}","templated":true}]}}