{"id":178595,"date":"2025-06-30T14:44:33","date_gmt":"2025-06-30T17:44:33","guid":{"rendered":"https:\/\/radioacuariofm.com.ar\/?p=178595"},"modified":"2025-06-30T14:44:35","modified_gmt":"2025-06-30T17:44:35","slug":"comenzo-la-semana-de-la-miel-con-distinciones-y-degustacion","status":"publish","type":"post","link":"https:\/\/radioacuariofm.com.ar\/?p=178595","title":{"rendered":"Comenz\u00f3 la Semana de la Miel con distinciones y degustaci\u00f3n"},"content":{"rendered":"<p><\/p>\n<div>\n<p>Con el objetivo de impulsar el consumo de miel producida en San Juan, acercar a los sanjuaninos a los productores locales, fomentar la compra directa de productos de alta calidad y brindar capacitaci\u00f3n sobre temas vinculados al sector ap\u00edcola, se lanz\u00f3 esta nueva edici\u00f3n del evento. Durante la jornada se presentaron las diversas actividades que se desarrollar\u00e1n, entre ellas capacitaciones, degustaciones y exposiciones, con eje en la calidad de la miel sanjuanina.<\/p>\n<p>La mesa de autoridades estuvo conformada por el ministro de Producci\u00f3n, Trabajo e Innovaci\u00f3n, Gustavo Fern\u00e1ndez; el director de Desarrollo Agropecuario, Leonardo Storniolo; la directora de la Educaci\u00f3n Experimental Agropecuaria San Juan (INTA), M\u00f3nica Ruiz; el director de Educaci\u00f3n T\u00e9cnica y Formaci\u00f3n Profesional del Ministerio de Educaci\u00f3n, Rodolfo Navas; y el representante del sector productivo de la Mesa Ap\u00edcola Provincial, Manuel Ruiz.<\/p>\n<div class=\"embera-embed-responsive embera-embed-responsive-photo embera-embed-responsive-provider-flickr\"><a data-flickr-embed=\"true\" href=\"https:\/\/www.flickr.com\/photos\/gobiernodesanjuan\/54623870706\/\" title=\"2025-06-30 Producci\u00f3n, Trabajo e Innovaci\u00f3n. by Gobierno de San Juan, on Flickr\"><\/a><\/div>\n<p>El ministro Fern\u00e1ndez destac\u00f3 la importancia de esta iniciativa: \u201cLa apicultura es una actividad noble y transversal. San Juan no produce grandes vol\u00famenes a nivel nacional, pero s\u00ed mieles de excelent\u00edsima calidad, lo que constituye un factor diferenciador para posicionarnos mejor. En una era que valora lo saludable, la miel se destaca por sus propiedades alimenticias y medicinales. Debemos sostener esta actividad no solo por su producci\u00f3n, sino tambi\u00e9n por su rol en la polinizaci\u00f3n de nuestros campos, clave para obtener semillas de alta calidad en los valles cordilleranos. La integraci\u00f3n con el Ministerio de Educaci\u00f3n es fundamental: atrae a estudiantes de escuelas agrot\u00e9cnicas, combinando teor\u00eda y pr\u00e1ctica. Aunque no genera gran empleo, la apicultura ofrece oportunidades \u00fanicas. San Juan produce bienes de alt\u00edsima calidad, asociados al reconocimiento y a un mejor valor. Avanzamos explorando la producci\u00f3n org\u00e1nica de miel \u2014otro elemento diferenciador\u2014 y contamos con la ventaja de ser l\u00edderes en identificaciones geogr\u00e1ficas (IG). Propongo trabajar en una IG para la miel sanjuanina, caracteriz\u00e1ndola seg\u00fan los campos donde las abejas polinizan\u201d.<\/p>\n<p>Por su parte, el director Leonardo Storniolo expres\u00f3: \u201cEsta semana buscamos impulsar la producci\u00f3n de miel, que no es solo un producto, sino un componente clave de nuestro sector productivo. Por ello, ofreceremos cursos y capacitaciones que refuercen estas acciones y garanticen una miel exquisita con sello sanjuanino\u201d.<\/p>\n<p>A su turno, la directora del INTA se\u00f1al\u00f3: \u201cNuestro trabajo va m\u00e1s all\u00e1 del fomento productivo: hacemos ciencia aplicada a la agricultura. Hoy podr\u00e1n degustar mieles elaboradas en el marco de un proyecto del INTA, financiado por la Secretar\u00eda de Ciencia y T\u00e9cnica de la provincia, enfocado en caracterizarlas y agregarles valor seg\u00fan la flora de origen. Esta l\u00ednea de investigaci\u00f3n \u2014desarrollada junto con la UNSJ, la UCuyo e investigadores del CONICET\u2014 refleja c\u00f3mo las instituciones cient\u00edfico-t\u00e9cnicas apoyan al sector, mejorando y valorizando sus productos\u201d.<\/p>\n<div class=\"embera-embed-responsive embera-embed-responsive-photo embera-embed-responsive-provider-flickr\"><a data-flickr-embed=\"true\" href=\"https:\/\/www.flickr.com\/photos\/gobiernodesanjuan\/54624179345\/\" title=\"2025-06-30 Producci\u00f3n, Trabajo e Innovaci\u00f3n. by Gobierno de San Juan, on Flickr\"><img decoding=\"async\" class=\"embera-embed-responsive-item embera-embed-responsive-item-photo\" src=\"https:\/\/live.staticflickr.com\/65535\/54624179345_244bb6db61_b.jpg\" alt=\"2025-06-30 Producci\u00f3n, Trabajo e Innovaci\u00f3n.\"\/><\/a><\/div>\n<p>Uno de los momentos m\u00e1s emotivos del encuentro, fue el reconocimiento a cuatro personas que fueron art\u00edfices del crecimiento del sector ap\u00edcola en San Juan, distinguidos de manera p\u00f3stuma, Jorge Ernesto Rodr\u00edguez W\u00e2chter (recibi\u00f3 su esposa, Marta Alonso), Antonio Pedro Beorchia Nigris (recibi\u00f3 su hijo, Miguel Antonio Beorchia), y Luis Benito Maggio (recibi\u00f3 su esposa, Trinidad Manzanarez). Tambi\u00e9n fue distinguido en persona Fernando Ruiz.<\/p>\n<p>Al finalizar, se presentaron los resultados del Proyecto de Caracterizaci\u00f3n de Mieles y se llev\u00f3 a cabo una degustaci\u00f3n dirigida, a cargo del Panel de Degustaciones del INTA y la Universidad Cat\u00f3lica de Cuyo.<\/p>\n<\/p><\/div>\n<p><script async defer crossorigin=\"anonymous\" src=\"https:\/\/connect.facebook.net\/es_ES\/sdk.js#xfbml=1&#038;version=v3.3\"><\/script><\/p>\n","protected":false},"excerpt":{"rendered":"<p>Con el objetivo de impulsar el consumo de miel producida en San Juan, acercar a los sanjuaninos a los productores locales, fomentar la compra directa de productos de alta calidad y brindar capacitaci\u00f3n sobre temas vinculados al sector ap\u00edcola, se lanz\u00f3 esta nueva edici\u00f3n del evento. Durante la jornada se presentaron las diversas actividades que [&hellip;]<\/p>\n","protected":false},"author":2,"featured_media":178596,"comment_status":"closed","ping_status":"closed","sticky":false,"template":"","format":"standard","meta":{"footnotes":""},"categories":[27],"tags":[],"class_list":["post-178595","post","type-post","status-publish","format-standard","has-post-thumbnail","hentry","category-san-juan"],"_links":{"self":[{"href":"https:\/\/radioacuariofm.com.ar\/index.php?rest_route=\/wp\/v2\/posts\/178595","targetHints":{"allow":["GET"]}}],"collection":[{"href":"https:\/\/radioacuariofm.com.ar\/index.php?rest_route=\/wp\/v2\/posts"}],"about":[{"href":"https:\/\/radioacuariofm.com.ar\/index.php?rest_route=\/wp\/v2\/types\/post"}],"author":[{"embeddable":true,"href":"https:\/\/radioacuariofm.com.ar\/index.php?rest_route=\/wp\/v2\/users\/2"}],"replies":[{"embeddable":true,"href":"https:\/\/radioacuariofm.com.ar\/index.php?rest_route=%2Fwp%2Fv2%2Fcomments&post=178595"}],"version-history":[{"count":1,"href":"https:\/\/radioacuariofm.com.ar\/index.php?rest_route=\/wp\/v2\/posts\/178595\/revisions"}],"predecessor-version":[{"id":178597,"href":"https:\/\/radioacuariofm.com.ar\/index.php?rest_route=\/wp\/v2\/posts\/178595\/revisions\/178597"}],"wp:featuredmedia":[{"embeddable":true,"href":"https:\/\/radioacuariofm.com.ar\/index.php?rest_route=\/wp\/v2\/media\/178596"}],"wp:attachment":[{"href":"https:\/\/radioacuariofm.com.ar\/index.php?rest_route=%2Fwp%2Fv2%2Fmedia&parent=178595"}],"wp:term":[{"taxonomy":"category","embeddable":true,"href":"https:\/\/radioacuariofm.com.ar\/index.php?rest_route=%2Fwp%2Fv2%2Fcategories&post=178595"},{"taxonomy":"post_tag","embeddable":true,"href":"https:\/\/radioacuariofm.com.ar\/index.php?rest_route=%2Fwp%2Fv2%2Ftags&post=178595"}],"curies":[{"name":"wp","href":"https:\/\/api.w.org\/{rel}","templated":true}]}}