{"id":177695,"date":"2025-06-27T16:29:40","date_gmt":"2025-06-27T19:29:40","guid":{"rendered":"https:\/\/radioacuariofm.com.ar\/?p=177695"},"modified":"2025-06-27T16:29:43","modified_gmt":"2025-06-27T19:29:43","slug":"el-gobernador-orrego-inauguro-un-nuevo-centro-de-desarrollo-infantil-esta-vez-en-angaco-2","status":"publish","type":"post","link":"https:\/\/radioacuariofm.com.ar\/?p=177695","title":{"rendered":"El gobernador Orrego inaugur\u00f3 un nuevo Centro de Desarrollo Infantil, esta vez en Angaco"},"content":{"rendered":"<p><img decoding=\"async\" src=\"https:\/\/radioacuariofm.com.ar\/wp-content\/uploads\/2025\/06\/ce3c3ca3e1e293d12ac348b3458323d0_L-2.jpg\"\/>  <\/p>\n<p>Angaco ya cuenta con un nuevo Centro de Desarrollo Infantil (CDI). El gobernador Marcelo Orrego dej\u00f3 inaugurado este importante espacio de asistencia estatal, que beneficia a ni\u00f1os de 45 d\u00edas a 4 a\u00f1os de edad, garantizando el correcto desarrollo durante la primera etapa de vida.<\/p>\n<p>Gracias a esta flamante infraestructura, los ni\u00f1os del departamento podr\u00e1n recibir una atenci\u00f3n integral que incluye asistencia nutricional, estimulaci\u00f3n temprana y de psicomotricidad.<\/p>\n<p>Durante el acto, el gobernador estuvo acompa\u00f1ado por el ministro de Familia y Desarrollo Humano, Carlos Platero, intendente de Angaco, Jos\u00e9 Castro y dem\u00e1s funcionarios.<\/p>\n<p>En este contexto dijo: \u201cPara m\u00ed es un privilegio estar inaugurando obras como esta, que generan bienestar, sobre todo para los m\u00e1s peque\u00f1os, que siempre deben ser prioridad. Esta obra, pensada para ni\u00f1os de 45 d\u00edas a 4 a\u00f1os, les garantiza el derecho a ser felices, a vivir plenamente su infancia\u201d, expres\u00f3 el gobernador.<\/p>\n<p>Y agreg\u00f3: \u201cAunque estaba detenida, apenas asumimos, decidimos retomarla con convicci\u00f3n, como tambi\u00e9n hicimos con el Hospital de Angaco. En tiempos donde se discute la obra p\u00fablica, nosotros creemos que es fundamental para mejorar la vida de los sanjuaninos. Hacer es lo que nos moviliza. La pol\u00edtica, para m\u00ed, significa eso: hacer\u201d.<\/p>\n<p>Finalmente, agradeci\u00f3 a los profesionales que trabajar\u00e1n en el nuevo espacio: \u201cVan a acompa\u00f1ar a los chicos desde lo biol\u00f3gico, lo psicol\u00f3gico y lo social, y lo m\u00e1s importante, lo har\u00e1n con much\u00edsimo amor\u201d.<\/p>\n<p>Esta obra se inici\u00f3 con financiamiento de Naci\u00f3n y fue finalizada por el Ministerio de Infraestructura, Agua y Energ\u00eda de San Juan, con recursos provinciales, luego de que estuviera m\u00e1s de 4 meses neutralizada por falta de fondos. Se reactiv\u00f3 durante los primeros meses de 2024.<\/p>\n<h3>Caracter\u00edsticas del CDI de Angaco<\/h3>\n<p>El nuevo Centro de Desarrollo Infantil cuenta con una superficie aproximada de 220 m2, distribuidos en una planta. Contempla distintas salas seg\u00fan las edades y espacio de recreaci\u00f3n al aire libre.<\/p>\n<p>La moderna infraestructura ofrece los siguientes espacios:<br \/>\u2022 Acceso Principal<br \/>\u2022 \u00c1rea administrativa con Sanitario<br \/>\u2022 Cocina<br \/>\u2022 Sanitario para Discapacitados<br \/>\u2022 Lactario<br \/>\u2022 Deambulatorio<br \/>\u2022 Sala de 2, 3 y 4 a\u00f1os<br \/>\u2022 Sanitarios<br \/>\u2022 Patios Internos<br \/>\u2022 Patio T\u00e9cnico<\/p>\n<p>La entrada El gobernador Orrego inaugur\u00f3 un nuevo Centro de Desarrollo Infantil, esta vez en Angaco se public\u00f3 primero en DIARIO DIGITAL MORENO MEDIOS.<\/p>\n","protected":false},"excerpt":{"rendered":"<p>Angaco ya cuenta con un nuevo Centro de Desarrollo Infantil (CDI). El gobernador Marcelo Orrego dej\u00f3 inaugurado este importante espacio de asistencia estatal, que beneficia a ni\u00f1os de 45 d\u00edas a 4 a\u00f1os de edad, garantizando el correcto desarrollo durante la primera etapa de vida. Gracias a esta flamante infraestructura, los ni\u00f1os del departamento podr\u00e1n [&hellip;]<\/p>\n","protected":false},"author":2,"featured_media":177696,"comment_status":"closed","ping_status":"closed","sticky":false,"template":"","format":"standard","meta":{"footnotes":""},"categories":[27],"tags":[],"class_list":["post-177695","post","type-post","status-publish","format-standard","has-post-thumbnail","hentry","category-san-juan"],"_links":{"self":[{"href":"https:\/\/radioacuariofm.com.ar\/index.php?rest_route=\/wp\/v2\/posts\/177695","targetHints":{"allow":["GET"]}}],"collection":[{"href":"https:\/\/radioacuariofm.com.ar\/index.php?rest_route=\/wp\/v2\/posts"}],"about":[{"href":"https:\/\/radioacuariofm.com.ar\/index.php?rest_route=\/wp\/v2\/types\/post"}],"author":[{"embeddable":true,"href":"https:\/\/radioacuariofm.com.ar\/index.php?rest_route=\/wp\/v2\/users\/2"}],"replies":[{"embeddable":true,"href":"https:\/\/radioacuariofm.com.ar\/index.php?rest_route=%2Fwp%2Fv2%2Fcomments&post=177695"}],"version-history":[{"count":1,"href":"https:\/\/radioacuariofm.com.ar\/index.php?rest_route=\/wp\/v2\/posts\/177695\/revisions"}],"predecessor-version":[{"id":177698,"href":"https:\/\/radioacuariofm.com.ar\/index.php?rest_route=\/wp\/v2\/posts\/177695\/revisions\/177698"}],"wp:featuredmedia":[{"embeddable":true,"href":"https:\/\/radioacuariofm.com.ar\/index.php?rest_route=\/wp\/v2\/media\/177696"}],"wp:attachment":[{"href":"https:\/\/radioacuariofm.com.ar\/index.php?rest_route=%2Fwp%2Fv2%2Fmedia&parent=177695"}],"wp:term":[{"taxonomy":"category","embeddable":true,"href":"https:\/\/radioacuariofm.com.ar\/index.php?rest_route=%2Fwp%2Fv2%2Fcategories&post=177695"},{"taxonomy":"post_tag","embeddable":true,"href":"https:\/\/radioacuariofm.com.ar\/index.php?rest_route=%2Fwp%2Fv2%2Ftags&post=177695"}],"curies":[{"name":"wp","href":"https:\/\/api.w.org\/{rel}","templated":true}]}}