{"id":177691,"date":"2025-06-27T16:29:35","date_gmt":"2025-06-27T19:29:35","guid":{"rendered":"https:\/\/radioacuariofm.com.ar\/?p=177691"},"modified":"2025-06-27T16:29:38","modified_gmt":"2025-06-27T19:29:38","slug":"la-linea-262-retomo-su-recorrido-luego-de-que-el-gobierno-pavimente-en-pocito-2","status":"publish","type":"post","link":"https:\/\/radioacuariofm.com.ar\/?p=177691","title":{"rendered":"La l\u00ednea 262 retom\u00f3 su recorrido luego de que el Gobierno pavimente en Pocito"},"content":{"rendered":"<p><img decoding=\"async\" src=\"https:\/\/radioacuariofm.com.ar\/wp-content\/uploads\/2025\/06\/15aa8f28c58368b71f4df64b68f90153_L-2.jpg\"\/>  <\/p>\n<p>El Ministerio de Gobierno, a trav\u00e9s de la Direcci\u00f3n de Coordinaci\u00f3n de RedTulum, informa de que desde este jueves 27 de junio, los colectivos de la l\u00ednea 262 volvieron a circular por su trayecto habitual en la zona sur del Gran San Juan. <\/p>\n<p>El servicio de transporte p\u00fablico se encontraba desviado por trabajos de reparaci\u00f3n en calle Mendoza, los cuales ya fueron concluidos. Cabe destacar que, a 15 d\u00edas de comenzada la obra solicitada por la RedTulum, la l\u00ednea 262 retom\u00f3 su circulaci\u00f3n por la v\u00eda refaccionada. <\/p>\n<p>Las tareas fueron coordinadas por el Ministerio de Infraestructura, Agua y Energ\u00eda, a trav\u00e9s de la Direcci\u00f3n Provincial de Vialidad, tras el pedido del Ministerio de Gobierno, al manetenerse intransitable la calle por a\u00f1os. La ejecuci\u00f3n de la obra del Gobierno permiti\u00f3 recuperar las condiciones de transitabilidad en ese sector clave del departamento Pocito.<\/p>\n<p>La entrada La l\u00ednea 262 retom\u00f3 su recorrido luego de que el Gobierno pavimente en Pocito se public\u00f3 primero en DIARIO DIGITAL MORENO MEDIOS.<\/p>\n","protected":false},"excerpt":{"rendered":"<p>El Ministerio de Gobierno, a trav\u00e9s de la Direcci\u00f3n de Coordinaci\u00f3n de RedTulum, informa de que desde este jueves 27 de junio, los colectivos de la l\u00ednea 262 volvieron a circular por su trayecto habitual en la zona sur del Gran San Juan. El servicio de transporte p\u00fablico se encontraba desviado por trabajos de reparaci\u00f3n [&hellip;]<\/p>\n","protected":false},"author":2,"featured_media":177692,"comment_status":"closed","ping_status":"closed","sticky":false,"template":"","format":"standard","meta":{"footnotes":""},"categories":[27],"tags":[],"class_list":["post-177691","post","type-post","status-publish","format-standard","has-post-thumbnail","hentry","category-san-juan"],"_links":{"self":[{"href":"https:\/\/radioacuariofm.com.ar\/index.php?rest_route=\/wp\/v2\/posts\/177691","targetHints":{"allow":["GET"]}}],"collection":[{"href":"https:\/\/radioacuariofm.com.ar\/index.php?rest_route=\/wp\/v2\/posts"}],"about":[{"href":"https:\/\/radioacuariofm.com.ar\/index.php?rest_route=\/wp\/v2\/types\/post"}],"author":[{"embeddable":true,"href":"https:\/\/radioacuariofm.com.ar\/index.php?rest_route=\/wp\/v2\/users\/2"}],"replies":[{"embeddable":true,"href":"https:\/\/radioacuariofm.com.ar\/index.php?rest_route=%2Fwp%2Fv2%2Fcomments&post=177691"}],"version-history":[{"count":1,"href":"https:\/\/radioacuariofm.com.ar\/index.php?rest_route=\/wp\/v2\/posts\/177691\/revisions"}],"predecessor-version":[{"id":177694,"href":"https:\/\/radioacuariofm.com.ar\/index.php?rest_route=\/wp\/v2\/posts\/177691\/revisions\/177694"}],"wp:featuredmedia":[{"embeddable":true,"href":"https:\/\/radioacuariofm.com.ar\/index.php?rest_route=\/wp\/v2\/media\/177692"}],"wp:attachment":[{"href":"https:\/\/radioacuariofm.com.ar\/index.php?rest_route=%2Fwp%2Fv2%2Fmedia&parent=177691"}],"wp:term":[{"taxonomy":"category","embeddable":true,"href":"https:\/\/radioacuariofm.com.ar\/index.php?rest_route=%2Fwp%2Fv2%2Fcategories&post=177691"},{"taxonomy":"post_tag","embeddable":true,"href":"https:\/\/radioacuariofm.com.ar\/index.php?rest_route=%2Fwp%2Fv2%2Ftags&post=177691"}],"curies":[{"name":"wp","href":"https:\/\/api.w.org\/{rel}","templated":true}]}}