{"id":177625,"date":"2025-06-27T14:01:13","date_gmt":"2025-06-27T17:01:13","guid":{"rendered":"https:\/\/radioacuariofm.com.ar\/?p=177625"},"modified":"2025-06-27T14:01:15","modified_gmt":"2025-06-27T17:01:15","slug":"atenas-bajo-alerta-maxima-evacuacion-masiva-de-turistas-por-un-incendio-voraz","status":"publish","type":"post","link":"https:\/\/radioacuariofm.com.ar\/?p=177625","title":{"rendered":"Atenas, bajo alerta m\u00e1xima: evacuaci\u00f3n masiva de turistas por un incendio voraz"},"content":{"rendered":"<p> <br \/>\n<\/p>\n<div>\n<p class=\"com-paragraph   --s\"> <a href=\"https:\/\/www.lanacion.com.ar\/agencias\/grecia-lucha-contra-un-incendio-forestal-en-una-localidad-costera-cercana-a-la-capital-nid26062025\/\" target=\"_self\" title=\"https:\/\/www.lanacion.com.ar\/agencias\/grecia-lucha-contra-un-incendio-forestal-en-una-localidad-costera-cercana-a-la-capital-nid26062025\/\" class=\"com-link\" data-mrf-recirculation=\"n_link_parrafo\"><strong>Grecia<\/strong><\/a> ha vuelto a experimentar <strong>incendios forestales estivales,<\/strong> alimentados por los fuertes vientos, la sequ\u00eda y las altas temperaturas vinculados con el cambio clim\u00e1tico. Desde el jueves arde la localidad costera de Thymari, de 1000 habitantes, y visitada por cientos de turistas, en las afueras de Atenas.<\/p>\n<p class=\"com-paragraph   --s\">Las im\u00e1genes reproducidas por <em>LN+<\/em> muestran un denso humo gris que se elevaba sobre la regi\u00f3n de frondosa vegetaci\u00f3n.<\/p>\n<div class=\"content-media cursor-pointer\">\n<section class=\"mod-media ratio-16-9\">\n<figure class=\"mod-video\">\n<div class=\"video-player bg-black ratio-16-9\">\n<div id=\"facade-TQSwbNl8\" class=\"content-facade-jw relative bg-black ratio-16-9\"><picture><source media=\"(max-width: 767px)\" srcset=\"https:\/\/resizer.glanacion.com\/resizer\/v2\/https%3A%2F%2Fcdn.jwplayer.com%2Fv2%2Fmedia%2FTQSwbNl8%2Fposter.jpg%3Fwidth%3D720?auth=1e647174d6a714ab94b35dd34679408b6dd47b4c2349bbee7b2926271bf254dd&amp;width=480&amp;quality=70&amp;smart=false\"\/><\/picture><\/div>\n<\/div><figcaption class=\"border border-1 border-bottom border-light-300 bg-white relative px-16 py-8 min-h-36 w-100_md px-0_l mb-8\"><span class=\"text ln-text text-16 block\">Atenas en llamas<\/span><\/figcaption><\/figure>\n<\/section>\n<\/div>\n<h2 class=\"com-title --font-primary --xl --font-extra\">Operativo en la zona afectada <\/h2>\n<p class=\"com-paragraph   --s\">Si bien 160 bomberos con 37 veh\u00edculos y un helic\u00f3ptero lograron controlar las llamas este viernes, las autoridades elevaron a nivel 4 el riesgo de otros incendios en el \u00e1rea metropolitana de Atenas y las islas del Mar Egeo en medio de <strong>una ola de calor<\/strong> y fuertes rachas de viento que podr\u00eda dirigirse hacia el sur y este de la capital.<\/p>\n<p class=\"com-paragraph   --s\"><strong>El peligro de nuevos focos es serio.<\/strong> La Guardia Costera despleg\u00f3 varias embarcaciones en caso de evaluaciones mar\u00edtimas. <\/p>\n<p class=\"com-paragraph   --s\">El fuego arras\u00f3 con campos, olivares y una gran cantidad de viviendas. Las \u00e1reas mencionadas permanecen bajo alerta m\u00e1xima. <\/p>\n<section class=\"container-center-100 mb-40\">\n<hr\/>\n<\/section>\n<hr class=\"border border-bottom border-thin border-neutral-light-700 mb-32\"\/><\/div>\n\n","protected":false},"excerpt":{"rendered":"<p>Grecia ha vuelto a experimentar incendios forestales estivales, alimentados por los fuertes vientos, la sequ\u00eda y las altas temperaturas vinculados con el cambio clim\u00e1tico. Desde el jueves arde la localidad costera de Thymari, de 1000 habitantes, y visitada por cientos de turistas, en las afueras de Atenas. Las im\u00e1genes reproducidas por LN+ muestran un denso [&hellip;]<\/p>\n","protected":false},"author":2,"featured_media":177626,"comment_status":"closed","ping_status":"closed","sticky":false,"template":"","format":"standard","meta":{"footnotes":""},"categories":[1],"tags":[],"class_list":["post-177625","post","type-post","status-publish","format-standard","has-post-thumbnail","hentry","category-uncategorized"],"_links":{"self":[{"href":"https:\/\/radioacuariofm.com.ar\/index.php?rest_route=\/wp\/v2\/posts\/177625","targetHints":{"allow":["GET"]}}],"collection":[{"href":"https:\/\/radioacuariofm.com.ar\/index.php?rest_route=\/wp\/v2\/posts"}],"about":[{"href":"https:\/\/radioacuariofm.com.ar\/index.php?rest_route=\/wp\/v2\/types\/post"}],"author":[{"embeddable":true,"href":"https:\/\/radioacuariofm.com.ar\/index.php?rest_route=\/wp\/v2\/users\/2"}],"replies":[{"embeddable":true,"href":"https:\/\/radioacuariofm.com.ar\/index.php?rest_route=%2Fwp%2Fv2%2Fcomments&post=177625"}],"version-history":[{"count":1,"href":"https:\/\/radioacuariofm.com.ar\/index.php?rest_route=\/wp\/v2\/posts\/177625\/revisions"}],"predecessor-version":[{"id":177627,"href":"https:\/\/radioacuariofm.com.ar\/index.php?rest_route=\/wp\/v2\/posts\/177625\/revisions\/177627"}],"wp:featuredmedia":[{"embeddable":true,"href":"https:\/\/radioacuariofm.com.ar\/index.php?rest_route=\/wp\/v2\/media\/177626"}],"wp:attachment":[{"href":"https:\/\/radioacuariofm.com.ar\/index.php?rest_route=%2Fwp%2Fv2%2Fmedia&parent=177625"}],"wp:term":[{"taxonomy":"category","embeddable":true,"href":"https:\/\/radioacuariofm.com.ar\/index.php?rest_route=%2Fwp%2Fv2%2Fcategories&post=177625"},{"taxonomy":"post_tag","embeddable":true,"href":"https:\/\/radioacuariofm.com.ar\/index.php?rest_route=%2Fwp%2Fv2%2Ftags&post=177625"}],"curies":[{"name":"wp","href":"https:\/\/api.w.org\/{rel}","templated":true}]}}