{"id":176704,"date":"2025-06-25T08:49:24","date_gmt":"2025-06-25T11:49:24","guid":{"rendered":"https:\/\/radioacuariofm.com.ar\/?p=176704"},"modified":"2025-06-25T08:49:26","modified_gmt":"2025-06-25T11:49:26","slug":"quien-era-juliana-marins-la-brasilena-que-murio-tras-caer-en-un-volcan-de-indonesia-2","status":"publish","type":"post","link":"https:\/\/radioacuariofm.com.ar\/?p=176704","title":{"rendered":"Qui\u00e9n era Juliana Marins, la brasile\u00f1a que muri\u00f3 tras caer en un volc\u00e1n de Indonesia"},"content":{"rendered":"<p> <br \/>\n<\/p>\n<div>\n<p class=\"com-paragraph  --capital --s\">Luego de conocerse la noticia de que <strong>Juliana Marins<\/strong>, una turista brasile\u00f1a que estaba de vacaciones en <strong>Indonesia<\/strong>, se hab\u00eda ca\u00eddo el s\u00e1bado pasado en un volc\u00e1n y de que sus allegados hab\u00edan iniciado una campa\u00f1a para lograr un rescate con vida, <strong>este martes <\/strong><a href=\"https:\/\/www.lanacion.com.ar\/el-mundo\/murio-la-joven-brasilena-que-estaba-atrapada-hace-tres-dias-en-un-volcan-en-indonesia-nid24062025\/\" target=\"_self\" title=\"https:\/\/www.lanacion.com.ar\/el-mundo\/murio-la-joven-brasilena-que-estaba-atrapada-hace-tres-dias-en-un-volcan-en-indonesia-nid24062025\/\" class=\"com-link\" data-mrf-recirculation=\"n_link_parrafo\"><strong>se confirm\u00f3 su muerte. <\/strong><\/a><\/p>\n<p class=\"com-paragraph   --s\">La familia, que hab\u00eda creado un <em>Instagram <\/em>especial para dar novedades sobre la cr\u00edtica situaci\u00f3n de Marins, inform\u00f3 as\u00ed su fallecimiento: \u201cHoy el equipo de rescate consigui\u00f3 llegar hasta el lugar donde Juliana Marins estaba. <strong>Con inmensa tristeza informamos que ella no resisti\u00f3. <\/strong>Estamos muy agradecidos por todas las oraciones y los mensajes de cari\u00f1o y apoyo que recibimos\u201d. <\/p>\n<p class=\"com-paragraph   --s\">Seg\u00fan el diario <em>O Globo<\/em>, la joven de <strong>26 a\u00f1os <\/strong>era <strong>publicista <\/strong>y oriunda de <strong>Niter\u00f3i, estado de R\u00edo de Janeiro<\/strong>. Hab\u00eda iniciado su traves\u00eda como <strong>mochilera <\/strong>por el <strong>Sudeste Asi\u00e1tico <\/strong>en febrero de este a\u00f1o. En redes se mostraba como <strong>\u201capasionada por los viajes y los deportes al aire libre\u201d.<\/strong><em><strong> <\/strong><\/em><\/p>\n<p class=\"com-paragraph   --s\">En el \u00faltimo tiempo Marins comparti\u00f3 postales en los distintos pa\u00edses que visit\u00f3. Aventurera, public\u00f3 im\u00e1genes de traves\u00edas en moto, playas, picos monta\u00f1osos, comidas t\u00edpicas y clases de yoga. Adem\u00e1s, destreza para sus bailes de <em>pole dance<\/em>. <\/p>\n<p class=\"com-paragraph   --s\">Su historia caus\u00f3 conmoci\u00f3n, sobre todo en Brasil, ya que estuvo atrapada tres d\u00edas dentro del volc\u00e1n Rinjani, uno de los m\u00e1s conocidos de Indonesia y el segundo m\u00e1s alto del pa\u00eds, tras caer mientras realizaba una caminata. <\/p>\n<p class=\"com-paragraph   --s\">El lunes por la ma\u00f1ana, equipos de rescate hab\u00edan logrado localizarla mediante un\u00a0<strong>dron<\/strong> y tomaron una foto suya en el volc\u00e1n. La joven estaba atrapada en un<strong>\u00a0acantilado rocoso,<\/strong>\u00a0a unos\u00a0<strong>500 metros de profundidad<\/strong>. <\/p>\n<div class=\"content-media\">\n<section role=\"button\" class=\"mod-media   \">\n<figure role=\"button\" class=\"mod-figure \"><figcaption class=\"mod-figcaption\"><span class=\"com-text --caption --twoxs\">La foto de Juliana Marins en el volc\u00e1n<\/span><\/figcaption><\/figure>\n<\/section>\n<\/div>\n<p class=\"com-paragraph   --s\">De acuerdo a lo que report\u00f3 el medio<em> G1<\/em>, en base al testimonio de Mariana -la hermana de Juliana-, la publicista hab\u00eda salido con <strong>un grupo de cinco personas<\/strong> y un gu\u00eda local, y en el segundo d\u00eda de caminata dijo que estaba <strong>cansada <\/strong>para seguir con el trayecto. <\/p>\n<p class=\"com-paragraph   --s\">Entonces, se habr\u00eda quedado sola y en ese momento habr\u00eda ca\u00eddo. Turistas que pasaron por el lugar notificaron que estaba encerrada en el acantilado y contactaron a sus allegados. <\/p>\n<p class=\"com-paragraph   --s\"><strong>\u201cEl gu\u00eda sigui\u00f3 viaje para llegar a la cumbre. Nosotros solo tenemos esa informaci\u00f3n en base a medios locales [de Indonesia]. Juliana se desesper\u00f3 porque nadie volvi\u00f3 y se cay\u00f3. Abandonaron a Juliana\u201d<\/strong>, se quej\u00f3 Marina, seg\u00fan <em>G1<\/em>.<\/p>\n<p class=\"com-paragraph   --s\">Alertadas de la desaparici\u00f3n de la joven, las autoridades de Indonesia movilizaron a<strong>\u00a0dos equipos de expertos para llegar al lugar. <\/strong>Este martes, mientras todav\u00eda hab\u00eda indicios de que Marins segu\u00eda con vida, se despleg\u00f3 un nuevo operativo alrededor de las 15 (hora local), a\u00fan con condiciones clim\u00e1ticas adversas. Finalmente,<strong> los rescatistas lograron llegar a ella, pero la encontraron muerta.<\/strong><\/p>\n<section class=\"container-center-100 mb-40\">\n<hr\/>\n<\/section>\n<hr class=\"border border-bottom border-thin border-neutral-light-700 mb-32\"\/><\/div>\n\n","protected":false},"excerpt":{"rendered":"<p>Luego de conocerse la noticia de que Juliana Marins, una turista brasile\u00f1a que estaba de vacaciones en Indonesia, se hab\u00eda ca\u00eddo el s\u00e1bado pasado en un volc\u00e1n y de que sus allegados hab\u00edan iniciado una campa\u00f1a para lograr un rescate con vida, este martes se confirm\u00f3 su muerte. La familia, que hab\u00eda creado un Instagram [&hellip;]<\/p>\n","protected":false},"author":2,"featured_media":176705,"comment_status":"closed","ping_status":"closed","sticky":false,"template":"","format":"standard","meta":{"footnotes":""},"categories":[1],"tags":[],"class_list":["post-176704","post","type-post","status-publish","format-standard","has-post-thumbnail","hentry","category-uncategorized"],"_links":{"self":[{"href":"https:\/\/radioacuariofm.com.ar\/index.php?rest_route=\/wp\/v2\/posts\/176704","targetHints":{"allow":["GET"]}}],"collection":[{"href":"https:\/\/radioacuariofm.com.ar\/index.php?rest_route=\/wp\/v2\/posts"}],"about":[{"href":"https:\/\/radioacuariofm.com.ar\/index.php?rest_route=\/wp\/v2\/types\/post"}],"author":[{"embeddable":true,"href":"https:\/\/radioacuariofm.com.ar\/index.php?rest_route=\/wp\/v2\/users\/2"}],"replies":[{"embeddable":true,"href":"https:\/\/radioacuariofm.com.ar\/index.php?rest_route=%2Fwp%2Fv2%2Fcomments&post=176704"}],"version-history":[{"count":1,"href":"https:\/\/radioacuariofm.com.ar\/index.php?rest_route=\/wp\/v2\/posts\/176704\/revisions"}],"predecessor-version":[{"id":176706,"href":"https:\/\/radioacuariofm.com.ar\/index.php?rest_route=\/wp\/v2\/posts\/176704\/revisions\/176706"}],"wp:featuredmedia":[{"embeddable":true,"href":"https:\/\/radioacuariofm.com.ar\/index.php?rest_route=\/wp\/v2\/media\/176705"}],"wp:attachment":[{"href":"https:\/\/radioacuariofm.com.ar\/index.php?rest_route=%2Fwp%2Fv2%2Fmedia&parent=176704"}],"wp:term":[{"taxonomy":"category","embeddable":true,"href":"https:\/\/radioacuariofm.com.ar\/index.php?rest_route=%2Fwp%2Fv2%2Fcategories&post=176704"},{"taxonomy":"post_tag","embeddable":true,"href":"https:\/\/radioacuariofm.com.ar\/index.php?rest_route=%2Fwp%2Fv2%2Ftags&post=176704"}],"curies":[{"name":"wp","href":"https:\/\/api.w.org\/{rel}","templated":true}]}}