{"id":176386,"date":"2025-06-24T12:25:43","date_gmt":"2025-06-24T15:25:43","guid":{"rendered":"https:\/\/radioacuariofm.com.ar\/?p=176386"},"modified":"2025-06-24T12:25:45","modified_gmt":"2025-06-24T15:25:45","slug":"promesa-de-lealtad-a-la-bandera-con-musica-y-poesia-en-la-plaza-de-trinidad","status":"publish","type":"post","link":"https:\/\/radioacuariofm.com.ar\/?p=176386","title":{"rendered":"Promesa de lealtad a la Bandera con m\u00fasica y poes\u00eda en la plaza de Trinidad"},"content":{"rendered":"<p><\/p>\n<div>\n<p>En una jornada cargada de sentido patri\u00f3tico y de poes\u00eda, 38 estudiantes de los cuartos grados A y B de la escuela Perito Francisco Moreno realizaron su promesa de lealtad a la Bandera Argentina. El acto se hizo en la plaza de Trinidad y fue encabezado por la ministra de Educaci\u00f3n, Silvia Fuentes. De acuerdo a los registros de la escuela, Fuentes fue la primera autoridad del m\u00e1ximo cargo ministerial que acompa\u00f1\u00f3 a la instituci\u00f3n educativa en 62 a\u00f1os en una ceremonia de este tipo.<\/p>\n<p>\u201cLa promesa la hacemos hoy, pero todos los d\u00edas, nosotros los adultos y ustedes los peque\u00f1os, tenemos muchas tareas que hacer y que hacen a la patria; porque la patria somos todos. Los grandes cumpliendo con la funci\u00f3n que nos han dado, ustedes acompa\u00f1ando cada tarea que les dan sus se\u00f1os, haciendo los deberes, port\u00e1ndose bien, recogiendo ese papel del piso que por ah\u00ed nos encontramos. Eso significa ser verdaderos ciudadanos, respetar a nuestra patria y crecer junto a ella\u201d, expres\u00f3 la ministra de Educaci\u00f3n.<\/p>\n<p>\u201cSigamos haciendo de esta patria la mejor, hagamos el mejor San Juan que podamos hacer. Nuestra provincia comenz\u00f3 un cambio y estamos trabajando para eso. Felicitaciones a todos\u201d, indic\u00f3 Fuentes.<\/p>\n<p><a href=\"https:\/\/www.flickr.com\/photos\/gobiernodesanjuan\/54610863846\/in\/album-72177720327071770\">https:\/\/www.flickr.com\/photos\/gobiernodesanjuan\/54610863846\/in\/album-72177720327071770<\/a><\/p>\n<p>En tanto, como parte del homenaje, estudiantes de quinto grado recitaron la poes\u00eda \u201cLos sue\u00f1os de Don Manuel\u201d, evocando el legado del creador de la ense\u00f1a nacional. A su vez, todo el acto fue acompa\u00f1ado por la Banda de M\u00fasica de la Polic\u00eda de San Juan.<\/p>\n<p>La directora de la escuela, Mariela Salinas, expres\u00f3: \u201cTengan presente lo que Manuel Belgrano dijo: Mucho me falta para ser un verdadero padre de la patria, me contentar\u00eda con ser un buen hijo de ella. Entonces, cada d\u00eda y con sus acciones, ustedes deber\u00e1n ir forj\u00e1ndose como verdaderos hijos de la patria, con buenos valores\u201d.<\/p>\n<p><a href=\"https:\/\/www.flickr.com\/photos\/gobiernodesanjuan\/54611061684\/in\/album-72177720327071770\/\">https:\/\/www.flickr.com\/photos\/gobiernodesanjuan\/54611061684\/in\/album-72177720327071770\/<\/a><\/p>\n<p>\u201cLa comunidad educativa de la escuela Perito Francisco Moreno vive una jornada profundamente emotiva e hist\u00f3rica. Despu\u00e9s de 62 a\u00f1os tenemos el inmenso honor de contar con la visita de la ministra de Educaci\u00f3n\u201d, destac\u00f3 por su parte la vicedirectora, Adriana Fuentes.<\/p>\n<p>Luego de la promesa a la Bandera, la celebraci\u00f3n continu\u00f3 con el desfile de los alumnos ante padres y p\u00fablico presente en la plaza de Trinidad. Adem\u00e1s, los estudiantes interpretaron la canci\u00f3n \u201cLa viajera\u201d y recibieron sus respectivos diplomas recordatorios de la ceremonia.<\/p>\n<\/p><\/div>\n<p><script async defer crossorigin=\"anonymous\" src=\"https:\/\/connect.facebook.net\/es_ES\/sdk.js#xfbml=1&#038;version=v3.3\"><\/script><\/p>\n","protected":false},"excerpt":{"rendered":"<p>En una jornada cargada de sentido patri\u00f3tico y de poes\u00eda, 38 estudiantes de los cuartos grados A y B de la escuela Perito Francisco Moreno realizaron su promesa de lealtad a la Bandera Argentina. El acto se hizo en la plaza de Trinidad y fue encabezado por la ministra de Educaci\u00f3n, Silvia Fuentes. De acuerdo [&hellip;]<\/p>\n","protected":false},"author":2,"featured_media":176387,"comment_status":"closed","ping_status":"closed","sticky":false,"template":"","format":"standard","meta":{"footnotes":""},"categories":[27],"tags":[],"class_list":["post-176386","post","type-post","status-publish","format-standard","has-post-thumbnail","hentry","category-san-juan"],"_links":{"self":[{"href":"https:\/\/radioacuariofm.com.ar\/index.php?rest_route=\/wp\/v2\/posts\/176386","targetHints":{"allow":["GET"]}}],"collection":[{"href":"https:\/\/radioacuariofm.com.ar\/index.php?rest_route=\/wp\/v2\/posts"}],"about":[{"href":"https:\/\/radioacuariofm.com.ar\/index.php?rest_route=\/wp\/v2\/types\/post"}],"author":[{"embeddable":true,"href":"https:\/\/radioacuariofm.com.ar\/index.php?rest_route=\/wp\/v2\/users\/2"}],"replies":[{"embeddable":true,"href":"https:\/\/radioacuariofm.com.ar\/index.php?rest_route=%2Fwp%2Fv2%2Fcomments&post=176386"}],"version-history":[{"count":1,"href":"https:\/\/radioacuariofm.com.ar\/index.php?rest_route=\/wp\/v2\/posts\/176386\/revisions"}],"predecessor-version":[{"id":176388,"href":"https:\/\/radioacuariofm.com.ar\/index.php?rest_route=\/wp\/v2\/posts\/176386\/revisions\/176388"}],"wp:featuredmedia":[{"embeddable":true,"href":"https:\/\/radioacuariofm.com.ar\/index.php?rest_route=\/wp\/v2\/media\/176387"}],"wp:attachment":[{"href":"https:\/\/radioacuariofm.com.ar\/index.php?rest_route=%2Fwp%2Fv2%2Fmedia&parent=176386"}],"wp:term":[{"taxonomy":"category","embeddable":true,"href":"https:\/\/radioacuariofm.com.ar\/index.php?rest_route=%2Fwp%2Fv2%2Fcategories&post=176386"},{"taxonomy":"post_tag","embeddable":true,"href":"https:\/\/radioacuariofm.com.ar\/index.php?rest_route=%2Fwp%2Fv2%2Ftags&post=176386"}],"curies":[{"name":"wp","href":"https:\/\/api.w.org\/{rel}","templated":true}]}}