{"id":176179,"date":"2025-06-23T22:11:47","date_gmt":"2025-06-24T01:11:47","guid":{"rendered":"https:\/\/radioacuariofm.com.ar\/?p=176179"},"modified":"2025-06-23T22:11:49","modified_gmt":"2025-06-24T01:11:49","slug":"un-turista-quiso-sacarse-una-selfie-en-un-museo-italiano-y-rompio-una-pintura-del-siglo-xviii","status":"publish","type":"post","link":"https:\/\/radioacuariofm.com.ar\/?p=176179","title":{"rendered":"Un turista quiso sacarse una selfie en un museo italiano y rompi\u00f3 una pintura del siglo XVIII"},"content":{"rendered":"<p> <br \/>\n<\/p>\n<div>\n<p class=\"com-paragraph  --capital --s\">Luego de la imprudencia de un turista que <a href=\"https:\/\/www.lanacion.com.ar\/el-mundo\/el-museo-de-verona-demando-al-hombre-que-se-sento-en-la-silla-de-van-gogh-para-sacarse-una-foto-y-la-nid16062025\/\" target=\"_self\" title=\"https:\/\/www.lanacion.com.ar\/el-mundo\/el-museo-de-verona-demando-al-hombre-que-se-sento-en-la-silla-de-van-gogh-para-sacarse-una-foto-y-la-nid16062025\/\" class=\"com-link\" data-mrf-recirculation=\"n_link_parrafo\">la semana pasada rompi\u00f3 la silla de <strong>Vincent van Gogh<\/strong><\/a> expuesta en un museo de Verona, este fin de semana se conoci\u00f3 un nuevo episodio de descuido: <strong>otro hombre da\u00f1\u00f3 significativamente una obra de arte de finales del siglo XVIII al intentar sacarse una <\/strong><em><strong>selfie<\/strong><\/em>. El hecho sucedi\u00f3 en la <strong>Galer\u00eda de los Uffizi<\/strong>, en Florencia, Italia. A pesar de que provoc\u00f3 una ola de repudio, los responsables del complejo destacaron que podr\u00e1n reparar la pintura.<\/p>\n<p class=\"com-paragraph   --s\">El incidente ocurri\u00f3 el s\u00e1bado 21 de junio y el video captado por las c\u00e1maras de seguridad se volvi\u00f3 r\u00e1pidamente viral en las redes sociales. La obra afectada fue el retrato de <strong>Ferdinando de Medici<\/strong>, pintado por Anton Domenico Gabbiani. Tradicionalmente exhibido en el Palazzo Pitti, el cuadro hab\u00eda sido trasladado a la prestigiosa Galer\u00eda de los Uffizi en el marco del evento <em><strong>Florencia y Europa. Arte del siglo XVIII en los Uffizi<\/strong><\/em><em>.<\/em><\/p>\n<div class=\"content-media cursor-pointer\">\n<section class=\"mod-media ratio-16-9\">\n<figure class=\"mod-video\">\n<div class=\"video-player bg-black ratio-16-9\">\n<div id=\"facade-Y2ou26XZ\" class=\"content-facade-jw relative bg-black ratio-16-9\"><picture><source media=\"(max-width: 767px)\" srcset=\"https:\/\/resizer.glanacion.com\/resizer\/v2\/https%3A%2F%2Fcdn.jwplayer.com%2Fv2%2Fmedia%2FY2ou26XZ%2Fposter.jpg%3Fwidth%3D720?auth=d83607941a9f1b10305575a5b0c2ce506a02bc537d2aa5359976d0566b6dbe50&amp;width=480&amp;quality=70&amp;smart=false\"\/><\/picture><\/div>\n<\/div><figcaption class=\"border border-1 border-bottom border-light-300 bg-white relative px-16 py-8 min-h-36 w-100_md px-0_l mb-8\"><span class=\"text ln-text text-16 block\">As\u00ed romp\u00eda el turista la obra de arte expuesta en la Galer\u00eda de los Uffizi<\/span><\/figcaption><\/figure>\n<\/section>\n<\/div>\n<p class=\"com-paragraph   --s\">En el registro audiovisual que difundieron los medios italianos, se observa a un hombre acerc\u00e1ndose a la obra -antes de tomarse una foto en modo <em>selfie-<\/em>, y luego apoyarse sobre el marco inferior, lo que provoc\u00f3 una rotura en el lienzo. Tras cometer el acto, el turista intent\u00f3 disimular lo sucedido, pero el da\u00f1o ya estaba hecho: <strong>la bota del personaje retratado qued\u00f3 completamente deteriorada<\/strong>.<\/p>\n<p class=\"com-paragraph   --s\">Seg\u00fan el informe de la administraci\u00f3n de los Uffizi, citado por el <a href=\"https:\/\/corrierefiorentino.corriere.it\/notizie\/cronaca\/25_giugno_22\/firenze-un-turista-inciampa-e-sfonda-l-opera-del-700-ll-diettore-verde-giro-di-vite-sui-selfie-dentro-agli-uffizi-1b2a5584-d2f2-4e3e-a81a-9cf85493axlk.shtml?refresh_ce\" rel=\"nofollow\" target=\"_blank\" title=\"https:\/\/corrierefiorentino.corriere.it\/notizie\/cronaca\/25_giugno_22\/firenze-un-turista-inciampa-e-sfonda-l-opera-del-700-ll-diettore-verde-giro-di-vite-sui-selfie-dentro-agli-uffizi-1b2a5584-d2f2-4e3e-a81a-9cf85493axlk.shtml?refresh_ce\" class=\"com-link\" data-mrf-recirculation=\"n_link_parrafo\"><em>Corriere Fiorentino<\/em><\/a>, en una primera impresi\u00f3n, <strong>el hombre habr\u00eda resbalado justo antes de la foto<\/strong>. De todas maneras, fue denunciado ante la Polic\u00eda y ahora <strong>pesa sobre \u00e9l una posible condena penal y el pago de una indemnizaci\u00f3n<\/strong>.<\/p>\n<div class=\"content-media\">\n<section role=\"button\" class=\"mod-media   \">\n<figure role=\"button\" class=\"mod-figure \"><figcaption class=\"mod-figcaption\"><span class=\"com-text --caption --twoxs\">As\u00ed qued\u00f3 da\u00f1ada la bota ilustrada del retrato de Ferdinando de M\u00e9dici<\/span><span class=\"com-text --credit --twoxs\">(Fuente: TG1)<\/span><\/figcaption><\/figure>\n<\/section>\n<\/div>\n<p class=\"com-paragraph   --s\">El retrato representa a Fernando de M\u00e9dici,<strong> Gran Pr\u00edncipe de Toscana<\/strong>, y formaba parte de los atractivos m\u00e1s destacados del museo vinculado a la antigua familia gobernante de Florencia durante el Renacimiento. La obra, <strong>fechada en 1712, hab\u00eda sido colocada en los Uffizi en noviembre del a\u00f1o pasado<\/strong> y permanecer\u00e1 all\u00ed hasta el oto\u00f1o italiano, cuando regresar\u00e1 a su ubicaci\u00f3n original en el Palacio Pitti.<\/p>\n<p class=\"com-paragraph   --s\">Una segunda versi\u00f3n del hecho, basada en la voz de testigos y en las im\u00e1genes de las c\u00e1maras, sugiere que el turista se habr\u00eda apoyado de forma deliberada. Adem\u00e1s, no se observa ning\u00fan dispositivo en sus manos, <strong>lo que alimenta la sospecha de que le habr\u00eda entregado la c\u00e1mara a una mujer que se encontraba frente a \u00e9l<\/strong>. Sea o no una acci\u00f3n intencional, las autoridades del museo ya identificaron al responsable, incluyendo su nombre completo y nacionalidad, aunque decidieron no divulgar esa informaci\u00f3n p\u00fablicamente para preservar su privacidad.<\/p>\n<p class=\"com-paragraph   --s\">Curiosamente, <strong>el suceso coincidi\u00f3 con la visita del ministro de Cultura, Alessandro Giuli<\/strong>, a Florencia, con motivo de la finalizaci\u00f3n de las obras de restauraci\u00f3n en edificios hist\u00f3ricos, realizadas con una gr\u00faa que hab\u00eda dominado el paisaje urbano durante casi veinte a\u00f1os.<\/p>\n<div class=\"content-media\">\n<section role=\"button\" class=\"mod-media   \">\n<figure role=\"button\" class=\"mod-figure \"><figcaption class=\"mod-figcaption\"><span class=\"com-text --caption --twoxs\">El turista fue identificado y denunciado por la Galer\u00eda de los Uffizi<\/span><span class=\"com-text --credit --twoxs\">(Fuente: TG1)<\/span><\/figcaption><\/figure>\n<\/section>\n<\/div>\n<p class=\"com-paragraph   --s\">Seg\u00fan confirm\u00f3 el sitio <a href=\"https:\/\/www.firenzetoday.it\/cronaca\/danneggiata-opera-uffizi-selfie-gran-principe-ferdinando-mostra-700.html\" rel=\"nofollow\" target=\"_blank\" title=\"https:\/\/www.firenzetoday.it\/cronaca\/danneggiata-opera-uffizi-selfie-gran-principe-ferdinando-mostra-700.html\" class=\"com-link\" data-mrf-recirculation=\"n_link_parrafo\"><em>Firenzetoday<\/em><\/a>, la pintura fue entregada al equipo de restauradores y se espera que vuelva a exhibirse en los pr\u00f3ximos d\u00edas, aunque esta vez <strong>se implementar\u00e1n mayores controles y medidas de cuidado para los visitantes<\/strong>.<\/p>\n<p class=\"com-paragraph   --s\">\u201cUn turista que quiere hacer un meme frente a un cuadro, imit\u00e1ndolo en una pose como la del Pr\u00edncipe de M\u00e9dici retratado, golpea la superficie de la obra\u201d, coment\u00f3 Simone Verde, director de las Galer\u00edas, al <em>Corriere Fiorentino<\/em>. \u201cEl problema de los <strong>visitantes que vienen a los museos a hacer memes o <\/strong><em><strong>selfies <\/strong><\/em><strong>para las redes sociales es desenfrenado<\/strong>. Estableceremos l\u00edmites muy precisos, impidiendo comportamientos que no sean compatibles con el sentido de nuestras instituciones y el respeto por el patrimonio cultural\u201d, a\u00f1adi\u00f3.<\/p>\n<section class=\"container-center-100 mb-40\"\/>\n<hr class=\"border border-bottom border-thin border-neutral-light-700 mb-32\"\/><\/div>\n\n","protected":false},"excerpt":{"rendered":"<p>Luego de la imprudencia de un turista que la semana pasada rompi\u00f3 la silla de Vincent van Gogh expuesta en un museo de Verona, este fin de semana se conoci\u00f3 un nuevo episodio de descuido: otro hombre da\u00f1\u00f3 significativamente una obra de arte de finales del siglo XVIII al intentar sacarse una selfie. El hecho [&hellip;]<\/p>\n","protected":false},"author":2,"featured_media":176180,"comment_status":"closed","ping_status":"closed","sticky":false,"template":"","format":"standard","meta":{"footnotes":""},"categories":[1],"tags":[],"class_list":["post-176179","post","type-post","status-publish","format-standard","has-post-thumbnail","hentry","category-uncategorized"],"_links":{"self":[{"href":"https:\/\/radioacuariofm.com.ar\/index.php?rest_route=\/wp\/v2\/posts\/176179","targetHints":{"allow":["GET"]}}],"collection":[{"href":"https:\/\/radioacuariofm.com.ar\/index.php?rest_route=\/wp\/v2\/posts"}],"about":[{"href":"https:\/\/radioacuariofm.com.ar\/index.php?rest_route=\/wp\/v2\/types\/post"}],"author":[{"embeddable":true,"href":"https:\/\/radioacuariofm.com.ar\/index.php?rest_route=\/wp\/v2\/users\/2"}],"replies":[{"embeddable":true,"href":"https:\/\/radioacuariofm.com.ar\/index.php?rest_route=%2Fwp%2Fv2%2Fcomments&post=176179"}],"version-history":[{"count":1,"href":"https:\/\/radioacuariofm.com.ar\/index.php?rest_route=\/wp\/v2\/posts\/176179\/revisions"}],"predecessor-version":[{"id":176181,"href":"https:\/\/radioacuariofm.com.ar\/index.php?rest_route=\/wp\/v2\/posts\/176179\/revisions\/176181"}],"wp:featuredmedia":[{"embeddable":true,"href":"https:\/\/radioacuariofm.com.ar\/index.php?rest_route=\/wp\/v2\/media\/176180"}],"wp:attachment":[{"href":"https:\/\/radioacuariofm.com.ar\/index.php?rest_route=%2Fwp%2Fv2%2Fmedia&parent=176179"}],"wp:term":[{"taxonomy":"category","embeddable":true,"href":"https:\/\/radioacuariofm.com.ar\/index.php?rest_route=%2Fwp%2Fv2%2Fcategories&post=176179"},{"taxonomy":"post_tag","embeddable":true,"href":"https:\/\/radioacuariofm.com.ar\/index.php?rest_route=%2Fwp%2Fv2%2Ftags&post=176179"}],"curies":[{"name":"wp","href":"https:\/\/api.w.org\/{rel}","templated":true}]}}