{"id":175393,"date":"2025-06-21T16:19:59","date_gmt":"2025-06-21T19:19:59","guid":{"rendered":"https:\/\/radioacuariofm.com.ar\/?p=175393"},"modified":"2025-06-21T16:20:03","modified_gmt":"2025-06-21T19:20:03","slug":"quien-era-juan-pablo-jimenez-el-economista-que-encontraron-muerto-en-su-departamento-2","status":"publish","type":"post","link":"https:\/\/radioacuariofm.com.ar\/?p=175393","title":{"rendered":"Qui\u00e9n era Juan Pablo Jim\u00e9nez, el economista que encontraron muerto en su departamento"},"content":{"rendered":"<p><img decoding=\"async\" src=\"https:\/\/radioacuariofm.com.ar\/wp-content\/uploads\/2025\/06\/encontraron-muerto-a-un-docente-en-su-NBV7L5U5XFC43IVYPT37C526IU-2.jpg\"\/>  <\/p>\n<p>La <strong>muerte de Juan Pablo Jim\u00e9nez <\/strong>sorprendi\u00f3 al \u00e1mbito econ\u00f3mico y acad\u00e9mico. Con una vasta trayectoria en el estudio de las finanzas p\u00fablicas de Am\u00e9rica Latina, el economista y docente fue encontrado sin vida a los 61 a\u00f1os en su departamento del barrio de Palermo. Hasta el momento, la Justicia investiga un <strong>presunto homicidio. <\/strong><\/p>\n<p><strong>\u201cCon inmensa tristeza comunicamos el fallecimiento de Juan Pablo Jim\u00e9nez,<\/strong> referente fundamental de nuestra organizaci\u00f3n y motor incansable de cada proyecto, cada idea y cada paso que dimos en este camino colectivo. Juan Pablo no solo fue un l\u00edder comprometido<strong>, sino tambi\u00e9n un ser humano generoso, inspirador y profundamente dedicado a la construcci\u00f3n de una sociedad m\u00e1s justa, a trav\u00e9s de su rigurosidad acad\u00e9mica. <\/strong>Acompa\u00f1amos con todo nuestro afecto a su familia, amistades y seres queridos en este doloroso momento\u201d, public\u00f3 en su perfil de Facebook la <strong>Asociaci\u00f3n Iberoamericana de Financiaci\u00f3n Local (Aifil)<\/strong><\/p>\n<p><strong>Jim\u00e9nez era vicepresidente del Aifil, <\/strong>una asociaci\u00f3n sin \u00e1nimo de lucro de car\u00e1cter cient\u00edfico y acad\u00e9mico dedicada a fomentar el estudio, la investigaci\u00f3n, la comunicaci\u00f3n y el intercambio de conocimientos y proyectos en materias de Gesti\u00f3n P\u00fablica y Financiaci\u00f3n de las Administraciones Locales. Tambi\u00e9n era <strong>profesor de Finanzas P\u00fablicas<\/strong> de la Facultad Latinoamericana de Ciencias Sociales (Flacso), e <strong>investigador del proyecto Extractivism.de <\/strong>de la Universidad de Kassel. <\/p>\n<p>A lo largo de su trayectoria profesional, lleg\u00f3 a ser<strong> exdirector de la Oficina de la Comisi\u00f3n Econ\u00f3mica para Am\u00e9rica Latina y el Caribe (Cepal) <\/strong>de Uruguay y coordinador del \u00e1rea fiscal de Cepal en Santiago de Chile. Tambi\u00e9n fue profesor e investigador visitante de la Universidad de <strong>Columbia<\/strong>, Universidad de <strong>Torino<\/strong>, la Universidad Libre de <strong>Berl\u00edn<\/strong>, la Universidad de <strong>Santiago de Compostela,<\/strong> la Universidad de <strong>Kassel <\/strong>yla Universidad de <strong>La Habana. <\/strong><\/p>\n<p>Tambi\u00e9n era consultor de numerosas organizaciones internacionales, como el <strong>Banco Interamericano de Desarrollo<\/strong> (BID), el <strong>Fondo Monetario Internacional<\/strong> (FMI), <strong>Unicef<\/strong>, la <strong>Sociedad Alemana de Cooperaci\u00f3n Internacional <\/strong>(GIZ), el <strong>Banco Mundial<\/strong> (BM), el<strong> Centro Interamericano de Administraciones Tributarias <\/strong>(CIT), y la <strong>CAF<\/strong>. Hasta pas\u00f3 por la administraci\u00f3n p\u00fablica, y lleg\u00f3 a trabajar en el <strong>Ministerio de Econom\u00eda y el Congreso de la Naci\u00f3n. <\/strong><\/p>\n<p>\u201cCon profundo dolor, despedimos a Juan Pablo Jim\u00e9nez, investigador asociado de @CIPPEC y destacado economista.<strong> Referente acad\u00e9mico en desarrollo, pol\u00edtica fiscal, econom\u00eda p\u00fablica y finanzas, su aporte riguroso y su pasi\u00f3n por la equidad y el progreso dejar\u00e1n una huella imborrable. <\/strong>Acompa\u00f1amos en este momento a su familia, amigos y colegas\u201d, expresaron desde Cippec.<\/p>\n<p><strong>Jim\u00e9nez era licenciado en econom\u00eda de la Universidad de Buenos Aires (UBA),<\/strong> sum\u00f3 un m\u00e1ster en Pol\u00edticas P\u00fablicas de la Universidad de Columbia (Estados Unidos) y un m\u00e1ster en Econom\u00eda del Instituto Di Tella. A su vez, public\u00f3 numerosos libros, art\u00edculos y publicaciones sobre desarrollo econ\u00f3mico, pol\u00edtica fiscal, tributaci\u00f3n, pol\u00edticas sociales, desigualdad, federalismo fiscal y descentralizaci\u00f3n. <\/p>\n<p><strong>El economista fue encontrado muerto ayer en su departamento del s\u00e9ptimo piso de un edificio en Palermo.<\/strong> Una remera blanca le tapaba la boca. Personal de la Polic\u00eda de la Ciudad y personal m\u00e9dico de emergencias ingresaron en el inmueble ante la preocupaci\u00f3n de una empleada dom\u00e9stica y el encargado del edificio por la falta de respuesta de Jim\u00e9nez ante los insistentes llamados.<\/p>\n<p>La sospecha de los investigadores, seg\u00fan public\u00f3 <strong>LA NACION<\/strong>, es que detr\u00e1s de la muerte de Jim\u00e9nez podr\u00eda estar una \u201cviuda negra\u201d, <strong>modalidad delictiva protagonizada por mujeres que duermen con somn\u00edferos a sus v\u00edctimas para sustraerles dinero y otros objetos de valor. <\/strong> \u201cEl an\u00e1lisis toxicol\u00f3gico podr\u00eda ser la clave para develar qu\u00e9 provoc\u00f3 la muerte de Jim\u00e9nez\u201d, agregaron las fuentes consultadas.<\/p>\n<p>La entrada Qui\u00e9n era Juan Pablo Jim\u00e9nez, el economista que encontraron muerto en su departamento se public\u00f3 primero en DIARIO DIGITAL MORENO MEDIOS.<\/p>\n","protected":false},"excerpt":{"rendered":"<p>La muerte de Juan Pablo Jim\u00e9nez sorprendi\u00f3 al \u00e1mbito econ\u00f3mico y acad\u00e9mico. Con una vasta trayectoria en el estudio de las finanzas p\u00fablicas de Am\u00e9rica Latina, el economista y docente fue encontrado sin vida a los 61 a\u00f1os en su departamento del barrio de Palermo. Hasta el momento, la Justicia investiga un presunto homicidio.<br \/>\n \u201cCon inmensa tristeza comunicamos el fallecimiento de Juan Pablo Jim\u00e9nez, referente fundamental de nuestra organizaci\u00f3n y motor incansable de cada proyecto, cada idea y cada paso que dimos en este camino colectivo. Juan Pablo no solo fue un l\u00edder comprometido, sino tambi\u00e9n un ser humano generoso, inspirador y profundamente dedicado a la construcci\u00f3n de una sociedad m\u00e1s justa, a trav\u00e9s de su rigurosidad acad\u00e9mica. Acompa\u00f1amos con todo nuestro afecto a su familia, amistades y seres queridos en este doloroso momento\u201d, public\u00f3 en su perfil de Facebook la Asociaci\u00f3n Iberoamericana de Financiaci\u00f3n Local (Aifil)<br \/>\n Jim\u00e9nez era vicepresidente del Aifil, una asociaci\u00f3n sin ..<\/p>\n","protected":false},"author":2,"featured_media":175394,"comment_status":"closed","ping_status":"closed","sticky":false,"template":"","format":"standard","meta":{"footnotes":""},"categories":[28],"tags":[],"class_list":["post-175393","post","type-post","status-publish","format-standard","has-post-thumbnail","hentry","category-economia"],"_links":{"self":[{"href":"https:\/\/radioacuariofm.com.ar\/index.php?rest_route=\/wp\/v2\/posts\/175393","targetHints":{"allow":["GET"]}}],"collection":[{"href":"https:\/\/radioacuariofm.com.ar\/index.php?rest_route=\/wp\/v2\/posts"}],"about":[{"href":"https:\/\/radioacuariofm.com.ar\/index.php?rest_route=\/wp\/v2\/types\/post"}],"author":[{"embeddable":true,"href":"https:\/\/radioacuariofm.com.ar\/index.php?rest_route=\/wp\/v2\/users\/2"}],"replies":[{"embeddable":true,"href":"https:\/\/radioacuariofm.com.ar\/index.php?rest_route=%2Fwp%2Fv2%2Fcomments&post=175393"}],"version-history":[{"count":1,"href":"https:\/\/radioacuariofm.com.ar\/index.php?rest_route=\/wp\/v2\/posts\/175393\/revisions"}],"predecessor-version":[{"id":175396,"href":"https:\/\/radioacuariofm.com.ar\/index.php?rest_route=\/wp\/v2\/posts\/175393\/revisions\/175396"}],"wp:featuredmedia":[{"embeddable":true,"href":"https:\/\/radioacuariofm.com.ar\/index.php?rest_route=\/wp\/v2\/media\/175394"}],"wp:attachment":[{"href":"https:\/\/radioacuariofm.com.ar\/index.php?rest_route=%2Fwp%2Fv2%2Fmedia&parent=175393"}],"wp:term":[{"taxonomy":"category","embeddable":true,"href":"https:\/\/radioacuariofm.com.ar\/index.php?rest_route=%2Fwp%2Fv2%2Fcategories&post=175393"},{"taxonomy":"post_tag","embeddable":true,"href":"https:\/\/radioacuariofm.com.ar\/index.php?rest_route=%2Fwp%2Fv2%2Ftags&post=175393"}],"curies":[{"name":"wp","href":"https:\/\/api.w.org\/{rel}","templated":true}]}}