{"id":169411,"date":"2025-06-04T12:11:29","date_gmt":"2025-06-04T15:11:29","guid":{"rendered":"https:\/\/radioacuariofm.com.ar\/?p=169411"},"modified":"2025-06-04T12:11:32","modified_gmt":"2025-06-04T15:11:32","slug":"valle-fertil-inauguro-el-primer-destacamento-de-bomberos-voluntarios-en-astica-2","status":"publish","type":"post","link":"https:\/\/radioacuariofm.com.ar\/?p=169411","title":{"rendered":"Valle F\u00e9rtil inaugur\u00f3 el primer destacamento de Bomberos Voluntarios en Astica"},"content":{"rendered":"<p><img decoding=\"async\" src=\"https:\/\/radioacuariofm.com.ar\/wp-content\/uploads\/2025\/06\/85930f339d62dbfdbdaa44985c6f9a53_L-2.jpg\"\/>  <\/p>\n<p>En el marco del D\u00eda Nacional del Bombero Voluntario, la comunidad de Astica, en el departamento de Valle F\u00e9rtil, celebr\u00f3 la inauguraci\u00f3n del Destacamento N\u00b0 1 de Bomberos Voluntarios. Este acontecimiento representa un avance significativo en la infraestructura de seguridad de la regi\u00f3n y responde a una demanda hist\u00f3rica de sus habitantes.<\/p>\n<p>La ceremonia, cont\u00f3 con la presencia del intendente Mario Riveros, quien destac\u00f3 la importancia de este nuevo cuartel para fortalecer la capacidad de respuesta ante emergencias en la zona. El jefe del destacamento, Roberto Maimone, expres\u00f3 su agradecimiento por el apoyo recibido y subray\u00f3 el compromiso de los bomberos voluntarios con la comunidad.<\/p>\n<p>Por su parte, el director de Protecci\u00f3n Civil, Carlos Heredia; particip\u00f3 la actividad y resalt\u00f3 que \u201cacompa\u00f1amos este accionar que es en beneficio de la seguridad p\u00fablica y que viene a reforzar la protecci\u00f3n contra incendios en el lugar\u201d. \u201cEl destacamento tiene una dotaci\u00f3n de 15 bomberos voluntarios con una camioneta de acci\u00f3n r\u00e1pida y con equipos y materiales para incendios forestales\u201d coment\u00f3 Heredia.<\/p>\n<p>El nuevo destacamento est\u00e1 equipado para atender diversas situaciones de emergencia, incluyendo incendios forestales, rescates y asistencia. Con esta inauguraci\u00f3n, se refuerza el compromiso del Gobierno con la seguridad y el bienestar de sus ciudadanos, con la intenci\u00f3n de brindar una respuesta m\u00e1s eficiente y oportuna ante cualquier eventualidad.<\/p>\n<p>La entrada Valle F\u00e9rtil inaugur\u00f3 el primer destacamento de Bomberos Voluntarios en Astica se public\u00f3 primero en DIARIO DIGITAL MORENO MEDIOS.<\/p>\n","protected":false},"excerpt":{"rendered":"<p>En el marco del D\u00eda Nacional del Bombero Voluntario, la comunidad de Astica, en el departamento de Valle F\u00e9rtil, celebr\u00f3 la inauguraci\u00f3n del Destacamento N\u00b0 1 de Bomberos Voluntarios. Este acontecimiento representa un avance significativo en la infraestructura de seguridad de la regi\u00f3n y responde a una demanda hist\u00f3rica de sus habitantes. La ceremonia, cont\u00f3 [&hellip;]<\/p>\n","protected":false},"author":2,"featured_media":169412,"comment_status":"closed","ping_status":"closed","sticky":false,"template":"","format":"standard","meta":{"footnotes":""},"categories":[27],"tags":[],"class_list":["post-169411","post","type-post","status-publish","format-standard","has-post-thumbnail","hentry","category-san-juan"],"_links":{"self":[{"href":"https:\/\/radioacuariofm.com.ar\/index.php?rest_route=\/wp\/v2\/posts\/169411","targetHints":{"allow":["GET"]}}],"collection":[{"href":"https:\/\/radioacuariofm.com.ar\/index.php?rest_route=\/wp\/v2\/posts"}],"about":[{"href":"https:\/\/radioacuariofm.com.ar\/index.php?rest_route=\/wp\/v2\/types\/post"}],"author":[{"embeddable":true,"href":"https:\/\/radioacuariofm.com.ar\/index.php?rest_route=\/wp\/v2\/users\/2"}],"replies":[{"embeddable":true,"href":"https:\/\/radioacuariofm.com.ar\/index.php?rest_route=%2Fwp%2Fv2%2Fcomments&post=169411"}],"version-history":[{"count":1,"href":"https:\/\/radioacuariofm.com.ar\/index.php?rest_route=\/wp\/v2\/posts\/169411\/revisions"}],"predecessor-version":[{"id":169414,"href":"https:\/\/radioacuariofm.com.ar\/index.php?rest_route=\/wp\/v2\/posts\/169411\/revisions\/169414"}],"wp:featuredmedia":[{"embeddable":true,"href":"https:\/\/radioacuariofm.com.ar\/index.php?rest_route=\/wp\/v2\/media\/169412"}],"wp:attachment":[{"href":"https:\/\/radioacuariofm.com.ar\/index.php?rest_route=%2Fwp%2Fv2%2Fmedia&parent=169411"}],"wp:term":[{"taxonomy":"category","embeddable":true,"href":"https:\/\/radioacuariofm.com.ar\/index.php?rest_route=%2Fwp%2Fv2%2Fcategories&post=169411"},{"taxonomy":"post_tag","embeddable":true,"href":"https:\/\/radioacuariofm.com.ar\/index.php?rest_route=%2Fwp%2Fv2%2Ftags&post=169411"}],"curies":[{"name":"wp","href":"https:\/\/api.w.org\/{rel}","templated":true}]}}