{"id":168837,"date":"2025-06-03T01:20:40","date_gmt":"2025-06-03T04:20:40","guid":{"rendered":"https:\/\/radioacuariofm.com.ar\/?p=168837"},"modified":"2025-06-03T01:20:44","modified_gmt":"2025-06-03T04:20:44","slug":"una-linea-de-subte-en-chile-unira-el-aeropuerto-de-santiago-con-la-ciudad-en-media-hora-2","status":"publish","type":"post","link":"https:\/\/radioacuariofm.com.ar\/?p=168837","title":{"rendered":"Una l\u00ednea de subte en Chile unir\u00e1 el aeropuerto de Santiago con la ciudad en media hora"},"content":{"rendered":"<p><img decoding=\"async\" src=\"https:\/\/radioacuariofm.com.ar\/wp-content\/uploads\/2025\/06\/aeropuerto-internacional-arturo-merino-LJO2KDCZIBAW7OVIBXL5DZUUMM-2.jpg\"\/><\/p>\n<p><\/p>\n<p>SANTIAGO, Chile.- En el marco de su \u00faltimo discurso presidencial conocido como Cuenta P\u00fablica, el presidente de Chile, <strong>Gabriel Boric, anunci\u00f3 este domingo la presentaci\u00f3n de un proyecto para que el metro de Santiago llegue hasta el aeropuerto internacional <\/strong>Arturo Merino Ben\u00edtez, un hito para mejorar la conexi\u00f3n de la puerta de acceso de millones de turistas -entre ellos, muchos argentinos- con la capital chilena. <\/p>\n<p>La extensi\u00f3n de la red, fijada para 2032, se trata de <strong>6,5 kil\u00f3metros subterr\u00e1neos <\/strong>con trenes ligeros de \u00faltima generaci\u00f3n.<\/p>\n<p>\u201cEsto pondr\u00e1 a nuestro pa\u00eds y nuestra capital a la altura de <strong>las grandes ciudades del mundo. <\/strong>Vamos a ser <strong>los primeros de Sudam\u00e9rica en contar con una conexi\u00f3n directa v\u00eda metro con el aeropuerto<\/strong>\u201d, agreg\u00f3.<\/p>\n<figure><figcaption>El presidente de Chile, Gabriel Boric, observa mientras se retira despu\u00e9s de su mensaje anual \u201cEstado de la Naci\u00f3n\u201d al pa\u00eds en el Congreso Nacional en Valpara\u00edso, Chile, el 1 de junio de 2025FRANCESCO DEGASPERI  \u2013 AFP <\/figcaption><\/figure>\n<p>A pesar de la rimbombante declaraci\u00f3n, <strong>Santiago ser\u00eda en rigor la primera capital que conecta el aeropuerto con el centro de la ciudad, <\/strong>pero no Chile el primer pa\u00eds, ya que Aeropuerto Internacional de S\u00e3o Paulo-Guarulhos de Brasil tiene conexi\u00f3n con la L\u00ednea 13-Jade desde 2023 de forma constante.<\/p>\n<p>Un d\u00eda despu\u00e9s de la noticia, el mandatario comparti\u00f3 un video en sus redes sociales que muestra im\u00e1genes ilustrativas de c\u00f3mo ser\u00eda este nuevo Metro.<\/p>\n<p>\u201cCon mucho orgulloles presento c\u00f3mo ser\u00e1 la nueva l\u00ednea del Metro de Santiago que anunci\u00e9 ayer (domingo) en la Cuenta P\u00fablica y que conectar\u00e1 el Aeropuerto Arturo Merino Ben\u00edtez con el resto de la ciudad\u201d, se\u00f1al\u00f3 Boric en una publicaci\u00f3n.<\/p>\n<p>En las im\u00e1genes compartidas por el presidente de izquierda no s\u00f3lo se puede apreciar c\u00f3mo ser\u00e1n los vagones, sino que tambi\u00e9n se muestran los accesos de los trenes a la terminal a\u00e9rea.<\/p>\n<p><strong>\u201cAcceder al aeropuerto ser\u00e1 m\u00e1s f\u00e1cil, m\u00e1s r\u00e1pido y m\u00e1s sustentable\u201c, <\/strong>se se\u00f1ala en el video compartido por el jefe de Estado. \u201cCon 6,5 kil\u00f3metros subterr\u00e1neos y trenes ligeros de \u00faltima generaci\u00f3n, el nuevo ramal unir\u00e1 la estaci\u00f3n L\u00ednea 7 ubicada en Huel\u00e9n con Mapocho con el Aeropuerto Arturo Merino Ben\u00edtez en s\u00f3lo siete minutos\u201c, agreg\u00f3.<\/p>\n<p>Finalmente, Boric destac\u00f3 el proyecto como \u201cuna soluci\u00f3n moderna, accesible y eficiente, que<strong> reducir\u00e1 hasta un 60% los tiempos de viaje<\/strong> desde puntos claves de la ciudad\u201d. Un viaje en transporte p\u00fablico <strong>desde el centro de la capital bajar\u00e1 de 84 a 30 minutos.<\/strong><\/p>\n<p>Con una inversi\u00f3n de<strong> 365 millones de d\u00f3lares<\/strong>, la futura L\u00ednea A \u201cposicionar\u00e1 a Santiago de Chile a la altura de ciudades como Nueva York, Atlanta, Estocolmo, Londres o \u00c1msterdam\u201d indic\u00f3 el presidente.<\/p>\n<p>\u201cLa L\u00ednea A de Metro ser\u00e1 sin\u00f3nimo de modernidad, porque nos posicionar\u00e1 a nivel internacional en un pelda\u00f1o distinto, con un transporte p\u00fablico sostenible, eficiente y confiable directo a nuestro principal aeropuerto. Ser\u00e1 la llave para esa puerta que nos lleva hacia otros destinos, no s\u00f3lo dentro de Chile, sino del mundo\u201d, afirm\u00f3 Juan Caros Mu\u00f1oz, ministro de Transporte y Telecomunicaciones.<\/p>\n<p>El costo del boleto, que <strong>rondar\u00e1 los 3 d\u00f3lares, <\/strong>ser\u00e1 utilizado para financiar las operaciones de la nueva l\u00ednea, ya que no se destinar\u00e1n recursos del Estado para su funcionamiento.<\/p>\n<p>El gobierno de Chile afirm\u00f3 que el aeropuerto de Santiago registr\u00f3 un r\u00e9cord de pasajeros: 25,8 millones, un 13% m\u00e1s que en 2023. Seg\u00fan el comunicado difundido, \u201cLas proyecciones estiman que cerca de <strong>9,5 millones de pasajeros utilizar\u00e1n la nueva L\u00ednea A<\/strong>\u201d.<\/p>\n<p>Boric anunci\u00f3 tambi\u00e9n el plan que <strong>ampliar\u00e1 y mejorar\u00e1 el aeropuerto <\/strong>de Santiago, que para 2050 \u201ccontar\u00e1 con un plan de infraestructura que le permitir\u00e1 recibir el triple de movimiento actual, una capacidad para 84 millones de pasajeros al a\u00f1o y 125 operaciones por hora\u201d.<\/p>\n<p><strong>Agencia ANSA<\/strong><\/p>\n<p>La entrada Una l\u00ednea de subte en Chile unir\u00e1 el aeropuerto de Santiago con la ciudad en media hora se public\u00f3 primero en DIARIO DIGITAL MORENO MEDIOS.<\/p>\n","protected":false},"excerpt":{"rendered":"<p>SANTIAGO, Chile.- En el marco de su \u00faltimo discurso presidencial conocido como Cuenta P\u00fablica, el presidente de Chile, Gabriel Boric, anunci\u00f3 este domingo la presentaci\u00f3n de un proyecto para que el metro de Santiago llegue hasta el aeropuerto internacional Arturo Merino Ben\u00edtez, un hito para mejorar la conexi\u00f3n de la puerta de acceso de millones [&hellip;]<\/p>\n","protected":false},"author":2,"featured_media":168838,"comment_status":"closed","ping_status":"closed","sticky":false,"template":"","format":"standard","meta":{"footnotes":""},"categories":[33],"tags":[],"class_list":["post-168837","post","type-post","status-publish","format-standard","has-post-thumbnail","hentry","category-el-mundo"],"_links":{"self":[{"href":"https:\/\/radioacuariofm.com.ar\/index.php?rest_route=\/wp\/v2\/posts\/168837","targetHints":{"allow":["GET"]}}],"collection":[{"href":"https:\/\/radioacuariofm.com.ar\/index.php?rest_route=\/wp\/v2\/posts"}],"about":[{"href":"https:\/\/radioacuariofm.com.ar\/index.php?rest_route=\/wp\/v2\/types\/post"}],"author":[{"embeddable":true,"href":"https:\/\/radioacuariofm.com.ar\/index.php?rest_route=\/wp\/v2\/users\/2"}],"replies":[{"embeddable":true,"href":"https:\/\/radioacuariofm.com.ar\/index.php?rest_route=%2Fwp%2Fv2%2Fcomments&post=168837"}],"version-history":[{"count":1,"href":"https:\/\/radioacuariofm.com.ar\/index.php?rest_route=\/wp\/v2\/posts\/168837\/revisions"}],"predecessor-version":[{"id":168840,"href":"https:\/\/radioacuariofm.com.ar\/index.php?rest_route=\/wp\/v2\/posts\/168837\/revisions\/168840"}],"wp:featuredmedia":[{"embeddable":true,"href":"https:\/\/radioacuariofm.com.ar\/index.php?rest_route=\/wp\/v2\/media\/168838"}],"wp:attachment":[{"href":"https:\/\/radioacuariofm.com.ar\/index.php?rest_route=%2Fwp%2Fv2%2Fmedia&parent=168837"}],"wp:term":[{"taxonomy":"category","embeddable":true,"href":"https:\/\/radioacuariofm.com.ar\/index.php?rest_route=%2Fwp%2Fv2%2Fcategories&post=168837"},{"taxonomy":"post_tag","embeddable":true,"href":"https:\/\/radioacuariofm.com.ar\/index.php?rest_route=%2Fwp%2Fv2%2Ftags&post=168837"}],"curies":[{"name":"wp","href":"https:\/\/api.w.org\/{rel}","templated":true}]}}