{"id":168833,"date":"2025-06-03T01:20:36","date_gmt":"2025-06-03T04:20:36","guid":{"rendered":"https:\/\/radioacuariofm.com.ar\/?p=168833"},"modified":"2025-06-03T01:20:39","modified_gmt":"2025-06-03T04:20:39","slug":"con-altisima-aprobacion-bukele-defiende-el-regimen-de-excepcion-y-responde-a-las-acusaciones-de-dictador-2","status":"publish","type":"post","link":"https:\/\/radioacuariofm.com.ar\/?p=168833","title":{"rendered":"Con alt\u00edsima aprobaci\u00f3n, Bukele defiende el r\u00e9gimen de excepci\u00f3n y responde a las acusaciones de \u201cdictador\u201d"},"content":{"rendered":"<p><img decoding=\"async\" src=\"https:\/\/radioacuariofm.com.ar\/wp-content\/uploads\/2025\/06\/el-presidente-de-el-salvador-nayib-bukele-llega-GAHBRVRQAFEXJFBFP4CFNAOVDE-2.jpg\"\/><\/p>\n<p><\/p>\n<p>SAN SALVADOR.- El presidente de El Salvador, <strong>Nayib Bukele<\/strong>, defendi\u00f3 que se mantenga en el pa\u00eds el <strong>r\u00e9gimen de excepci\u00f3n con motivo de la violencia de las pandillas<\/strong>, establecido en marzo de 2022, y que ha permitido m\u00e1s de 86.000 detenciones, rest\u00e1ndole importancia a las cr\u00edticas de organizaciones defensoras de los derechos humanos.<\/p>\n<p>\u201c<strong>\u00bfSabe qu\u00e9? Me tiene sin cuidado que me llamen dictador<\/strong>.Prefiero que me llamen dictador a ver c\u00f3mo matan a los salvadore\u00f1os en las calles o recibir reportes de cu\u00e1ntos muertos llevamos al d\u00eda\u201d, declar\u00f3 ayer en un discurso a la naci\u00f3n pronunciado en el Teatro Nacional, desde donde asegur\u00f3 que aunque \u201cgriten\u201d que liberen a los detenidos <strong>no los va a \u201cliberar ya ni nunca\u201d<\/strong>.<\/p>\n<figure><figcaption>El presidente de El Salvador, Nayib Bukele, y su esposa, Gabriela Rodr\u00edguez, salen del Teatro Nacional tras pronunciar su discurso de primer a\u00f1o en San Salvador el 1 de junio de 2025.MARVIN RECINOS  \u2013 AFP <\/figcaption><\/figure>\n<p>En esa misma l\u00ednea, lament\u00f3 que algunos cr\u00edticos hayan considerado que su gobierno ha dado seguridad a costa de la democracia: \u201c\u00bfQu\u00e9 es lo que quieren? \u00bfQue eliminemos el r\u00e9gimen de excepci\u00f3n para que la comunidad internacional diga: qu\u00e9 bien, miren Bukele, ya quit\u00f3 el r\u00e9gimen? <strong>\u00bfQuieren que tomemos decisiones para que afuera no me cataloguen como dictador aunque eso signifique que nuestro pa\u00eds sea invivible?\u201d<\/strong>.<\/p>\n<p>Organizaciones civiles han acusado a Bukele de violaciones de derechos humanos desde el Estado, detenciones arbitrarias y persecuci\u00f3n de activistas.<\/p>\n<p>Los t\u00e9rminos \u201cdemocracia, institucionalidad, transparencia, derechos humanos, Estado de derecho, suenan bien\u201d y \u201cson grandes ideales en realidad, <strong>pero son t\u00e9rminos que solo se usan para tenernos sometidos<\/strong>\u201d, manifest\u00f3 Bukele.<\/p>\n<p>Durante su intervenci\u00f3n, adem\u00e1s de justificar el r\u00e9gimen de excepci\u00f3n, apoy\u00f3 la<strong> ley de agentes extranjeros<\/strong> que incluye un impuesto del 30% a las ONG que reciban donaciones desde el extranjero \u2013 una normativa que sus cr\u00edticos afirman que es una \u201cherramienta de control y censura\u201d-, y atac\u00f3 <strong>tanto a las organizaciones de derechos humanos como a los medios de comunicaci\u00f3n.<\/strong><\/p>\n<p>\u201cTristemente somos testigos de c\u00f3mo pa\u00edses hermanos nuestros todav\u00eda creen en estos organismos internacionales, todav\u00eda creen en estos tratados que supuestamente son para ayudarnos a nuestros derechos humanos y algunos pol\u00edticos de la regi\u00f3n lamentablemente se prestan a este juego\u201d, a\u00f1adi\u00f3 el mandatario.<\/p>\n<p>Bukele, que se encuentra en su sexto a\u00f1o de mandato en contra de lo estipulado en la Constituci\u00f3n, dijo que <strong>\u201clos medios tradicionales despliegan activistas disfrazados de periodistas para difundir mentiras\u201d<\/strong>, criticando que \u201ca eso le llamen libertad de prensa\u201d.<\/p>\n<p>\u201cCongresistas extranjeros vienen a tocar las puertas de las c\u00e1rceles a exigir que liberemos delincuentes, \u00bfcon qu\u00e9 derecho se sienten?\u201d, cuestion\u00f3.<\/p>\n<figure><figcaption>Partidarios del presidente de El Salvador, Nayib Bukele, esperan su discurso de primer a\u00f1o frente al Teatro Nacional en San Salvador el 1 de junio de 2025.MARVIN RECINOS  \u2013 AFP <\/figcaption><\/figure>\n<p>Despu\u00e9s de que el pa\u00eds registrara 87 homicidios en tan solo un fin de semana de 2022, Bukele anunci\u00f3 un r\u00e9gimen de excepci\u00f3n que suspende<strong> los derechos a la libertad de asociaci\u00f3n y la privacidad de las comunicaciones, as\u00ed como varias garant\u00edas al debido proceso<\/strong>, lo que ya ha generado cr\u00edticas de organizaciones defensoras de los derechos humanos.<\/p>\n<p>Aunque la popularidad de Bukele ya era dominante por el desgaste de sus oponentes, esta se consolid\u00f3 con la introducci\u00f3n del r\u00e9gimen de excepci\u00f3n, una bandera de su estrategia de seguridad y disminuci\u00f3n de la violencia.<\/p>\n<p>Nueve de cada 10 salvadore\u00f1os aprueba el r\u00e9gimen de excepci\u00f3n. Seg\u00fan una encuesta realizada por el medio salvadore\u00f1o<em> La Prensa Gr\u00e1fica,<\/em><strong>el 90,8% de la poblaci\u00f3n califica positivamente su gesti\u00f3n en el \u00e1rea de seguridad<\/strong>, mientras que<strong> la popularidad del presidente se ubica en un 85,2%<\/strong>, una ca\u00edda de 7,3 puntos con respecto al cierre de su primer mandato, aunque sigue siendo alta.<\/p>\n<figure><figcaption>Simpatizantes rodean el Teatro Nacional mientras el presidente de El Salvador, Nayib Bukele, pronuncia su discurso anual ante el Congreso en San Salvador, El Salvador, el domingo 1 de junio de 2025.Salvador Melendez  \u2013 AP <\/figcaption><\/figure>\n<p>En sus tres a\u00f1os de implementaci\u00f3n han sido detenidos<strong> m\u00e1s de 86.400 supuestos miembros de pandillas<\/strong> y personas supuestamente ligadas a estos grupos criminales.<\/p>\n<p>Sin embargo, en ese periodo las organizaciones defensoras de los derechos humanos han registrado<strong> casi 6900 denuncias de abusos a los derechos humanos<\/strong> en las c\u00e1rceles, que van desde golpes, maltrato y crueldad hasta abuso sexual.<\/p>\n<p>Socorro Jur\u00eddico Humanitario document\u00f3 <strong>la muerte de 416 personas en custodia <\/strong>de las autoridades, entre ellas 25 mujeres y cuatro beb\u00e9s que se enfermaron en los penales. El organismo a\u00f1adi\u00f3 que el 94% de los fallecidos no ten\u00edan perfil de pandilleros.<\/p>\n<p>Pese a que la Constituci\u00f3n lo proh\u00edbe,<strong> Bukele logr\u00f3 presentarse a la reelecci\u00f3n<\/strong> despu\u00e9s de que la Corte Suprema de Justicia -repleta de jueces seleccionados por los aliados del mandatario en el Congreso- dictamin\u00f3 en 2021 que \u00e9l pod\u00eda buscar su segundo mandato.<\/p>\n<p><strong>Agencias DPA, ANSA y AP<\/strong><\/p>\n<p>La entrada Con alt\u00edsima aprobaci\u00f3n, Bukele defiende el r\u00e9gimen de excepci\u00f3n y responde a las acusaciones de \u201cdictador\u201d se public\u00f3 primero en DIARIO DIGITAL MORENO MEDIOS.<\/p>\n","protected":false},"excerpt":{"rendered":"<p>SAN SALVADOR.- El presidente de El Salvador, Nayib Bukele, defendi\u00f3 que se mantenga en el pa\u00eds el r\u00e9gimen de excepci\u00f3n con motivo de la violencia de las pandillas, establecido en marzo de 2022, y que ha permitido m\u00e1s de 86.000 detenciones, rest\u00e1ndole importancia a las cr\u00edticas de organizaciones defensoras de los derechos humanos. \u201c\u00bfSabe qu\u00e9? [&hellip;]<\/p>\n","protected":false},"author":2,"featured_media":168834,"comment_status":"closed","ping_status":"closed","sticky":false,"template":"","format":"standard","meta":{"footnotes":""},"categories":[33],"tags":[],"class_list":["post-168833","post","type-post","status-publish","format-standard","has-post-thumbnail","hentry","category-el-mundo"],"_links":{"self":[{"href":"https:\/\/radioacuariofm.com.ar\/index.php?rest_route=\/wp\/v2\/posts\/168833","targetHints":{"allow":["GET"]}}],"collection":[{"href":"https:\/\/radioacuariofm.com.ar\/index.php?rest_route=\/wp\/v2\/posts"}],"about":[{"href":"https:\/\/radioacuariofm.com.ar\/index.php?rest_route=\/wp\/v2\/types\/post"}],"author":[{"embeddable":true,"href":"https:\/\/radioacuariofm.com.ar\/index.php?rest_route=\/wp\/v2\/users\/2"}],"replies":[{"embeddable":true,"href":"https:\/\/radioacuariofm.com.ar\/index.php?rest_route=%2Fwp%2Fv2%2Fcomments&post=168833"}],"version-history":[{"count":1,"href":"https:\/\/radioacuariofm.com.ar\/index.php?rest_route=\/wp\/v2\/posts\/168833\/revisions"}],"predecessor-version":[{"id":168836,"href":"https:\/\/radioacuariofm.com.ar\/index.php?rest_route=\/wp\/v2\/posts\/168833\/revisions\/168836"}],"wp:featuredmedia":[{"embeddable":true,"href":"https:\/\/radioacuariofm.com.ar\/index.php?rest_route=\/wp\/v2\/media\/168834"}],"wp:attachment":[{"href":"https:\/\/radioacuariofm.com.ar\/index.php?rest_route=%2Fwp%2Fv2%2Fmedia&parent=168833"}],"wp:term":[{"taxonomy":"category","embeddable":true,"href":"https:\/\/radioacuariofm.com.ar\/index.php?rest_route=%2Fwp%2Fv2%2Fcategories&post=168833"},{"taxonomy":"post_tag","embeddable":true,"href":"https:\/\/radioacuariofm.com.ar\/index.php?rest_route=%2Fwp%2Fv2%2Ftags&post=168833"}],"curies":[{"name":"wp","href":"https:\/\/api.w.org\/{rel}","templated":true}]}}